{"id":917,"date":"2016-12-08T21:30:11","date_gmt":"2016-12-08T20:30:11","guid":{"rendered":"http:\/\/www.bambergorthodox.de\/?p=917"},"modified":"2017-01-26T11:40:00","modified_gmt":"2017-01-26T10:40:00","slug":"weihnachtskonzert","status":"publish","type":"post","link":"https:\/\/www.bambergorthodox.de\/?p=917","title":{"rendered":"Concert de Colinde"},"content":{"rendered":"<a  href=\"https:\/\/www.bambergorthodox.de\/wp-content\/uploads\/2016\/12\/Nasterea-Domnului-1.jpg\" data-rel=\"lightbox-gallery-0\" data-rl_title=\"\" data-rl_caption=\"\" title=\"\"><img loading=\"lazy\" decoding=\"async\" class=\"size-medium wp-image-911 alignleft\" src=\"https:\/\/www.bambergorthodox.de\/wp-content\/uploads\/2016\/12\/Nasterea-Domnului-1-300x217.jpg\" alt=\"\" width=\"300\" height=\"217\" srcset=\"https:\/\/www.bambergorthodox.de\/wp-content\/uploads\/2016\/12\/Nasterea-Domnului-1-300x217.jpg 300w, https:\/\/www.bambergorthodox.de\/wp-content\/uploads\/2016\/12\/Nasterea-Domnului-1-768x556.jpg 768w, https:\/\/www.bambergorthodox.de\/wp-content\/uploads\/2016\/12\/Nasterea-Domnului-1-1024x741.jpg 1024w, https:\/\/www.bambergorthodox.de\/wp-content\/uploads\/2016\/12\/Nasterea-Domnului-1.jpg 1500w\" sizes=\"auto, (max-width: 300px) 100vw, 300px\" \/><\/a>Corul Sfin\u021bii Martiri Br\u00e2ncoveni al Catedralei mitropolitane din N\u00fcrnberg.<\/p>\n<p>Dirijor: Dr. Claudiu P\u0103tra\u0219cu.<\/p>\n<p><strong>S\u00e2mb\u0103t\u0103, 17 decembrie, orele 18.00<\/strong>, \u00een biserica noastr\u0103 Sf\u00e2ntul Ioan Botez\u0103torul din Bamberg.<\/p>\n<p>Intrarea liber\u0103. Dona\u021biile sunt binevenite.<\/p>\n<p>Detalii: <a href=\"https:\/\/www.bambergorthodox.de\/wp-content\/uploads\/2016\/12\/Concert-Bamberg-.pdf\">Concert Bamberg<\/a> sau <a href=\"http:\/\/www.kultur.bamberg.de\/_plaza\/kuba.neo?veranstaltungid=279234\">www.kultur.bamberg.de<\/a>","protected":false},"excerpt":{"rendered":"<p>Corul Sfin\u021bii Martiri Br\u00e2ncoveni al Catedralei mitropolitane din N\u00fcrnberg. Dirijor: Dr. Claudiu P\u0103tra\u0219cu. S\u00e2mb\u0103t\u0103, 17 decembrie, orele 18.00, \u00een biserica noastr\u0103 Sf\u00e2ntul Ioan Botez\u0103torul din Bamberg. Intrarea liber\u0103. Dona\u021biile sunt binevenite. Detalii: Concert Bamberg sau www.kultur.bamberg.de<\/p>\n","protected":false},"author":1,"featured_media":0,"comment_status":"open","ping_status":"open","sticky":false,"template":"","format":"standard","meta":{"jetpack_post_was_ever_published":false,"_jetpack_newsletter_access":"","_jetpack_dont_email_post_to_subs":false,"_jetpack_newsletter_tier_id":0,"_jetpack_memberships_contains_paywalled_content":false,"_jetpack_memberships_contains_paid_content":false,"footnotes":"","jetpack_publicize_message":"","jetpack_publicize_feature_enabled":true,"jetpack_social_post_already_shared":false,"jetpack_social_options":{"image_generator_settings":{"template":"highway","default_image_id":0,"font":"","enabled":false},"version":2}},"categories":[5],"tags":[],"class_list":["post-917","post","type-post","status-publish","format-standard","hentry","category-text_menue"],"jetpack_publicize_connections":[],"jetpack_featured_media_url":"","jetpack_sharing_enabled":true,"jetpack_shortlink":"https:\/\/wp.me\/p93ZOd-eN","_links":{"self":[{"href":"https:\/\/www.bambergorthodox.de\/index.php?rest_route=\/wp\/v2\/posts\/917","targetHints":{"allow":["GET"]}}],"collection":[{"href":"https:\/\/www.bambergorthodox.de\/index.php?rest_route=\/wp\/v2\/posts"}],"about":[{"href":"https:\/\/www.bambergorthodox.de\/index.php?rest_route=\/wp\/v2\/types\/post"}],"author":[{"embeddable":true,"href":"https:\/\/www.bambergorthodox.de\/index.php?rest_route=\/wp\/v2\/users\/1"}],"replies":[{"embeddable":true,"href":"https:\/\/www.bambergorthodox.de\/index.php?rest_route=%2Fwp%2Fv2%2Fcomments&post=917"}],"version-history":[{"count":3,"href":"https:\/\/www.bambergorthodox.de\/index.php?rest_route=\/wp\/v2\/posts\/917\/revisions"}],"predecessor-version":[{"id":920,"href":"https:\/\/www.bambergorthodox.de\/index.php?rest_route=\/wp\/v2\/posts\/917\/revisions\/920"}],"wp:attachment":[{"href":"https:\/\/www.bambergorthodox.de\/index.php?rest_route=%2Fwp%2Fv2%2Fmedia&parent=917"}],"wp:term":[{"taxonomy":"category","embeddable":true,"href":"https:\/\/www.bambergorthodox.de\/index.php?rest_route=%2Fwp%2Fv2%2Fcategories&post=917"},{"taxonomy":"post_tag","embeddable":true,"href":"https:\/\/www.bambergorthodox.de\/index.php?rest_route=%2Fwp%2Fv2%2Ftags&post=917"}],"curies":[{"name":"wp","href":"https:\/\/api.w.org\/{rel}","templated":true}]}}