{"id":8625,"date":"2025-12-19T14:48:40","date_gmt":"2025-12-19T13:48:40","guid":{"rendered":"https:\/\/www.bambergorthodox.de\/?p=8625"},"modified":"2026-02-19T14:51:48","modified_gmt":"2026-02-19T13:51:48","slug":"bucurie-intreita-scoala-parohiala","status":"publish","type":"post","link":"https:\/\/www.bambergorthodox.de\/?p=8625","title":{"rendered":"Bucurie \u00eentreit\u0103 | \u0218coala parohial\u0103"},"content":{"rendered":"<p style=\"font-weight: 400;\"><a  href=\"https:\/\/www.bambergorthodox.de\/wp-content\/uploads\/2026\/02\/7ce7f6a2-7dcf-41e7-9da1-ed2e0e622012.jpg\" data-rel=\"lightbox-gallery-1\" data-rl_title=\"\" data-rl_caption=\"\" title=\"\"><img loading=\"lazy\" decoding=\"async\" class=\"size-medium wp-image-8628 alignleft\" src=\"https:\/\/www.bambergorthodox.de\/wp-content\/uploads\/2026\/02\/7ce7f6a2-7dcf-41e7-9da1-ed2e0e622012-300x225.jpg\" alt=\"\" width=\"300\" height=\"225\" srcset=\"https:\/\/www.bambergorthodox.de\/wp-content\/uploads\/2026\/02\/7ce7f6a2-7dcf-41e7-9da1-ed2e0e622012-300x225.jpg 300w, https:\/\/www.bambergorthodox.de\/wp-content\/uploads\/2026\/02\/7ce7f6a2-7dcf-41e7-9da1-ed2e0e622012-1024x768.jpg 1024w, https:\/\/www.bambergorthodox.de\/wp-content\/uploads\/2026\/02\/7ce7f6a2-7dcf-41e7-9da1-ed2e0e622012-768x576.jpg 768w, https:\/\/www.bambergorthodox.de\/wp-content\/uploads\/2026\/02\/7ce7f6a2-7dcf-41e7-9da1-ed2e0e622012-1536x1152.jpg 1536w, https:\/\/www.bambergorthodox.de\/wp-content\/uploads\/2026\/02\/7ce7f6a2-7dcf-41e7-9da1-ed2e0e622012.jpg 1600w\" sizes=\"auto, (max-width: 300px) 100vw, 300px\" \/><\/a>Ziua de 7 decembrie a fost un triplu prilej de bucurie pentru copiii parohiei noastre: scurt moment artistic de c\u00e2ntece patriotice, venirea lui Mo\u0219 Nicolae \u0219i atelier de pictur\u0103 pe sticl\u0103 cu icoana Sf. Nicolae.<!--more--><\/p>\n<p style=\"font-weight: 400;\">La sf\u00e2r\u0219itul Sf. Liturghii copiii au c\u00e2ntat imnul na\u021bional \u0219i alte c\u00e2ntece patriotice\u00a0 cu ocazia zilei Rom\u00e2niei, despre care discutaser\u0103 la ultima lec\u021bie a \u0219colii parohiale. \u00cen \u00eencheiere au fost r\u0103spl\u0103ti\u021bi cu daruri de c\u0103tre Mo\u0219 Nicolae, care ne-a vizitat \u0219i anul acesta spre \u00eenc\u00e2ntarea celor mici \u0219i nu numai. Dup\u0103 ce copiii au f\u0103cut \u0219i c\u00e2teva fotografii cu Mo\u0219ul \u0219i au servit masa de pr\u00e2nz, ace\u0219tia au petrecut c\u00e2teva ore foarte frumoase pict\u00e2nd cu drag \u0219i concentrare icoane pe sticl\u0103 cu Sf. Nicolae. Icoanele \u00eempodobesc acum casele lor \u0219i le vor aduce mereu aminte de prietenia sfin\u021bilor \u0219i bucuria comuniunii \u00een biserica Domnului.<\/p>\n<div class=\"rl-gallery-container rl-loading\" id=\"rl-gallery-container-1\" data-gallery_id=\"8632\"> <div class=\"rl-gallery rl-basicgrid-gallery \" id=\"rl-gallery-1\" data-gallery_no=\"1\"> <div class=\"rl-gallery-item\"><a href=\"https:\/\/www.bambergorthodox.de\/wp-content\/uploads\/2026\/02\/7ce7f6a2-7dcf-41e7-9da1-ed2e0e622012.jpg\" title=\"\" data-rl_title=\"\" class=\"rl-gallery-link\" data-rl_caption=\"\" data-rel=\"lightbox-gallery-bGlnaHRib3gtZ2FsbGVyeS0x\" data-rl_title=\"\" data-rl_caption=\"\"><img loading=\"lazy\" decoding=\"async\" src=\"https:\/\/www.bambergorthodox.de\/wp-content\/uploads\/2026\/02\/7ce7f6a2-7dcf-41e7-9da1-ed2e0e622012-300x225.jpg\" width=\"300\" height=\"225\" alt=\"\" \/><\/a><\/div><div class=\"rl-gallery-item\"><a href=\"https:\/\/www.bambergorthodox.de\/wp-content\/uploads\/2026\/02\/98ab2e14-51ed-4851-a717-7b9fc748e4d3.jpg\" title=\"\" data-rl_title=\"\" class=\"rl-gallery-link\" data-rl_caption=\"\" data-rel=\"lightbox-gallery-bGlnaHRib3gtZ2FsbGVyeS0x\" data-rl_title=\"\" data-rl_caption=\"\"><img loading=\"lazy\" decoding=\"async\" src=\"https:\/\/www.bambergorthodox.de\/wp-content\/uploads\/2026\/02\/98ab2e14-51ed-4851-a717-7b9fc748e4d3-300x225.jpg\" width=\"300\" height=\"225\" alt=\"\" \/><\/a><\/div><div class=\"rl-gallery-item\"><a href=\"https:\/\/www.bambergorthodox.de\/wp-content\/uploads\/2026\/02\/5effb0e8-d58c-4bc3-928b-95e8e0f8a572.jpg\" title=\"\" data-rl_title=\"\" class=\"rl-gallery-link\" data-rl_caption=\"\" data-rel=\"lightbox-gallery-bGlnaHRib3gtZ2FsbGVyeS0x\" data-rl_title=\"\" data-rl_caption=\"\"><img loading=\"lazy\" decoding=\"async\" src=\"https:\/\/www.bambergorthodox.de\/wp-content\/uploads\/2026\/02\/5effb0e8-d58c-4bc3-928b-95e8e0f8a572-300x135.jpg\" width=\"300\" height=\"135\" alt=\"\" \/><\/a><\/div><div class=\"rl-gallery-item\"><a href=\"https:\/\/www.bambergorthodox.de\/wp-content\/uploads\/2026\/02\/573dc84e-cace-4310-b38d-744eca04fb30.jpg\" title=\"\" data-rl_title=\"\" class=\"rl-gallery-link\" data-rl_caption=\"\" data-rel=\"lightbox-gallery-bGlnaHRib3gtZ2FsbGVyeS0x\" data-rl_title=\"\" data-rl_caption=\"\"><img loading=\"lazy\" decoding=\"async\" src=\"https:\/\/www.bambergorthodox.de\/wp-content\/uploads\/2026\/02\/573dc84e-cace-4310-b38d-744eca04fb30-300x135.jpg\" width=\"300\" height=\"135\" alt=\"\" \/><\/a><\/div><div class=\"rl-gallery-item\"><a href=\"https:\/\/www.bambergorthodox.de\/wp-content\/uploads\/2026\/02\/d6346ed9-ddd7-44da-9e27-3266ee2926e0.jpg\" title=\"\" data-rl_title=\"\" class=\"rl-gallery-link\" data-rl_caption=\"\" data-rel=\"lightbox-gallery-bGlnaHRib3gtZ2FsbGVyeS0x\" data-rl_title=\"\" data-rl_caption=\"\"><img loading=\"lazy\" decoding=\"async\" src=\"https:\/\/www.bambergorthodox.de\/wp-content\/uploads\/2026\/02\/d6346ed9-ddd7-44da-9e27-3266ee2926e0-300x135.jpg\" width=\"300\" height=\"135\" alt=\"\" \/><\/a><\/div> <\/div> <\/div>","protected":false},"excerpt":{"rendered":"<p>Ziua de 7 decembrie a fost un triplu prilej de bucurie pentru copiii parohiei noastre: scurt moment artistic de c\u00e2ntece patriotice, venirea lui Mo\u0219 Nicolae \u0219i atelier de pictur\u0103 pe sticl\u0103 cu icoana Sf. Nicolae.<\/p>\n","protected":false},"author":1,"featured_media":0,"comment_status":"closed","ping_status":"open","sticky":false,"template":"","format":"standard","meta":{"jetpack_post_was_ever_published":false,"_jetpack_newsletter_access":"","_jetpack_dont_email_post_to_subs":false,"_jetpack_newsletter_tier_id":0,"_jetpack_memberships_contains_paywalled_content":false,"_jetpack_memberships_contains_paid_content":false,"footnotes":"","jetpack_publicize_message":"","jetpack_publicize_feature_enabled":true,"jetpack_social_post_already_shared":true,"jetpack_social_options":{"image_generator_settings":{"template":"highway","default_image_id":0,"font":"","enabled":false},"version":2}},"categories":[5],"tags":[],"class_list":["post-8625","post","type-post","status-publish","format-standard","hentry","category-text_menue"],"jetpack_publicize_connections":[],"jetpack_featured_media_url":"","jetpack_sharing_enabled":true,"jetpack_shortlink":"https:\/\/wp.me\/p93ZOd-2f7","_links":{"self":[{"href":"https:\/\/www.bambergorthodox.de\/index.php?rest_route=\/wp\/v2\/posts\/8625","targetHints":{"allow":["GET"]}}],"collection":[{"href":"https:\/\/www.bambergorthodox.de\/index.php?rest_route=\/wp\/v2\/posts"}],"about":[{"href":"https:\/\/www.bambergorthodox.de\/index.php?rest_route=\/wp\/v2\/types\/post"}],"author":[{"embeddable":true,"href":"https:\/\/www.bambergorthodox.de\/index.php?rest_route=\/wp\/v2\/users\/1"}],"replies":[{"embeddable":true,"href":"https:\/\/www.bambergorthodox.de\/index.php?rest_route=%2Fwp%2Fv2%2Fcomments&post=8625"}],"version-history":[{"count":2,"href":"https:\/\/www.bambergorthodox.de\/index.php?rest_route=\/wp\/v2\/posts\/8625\/revisions"}],"predecessor-version":[{"id":8633,"href":"https:\/\/www.bambergorthodox.de\/index.php?rest_route=\/wp\/v2\/posts\/8625\/revisions\/8633"}],"wp:attachment":[{"href":"https:\/\/www.bambergorthodox.de\/index.php?rest_route=%2Fwp%2Fv2%2Fmedia&parent=8625"}],"wp:term":[{"taxonomy":"category","embeddable":true,"href":"https:\/\/www.bambergorthodox.de\/index.php?rest_route=%2Fwp%2Fv2%2Fcategories&post=8625"},{"taxonomy":"post_tag","embeddable":true,"href":"https:\/\/www.bambergorthodox.de\/index.php?rest_route=%2Fwp%2Fv2%2Ftags&post=8625"}],"curies":[{"name":"wp","href":"https:\/\/api.w.org\/{rel}","templated":true}]}}