{"id":8607,"date":"2026-01-13T11:09:28","date_gmt":"2026-01-13T10:09:28","guid":{"rendered":"https:\/\/www.bambergorthodox.de\/?p=8607"},"modified":"2026-01-13T11:26:26","modified_gmt":"2026-01-13T10:26:26","slug":"un-nou-slujitor-in-parohie-hirotonie-de-diacon","status":"publish","type":"post","link":"https:\/\/www.bambergorthodox.de\/?p=8607","title":{"rendered":"Un nou slujitor \u00een parohie | Hirotonie de diacon"},"content":{"rendered":"<a  href=\"https:\/\/www.bambergorthodox.de\/wp-content\/uploads\/2026\/01\/93696872-dc99-4e49-9bdf-fca811838320-1.jpeg\" data-rel=\"lightbox-gallery-1\" data-rl_title=\"\" data-rl_caption=\"\" title=\"\"><img loading=\"lazy\" decoding=\"async\" class=\"size-medium wp-image-8611 alignleft\" src=\"https:\/\/www.bambergorthodox.de\/wp-content\/uploads\/2026\/01\/93696872-dc99-4e49-9bdf-fca811838320-1-300x225.jpeg\" alt=\"\" width=\"300\" height=\"225\" srcset=\"https:\/\/www.bambergorthodox.de\/wp-content\/uploads\/2026\/01\/93696872-dc99-4e49-9bdf-fca811838320-1-300x225.jpeg 300w, https:\/\/www.bambergorthodox.de\/wp-content\/uploads\/2026\/01\/93696872-dc99-4e49-9bdf-fca811838320-1-1024x768.jpeg 1024w, https:\/\/www.bambergorthodox.de\/wp-content\/uploads\/2026\/01\/93696872-dc99-4e49-9bdf-fca811838320-1-768x576.jpeg 768w, https:\/\/www.bambergorthodox.de\/wp-content\/uploads\/2026\/01\/93696872-dc99-4e49-9bdf-fca811838320-1-1536x1152.jpeg 1536w, https:\/\/www.bambergorthodox.de\/wp-content\/uploads\/2026\/01\/93696872-dc99-4e49-9bdf-fca811838320-1.jpeg 1600w\" sizes=\"auto, (max-width: 300px) 100vw, 300px\" \/><\/a>\u00cen duminica dinaintea Botezului Domnului, P\u0103rintele Mitropolit Serafim (\u00eempreun\u0103 cu p\u0103rintele diacon Dumitru Dura) s-a aflat \u00een mijlocul parohiei noastre slujind Sf\u00e2nta Liturghie arhiereasc\u0103 \u0219i hirotonind, la momentul potrivit, pe t\u00e2n\u0103rul ipodiacon Richard-Osvaldo Nechita \u00eentru diacon. Pentru to\u021bi credincio\u0219ii parohiei noastre a fost un moment de tr\u0103ire duhovniceasc\u0103 profund\u0103, mul\u021bi dintre ace\u0219tia particip\u00e2nd pentru prima dat\u0103 la o Sf\u00e2nt\u0103 Liturghie cu hirotonie de diacon.<!--more--><\/p>\n<p>Datorit\u0103 nevoilor pastorale cresc\u00e2nde ale credincio\u0219ilor din parohia noastr\u0103, la ini\u021biativa \u0219i recomandarea p\u0103rintelui paroh Ionu\u021b P\u0103un, \u00cenaltpreasfin\u021bitul Serafim a binevoit a-l hirotoni pe acesta \u00eentru diacon, spre intensificarea slujirii liturgice \u0219i spre ajutor \u00een activit\u0103\u021bile misionare ale parohiei.<\/p>\n<div class=\"rl-gallery-container rl-loading\" id=\"rl-gallery-container-1\" data-gallery_id=\"8622\"> <div class=\"rl-gallery rl-basicgrid-gallery \" id=\"rl-gallery-1\" data-gallery_no=\"1\"> <div class=\"rl-gallery-item\"><a href=\"https:\/\/www.bambergorthodox.de\/wp-content\/uploads\/2026\/01\/93696872-dc99-4e49-9bdf-fca811838320-1.jpeg\" title=\"\" data-rl_title=\"\" class=\"rl-gallery-link\" data-rl_caption=\"\" data-rel=\"lightbox-gallery-bGlnaHRib3gtZ2FsbGVyeS0x\" data-rl_title=\"\" data-rl_caption=\"\"><img loading=\"lazy\" decoding=\"async\" src=\"https:\/\/www.bambergorthodox.de\/wp-content\/uploads\/2026\/01\/93696872-dc99-4e49-9bdf-fca811838320-1-300x225.jpeg\" width=\"300\" height=\"225\" alt=\"\" \/><\/a><\/div><div class=\"rl-gallery-item\"><a href=\"https:\/\/www.bambergorthodox.de\/wp-content\/uploads\/2026\/01\/328be2de-ba65-41da-9c3d-da84340fee47.jpeg\" title=\"\" data-rl_title=\"\" class=\"rl-gallery-link\" data-rl_caption=\"\" data-rel=\"lightbox-gallery-bGlnaHRib3gtZ2FsbGVyeS0x\" data-rl_title=\"\" data-rl_caption=\"\"><img loading=\"lazy\" decoding=\"async\" src=\"https:\/\/www.bambergorthodox.de\/wp-content\/uploads\/2026\/01\/328be2de-ba65-41da-9c3d-da84340fee47-225x300.jpeg\" width=\"225\" height=\"300\" alt=\"\" \/><\/a><\/div><div class=\"rl-gallery-item\"><a href=\"https:\/\/www.bambergorthodox.de\/wp-content\/uploads\/2026\/01\/abb50c03-6643-430a-9b2a-b282eb7632d2.jpeg\" title=\"\" data-rl_title=\"\" class=\"rl-gallery-link\" data-rl_caption=\"\" data-rel=\"lightbox-gallery-bGlnaHRib3gtZ2FsbGVyeS0x\" data-rl_title=\"\" data-rl_caption=\"\"><img loading=\"lazy\" decoding=\"async\" src=\"https:\/\/www.bambergorthodox.de\/wp-content\/uploads\/2026\/01\/abb50c03-6643-430a-9b2a-b282eb7632d2-300x225.jpeg\" width=\"300\" height=\"225\" alt=\"\" \/><\/a><\/div><div class=\"rl-gallery-item\"><a href=\"https:\/\/www.bambergorthodox.de\/wp-content\/uploads\/2026\/01\/26f1eeac-c9db-45da-81c6-5ae6e2a82536.jpeg\" title=\"\" data-rl_title=\"\" class=\"rl-gallery-link\" data-rl_caption=\"\" data-rel=\"lightbox-gallery-bGlnaHRib3gtZ2FsbGVyeS0x\" data-rl_title=\"\" data-rl_caption=\"\"><img loading=\"lazy\" decoding=\"async\" src=\"https:\/\/www.bambergorthodox.de\/wp-content\/uploads\/2026\/01\/26f1eeac-c9db-45da-81c6-5ae6e2a82536-300x225.jpeg\" width=\"300\" height=\"225\" alt=\"\" \/><\/a><\/div><div class=\"rl-gallery-item\"><a href=\"https:\/\/www.bambergorthodox.de\/wp-content\/uploads\/2026\/01\/9fb69557-5a9a-4828-a839-b217d747c5b4.jpeg\" title=\"\" data-rl_title=\"\" class=\"rl-gallery-link\" data-rl_caption=\"\" data-rel=\"lightbox-gallery-bGlnaHRib3gtZ2FsbGVyeS0x\" data-rl_title=\"\" data-rl_caption=\"\"><img loading=\"lazy\" decoding=\"async\" src=\"https:\/\/www.bambergorthodox.de\/wp-content\/uploads\/2026\/01\/9fb69557-5a9a-4828-a839-b217d747c5b4-300x169.jpeg\" width=\"300\" height=\"169\" alt=\"\" \/><\/a><\/div><div class=\"rl-gallery-item\"><a href=\"https:\/\/www.bambergorthodox.de\/wp-content\/uploads\/2026\/01\/ab1e57e4-8aa2-4c63-bf4b-29dabad79a42.jpeg\" title=\"\" data-rl_title=\"\" class=\"rl-gallery-link\" data-rl_caption=\"\" data-rel=\"lightbox-gallery-bGlnaHRib3gtZ2FsbGVyeS0x\" data-rl_title=\"\" data-rl_caption=\"\"><img loading=\"lazy\" decoding=\"async\" src=\"https:\/\/www.bambergorthodox.de\/wp-content\/uploads\/2026\/01\/ab1e57e4-8aa2-4c63-bf4b-29dabad79a42-300x169.jpeg\" width=\"300\" height=\"169\" alt=\"\" \/><\/a><\/div><div class=\"rl-gallery-item\"><a href=\"https:\/\/www.bambergorthodox.de\/wp-content\/uploads\/2026\/01\/39814171-d28d-45ff-833f-1a708bcad5ce.jpeg\" title=\"\" data-rl_title=\"\" class=\"rl-gallery-link\" data-rl_caption=\"\" data-rel=\"lightbox-gallery-bGlnaHRib3gtZ2FsbGVyeS0x\" data-rl_title=\"\" data-rl_caption=\"\"><img loading=\"lazy\" decoding=\"async\" src=\"https:\/\/www.bambergorthodox.de\/wp-content\/uploads\/2026\/01\/39814171-d28d-45ff-833f-1a708bcad5ce-225x300.jpeg\" width=\"225\" height=\"300\" alt=\"\" \/><\/a><\/div><div class=\"rl-gallery-item\"><a href=\"https:\/\/www.bambergorthodox.de\/wp-content\/uploads\/2026\/01\/8788fbce-4b9e-4112-9d50-30f20b764662.jpeg\" title=\"\" data-rl_title=\"\" class=\"rl-gallery-link\" data-rl_caption=\"\" data-rel=\"lightbox-gallery-bGlnaHRib3gtZ2FsbGVyeS0x\" data-rl_title=\"\" data-rl_caption=\"\"><img loading=\"lazy\" decoding=\"async\" src=\"https:\/\/www.bambergorthodox.de\/wp-content\/uploads\/2026\/01\/8788fbce-4b9e-4112-9d50-30f20b764662-225x300.jpeg\" width=\"225\" height=\"300\" alt=\"\" \/><\/a><\/div><div class=\"rl-gallery-item\"><a href=\"https:\/\/www.bambergorthodox.de\/wp-content\/uploads\/2026\/01\/dad6df48-102d-440c-8b54-f9d9beca0071.jpeg\" title=\"\" data-rl_title=\"\" class=\"rl-gallery-link\" data-rl_caption=\"\" data-rel=\"lightbox-gallery-bGlnaHRib3gtZ2FsbGVyeS0x\" data-rl_title=\"\" data-rl_caption=\"\"><img loading=\"lazy\" decoding=\"async\" src=\"https:\/\/www.bambergorthodox.de\/wp-content\/uploads\/2026\/01\/dad6df48-102d-440c-8b54-f9d9beca0071-300x225.jpeg\" width=\"300\" height=\"225\" alt=\"\" \/><\/a><\/div> <\/div> <\/div>","protected":false},"excerpt":{"rendered":"<p>\u00cen duminica dinaintea Botezului Domnului, P\u0103rintele Mitropolit Serafim (\u00eempreun\u0103 cu p\u0103rintele diacon Dumitru Dura) s-a aflat \u00een mijlocul parohiei noastre slujind Sf\u00e2nta Liturghie arhiereasc\u0103 \u0219i hirotonind, la momentul potrivit, pe t\u00e2n\u0103rul ipodiacon Richard-Osvaldo Nechita \u00eentru diacon. Pentru to\u021bi credincio\u0219ii parohiei noastre a fost un moment de tr\u0103ire duhovniceasc\u0103 profund\u0103, mul\u021bi dintre ace\u0219tia particip\u00e2nd pentru prima &#8230; <a class=\"read-more\" href=\"https:\/\/www.bambergorthodox.de\/?p=8607\">Read more&#8230;<\/a><\/p>\n","protected":false},"author":1,"featured_media":0,"comment_status":"closed","ping_status":"open","sticky":false,"template":"","format":"standard","meta":{"jetpack_post_was_ever_published":false,"_jetpack_newsletter_access":"","_jetpack_dont_email_post_to_subs":false,"_jetpack_newsletter_tier_id":0,"_jetpack_memberships_contains_paywalled_content":false,"_jetpack_memberships_contains_paid_content":false,"footnotes":"","jetpack_publicize_message":"","jetpack_publicize_feature_enabled":true,"jetpack_social_post_already_shared":true,"jetpack_social_options":{"image_generator_settings":{"template":"highway","default_image_id":0,"font":"","enabled":false},"version":2}},"categories":[5],"tags":[],"class_list":["post-8607","post","type-post","status-publish","format-standard","hentry","category-text_menue"],"jetpack_publicize_connections":[],"jetpack_featured_media_url":"","jetpack_sharing_enabled":true,"jetpack_shortlink":"https:\/\/wp.me\/p93ZOd-2eP","_links":{"self":[{"href":"https:\/\/www.bambergorthodox.de\/index.php?rest_route=\/wp\/v2\/posts\/8607","targetHints":{"allow":["GET"]}}],"collection":[{"href":"https:\/\/www.bambergorthodox.de\/index.php?rest_route=\/wp\/v2\/posts"}],"about":[{"href":"https:\/\/www.bambergorthodox.de\/index.php?rest_route=\/wp\/v2\/types\/post"}],"author":[{"embeddable":true,"href":"https:\/\/www.bambergorthodox.de\/index.php?rest_route=\/wp\/v2\/users\/1"}],"replies":[{"embeddable":true,"href":"https:\/\/www.bambergorthodox.de\/index.php?rest_route=%2Fwp%2Fv2%2Fcomments&post=8607"}],"version-history":[{"count":3,"href":"https:\/\/www.bambergorthodox.de\/index.php?rest_route=\/wp\/v2\/posts\/8607\/revisions"}],"predecessor-version":[{"id":8623,"href":"https:\/\/www.bambergorthodox.de\/index.php?rest_route=\/wp\/v2\/posts\/8607\/revisions\/8623"}],"wp:attachment":[{"href":"https:\/\/www.bambergorthodox.de\/index.php?rest_route=%2Fwp%2Fv2%2Fmedia&parent=8607"}],"wp:term":[{"taxonomy":"category","embeddable":true,"href":"https:\/\/www.bambergorthodox.de\/index.php?rest_route=%2Fwp%2Fv2%2Fcategories&post=8607"},{"taxonomy":"post_tag","embeddable":true,"href":"https:\/\/www.bambergorthodox.de\/index.php?rest_route=%2Fwp%2Fv2%2Ftags&post=8607"}],"curies":[{"name":"wp","href":"https:\/\/api.w.org\/{rel}","templated":true}]}}