{"id":8586,"date":"2025-12-13T10:22:42","date_gmt":"2025-12-13T09:22:42","guid":{"rendered":"https:\/\/www.bambergorthodox.de\/?p=8586"},"modified":"2026-01-13T11:02:58","modified_gmt":"2026-01-13T10:02:58","slug":"corala-solemnis-concert-de-colinde","status":"publish","type":"post","link":"https:\/\/www.bambergorthodox.de\/?p=8586","title":{"rendered":"Corul Solemnis | Sf. Liturghie \u0219i concert de colinde"},"content":{"rendered":"<a  href=\"https:\/\/www.bambergorthodox.de\/wp-content\/uploads\/2026\/01\/105e6b0d-1c87-424a-992b-6b7a147930b0.jpeg\" data-rel=\"lightbox-gallery-1\" data-rl_title=\"\" data-rl_caption=\"\" title=\"\"><img loading=\"lazy\" decoding=\"async\" class=\"size-medium wp-image-8601 alignleft\" src=\"https:\/\/www.bambergorthodox.de\/wp-content\/uploads\/2026\/01\/105e6b0d-1c87-424a-992b-6b7a147930b0-300x225.jpeg\" alt=\"\" width=\"300\" height=\"225\" srcset=\"https:\/\/www.bambergorthodox.de\/wp-content\/uploads\/2026\/01\/105e6b0d-1c87-424a-992b-6b7a147930b0-300x225.jpeg 300w, https:\/\/www.bambergorthodox.de\/wp-content\/uploads\/2026\/01\/105e6b0d-1c87-424a-992b-6b7a147930b0-1024x768.jpeg 1024w, https:\/\/www.bambergorthodox.de\/wp-content\/uploads\/2026\/01\/105e6b0d-1c87-424a-992b-6b7a147930b0-768x576.jpeg 768w, https:\/\/www.bambergorthodox.de\/wp-content\/uploads\/2026\/01\/105e6b0d-1c87-424a-992b-6b7a147930b0-1536x1152.jpeg 1536w, https:\/\/www.bambergorthodox.de\/wp-content\/uploads\/2026\/01\/105e6b0d-1c87-424a-992b-6b7a147930b0.jpeg 1600w\" sizes=\"auto, (max-width: 300px) 100vw, 300px\" \/><\/a>Corul Solemnis al parohiei Delea Nou\u0103-Calist din Bucure\u0219ti a vizitat parohia noastr\u0103 \u00een duminica Sf\u00e2ntului Andrei. Acesta a dat r\u0103spunsurile la Sf\u00e2nta Liturghie, iar la sf\u00e2r\u0219it a sus\u021binut un concert de colinde din repertoriul na\u021bional \u0219i interna\u021bional. Bucuria tr\u0103it\u0103 a fost profund\u0103, iar credincio\u0219ii no\u0219tri \u0219i-au ar\u0103tat recuno\u0219tin\u021ba printr-o invita\u021bie permanent\u0103 \u00een mijlocul parohiei noastre, cu fiecare turneu interna\u021bional pe care corul \u00eel va sus\u021bine anual \u0219i printr-o agap\u0103 fr\u0103\u021beasc\u0103 \u00een sala parohial\u0103.<!--more--><\/p>\n<div class=\"rl-gallery-container rl-loading\" id=\"rl-gallery-container-1\" data-gallery_id=\"8602\"> <div class=\"rl-gallery rl-basicgrid-gallery \" id=\"rl-gallery-1\" data-gallery_no=\"1\"> <div class=\"rl-gallery-item\"><a href=\"https:\/\/www.bambergorthodox.de\/wp-content\/uploads\/2026\/01\/105e6b0d-1c87-424a-992b-6b7a147930b0.jpeg\" title=\"\" data-rl_title=\"\" class=\"rl-gallery-link\" data-rl_caption=\"\" data-rel=\"lightbox-gallery-bGlnaHRib3gtZ2FsbGVyeS0x\" data-rl_title=\"\" data-rl_caption=\"\"><img loading=\"lazy\" decoding=\"async\" src=\"https:\/\/www.bambergorthodox.de\/wp-content\/uploads\/2026\/01\/105e6b0d-1c87-424a-992b-6b7a147930b0-300x225.jpeg\" width=\"300\" height=\"225\" alt=\"\" \/><\/a><\/div><div class=\"rl-gallery-item\"><a href=\"https:\/\/www.bambergorthodox.de\/wp-content\/uploads\/2026\/01\/5e064c2d-b791-4c39-a519-97cb00cb3778.jpeg\" title=\"\" data-rl_title=\"\" class=\"rl-gallery-link\" data-rl_caption=\"\" data-rel=\"lightbox-gallery-bGlnaHRib3gtZ2FsbGVyeS0x\" data-rl_title=\"\" data-rl_caption=\"\"><img loading=\"lazy\" decoding=\"async\" src=\"https:\/\/www.bambergorthodox.de\/wp-content\/uploads\/2026\/01\/5e064c2d-b791-4c39-a519-97cb00cb3778-300x169.jpeg\" width=\"300\" height=\"169\" alt=\"\" \/><\/a><\/div><div class=\"rl-gallery-item\"><a href=\"https:\/\/www.bambergorthodox.de\/wp-content\/uploads\/2026\/01\/cb6bb2c5-cdab-4f3f-9340-e11581a5a20f.jpeg\" title=\"\" data-rl_title=\"\" class=\"rl-gallery-link\" data-rl_caption=\"\" data-rel=\"lightbox-gallery-bGlnaHRib3gtZ2FsbGVyeS0x\" data-rl_title=\"\" data-rl_caption=\"\"><img loading=\"lazy\" decoding=\"async\" src=\"https:\/\/www.bambergorthodox.de\/wp-content\/uploads\/2026\/01\/cb6bb2c5-cdab-4f3f-9340-e11581a5a20f-300x169.jpeg\" width=\"300\" height=\"169\" alt=\"\" \/><\/a><\/div><div class=\"rl-gallery-item\"><a href=\"https:\/\/www.bambergorthodox.de\/wp-content\/uploads\/2026\/01\/9dfeca17-8d3a-4ae0-a9f8-628b7e515c59.jpeg\" title=\"\" data-rl_title=\"\" class=\"rl-gallery-link\" data-rl_caption=\"\" data-rel=\"lightbox-gallery-bGlnaHRib3gtZ2FsbGVyeS0x\" data-rl_title=\"\" data-rl_caption=\"\"><img loading=\"lazy\" decoding=\"async\" src=\"https:\/\/www.bambergorthodox.de\/wp-content\/uploads\/2026\/01\/9dfeca17-8d3a-4ae0-a9f8-628b7e515c59-300x225.jpeg\" width=\"300\" height=\"225\" alt=\"\" \/><\/a><\/div><div class=\"rl-gallery-item\"><a href=\"https:\/\/www.bambergorthodox.de\/wp-content\/uploads\/2026\/01\/66731d85-07e9-481d-a9c3-da0eda71b271.jpeg\" title=\"\" data-rl_title=\"\" class=\"rl-gallery-link\" data-rl_caption=\"\" data-rel=\"lightbox-gallery-bGlnaHRib3gtZ2FsbGVyeS0x\" data-rl_title=\"\" data-rl_caption=\"\"><img loading=\"lazy\" decoding=\"async\" src=\"https:\/\/www.bambergorthodox.de\/wp-content\/uploads\/2026\/01\/66731d85-07e9-481d-a9c3-da0eda71b271-300x225.jpeg\" width=\"300\" height=\"225\" alt=\"\" \/><\/a><\/div><div class=\"rl-gallery-item\"><a href=\"https:\/\/www.bambergorthodox.de\/wp-content\/uploads\/2026\/01\/4c71449f-ff9a-4c00-8d86-fa3bc958ebbe.jpeg\" title=\"\" data-rl_title=\"\" class=\"rl-gallery-link\" data-rl_caption=\"\" data-rel=\"lightbox-gallery-bGlnaHRib3gtZ2FsbGVyeS0x\" data-rl_title=\"\" data-rl_caption=\"\"><img loading=\"lazy\" decoding=\"async\" src=\"https:\/\/www.bambergorthodox.de\/wp-content\/uploads\/2026\/01\/4c71449f-ff9a-4c00-8d86-fa3bc958ebbe-300x225.jpeg\" width=\"300\" height=\"225\" alt=\"\" \/><\/a><\/div><div class=\"rl-gallery-item\"><a href=\"https:\/\/www.bambergorthodox.de\/wp-content\/uploads\/2026\/01\/dfa9e0f8-1879-4543-97e8-f027cf2c66e0.jpeg\" title=\"\" data-rl_title=\"\" class=\"rl-gallery-link\" data-rl_caption=\"\" data-rel=\"lightbox-gallery-bGlnaHRib3gtZ2FsbGVyeS0x\" data-rl_title=\"\" data-rl_caption=\"\"><img loading=\"lazy\" decoding=\"async\" src=\"https:\/\/www.bambergorthodox.de\/wp-content\/uploads\/2026\/01\/dfa9e0f8-1879-4543-97e8-f027cf2c66e0-300x225.jpeg\" width=\"300\" height=\"225\" alt=\"\" \/><\/a><\/div><div class=\"rl-gallery-item\"><a href=\"https:\/\/www.bambergorthodox.de\/wp-content\/uploads\/2026\/01\/1f28b90a-bbe8-450e-b3ce-e6530e2ff38b.jpeg\" title=\"\" data-rl_title=\"\" class=\"rl-gallery-link\" data-rl_caption=\"\" data-rel=\"lightbox-gallery-bGlnaHRib3gtZ2FsbGVyeS0x\" data-rl_title=\"\" data-rl_caption=\"\"><img loading=\"lazy\" decoding=\"async\" src=\"https:\/\/www.bambergorthodox.de\/wp-content\/uploads\/2026\/01\/1f28b90a-bbe8-450e-b3ce-e6530e2ff38b-300x225.jpeg\" width=\"300\" height=\"225\" alt=\"\" \/><\/a><\/div><div class=\"rl-gallery-item\"><a href=\"https:\/\/www.bambergorthodox.de\/wp-content\/uploads\/2026\/01\/19e5be6e-c41f-4a02-acc7-ef803adf28c9.jpeg\" title=\"\" data-rl_title=\"\" class=\"rl-gallery-link\" data-rl_caption=\"\" data-rel=\"lightbox-gallery-bGlnaHRib3gtZ2FsbGVyeS0x\" data-rl_title=\"\" data-rl_caption=\"\"><img loading=\"lazy\" decoding=\"async\" src=\"https:\/\/www.bambergorthodox.de\/wp-content\/uploads\/2026\/01\/19e5be6e-c41f-4a02-acc7-ef803adf28c9-300x225.jpeg\" width=\"300\" height=\"225\" alt=\"\" \/><\/a><\/div><div class=\"rl-gallery-item\"><a href=\"https:\/\/www.bambergorthodox.de\/wp-content\/uploads\/2026\/01\/6b5be302-1f88-41ed-9468-526279745259.jpeg\" title=\"\" data-rl_title=\"\" class=\"rl-gallery-link\" data-rl_caption=\"\" data-rel=\"lightbox-gallery-bGlnaHRib3gtZ2FsbGVyeS0x\" data-rl_title=\"\" data-rl_caption=\"\"><img loading=\"lazy\" decoding=\"async\" src=\"https:\/\/www.bambergorthodox.de\/wp-content\/uploads\/2026\/01\/6b5be302-1f88-41ed-9468-526279745259-300x225.jpeg\" width=\"300\" height=\"225\" alt=\"\" \/><\/a><\/div> <\/div> <\/div>\n<p><span class=\"embed-youtube\" style=\"text-align:center; display: block;\"><iframe loading=\"lazy\" class=\"youtube-player\" width=\"1200\" height=\"675\" src=\"https:\/\/www.youtube.com\/embed\/YnIvaFlq1EQ?version=3&#038;rel=1&#038;showsearch=0&#038;showinfo=1&#038;iv_load_policy=1&#038;fs=1&#038;hl=ro-RO&#038;autohide=2&#038;wmode=transparent\" allowfullscreen=\"true\" style=\"border:0;\" sandbox=\"allow-scripts allow-same-origin allow-popups allow-presentation allow-popups-to-escape-sandbox\"><\/iframe><\/span><\/p>\n<p><span class=\"embed-youtube\" style=\"text-align:center; display: block;\"><iframe loading=\"lazy\" class=\"youtube-player\" width=\"1200\" height=\"675\" src=\"https:\/\/www.youtube.com\/embed\/2C7aDJztn4g?version=3&#038;rel=1&#038;showsearch=0&#038;showinfo=1&#038;iv_load_policy=1&#038;fs=1&#038;hl=ro-RO&#038;autohide=2&#038;wmode=transparent\" allowfullscreen=\"true\" style=\"border:0;\" sandbox=\"allow-scripts allow-same-origin allow-popups allow-presentation allow-popups-to-escape-sandbox\"><\/iframe><\/span><\/p>\n<p><span class=\"embed-youtube\" style=\"text-align:center; display: block;\"><iframe loading=\"lazy\" class=\"youtube-player\" width=\"1200\" height=\"675\" src=\"https:\/\/www.youtube.com\/embed\/QFmtqdiV3Uc?version=3&#038;rel=1&#038;showsearch=0&#038;showinfo=1&#038;iv_load_policy=1&#038;fs=1&#038;hl=ro-RO&#038;autohide=2&#038;wmode=transparent\" allowfullscreen=\"true\" style=\"border:0;\" sandbox=\"allow-scripts allow-same-origin allow-popups allow-presentation allow-popups-to-escape-sandbox\"><\/iframe><\/span><\/p>\n<p><span class=\"embed-youtube\" style=\"text-align:center; display: block;\"><iframe loading=\"lazy\" class=\"youtube-player\" width=\"1200\" height=\"675\" src=\"https:\/\/www.youtube.com\/embed\/TQzp-kaYkCw%5B:%5D?version=3&#038;rel=1&#038;showsearch=0&#038;showinfo=1&#038;iv_load_policy=1&#038;fs=1&#038;hl=ro-RO&#038;autohide=2&#038;wmode=transparent\" allowfullscreen=\"true\" style=\"border:0;\" sandbox=\"allow-scripts allow-same-origin allow-popups allow-presentation allow-popups-to-escape-sandbox\"><\/iframe><\/span><\/p>","protected":false},"excerpt":{"rendered":"<p>Corul Solemnis al parohiei Delea Nou\u0103-Calist din Bucure\u0219ti a vizitat parohia noastr\u0103 \u00een duminica Sf\u00e2ntului Andrei. Acesta a dat r\u0103spunsurile la Sf\u00e2nta Liturghie, iar la sf\u00e2r\u0219it a sus\u021binut un concert de colinde din repertoriul na\u021bional \u0219i interna\u021bional. Bucuria tr\u0103it\u0103 a fost profund\u0103, iar credincio\u0219ii no\u0219tri \u0219i-au ar\u0103tat recuno\u0219tin\u021ba printr-o invita\u021bie permanent\u0103 \u00een mijlocul parohiei noastre, &#8230; <a class=\"read-more\" href=\"https:\/\/www.bambergorthodox.de\/?p=8586\">Read more&#8230;<\/a><\/p>\n","protected":false},"author":1,"featured_media":0,"comment_status":"closed","ping_status":"open","sticky":false,"template":"","format":"standard","meta":{"jetpack_post_was_ever_published":false,"_jetpack_newsletter_access":"","_jetpack_dont_email_post_to_subs":false,"_jetpack_newsletter_tier_id":0,"_jetpack_memberships_contains_paywalled_content":false,"_jetpack_memberships_contains_paid_content":false,"footnotes":"","jetpack_publicize_message":"","jetpack_publicize_feature_enabled":true,"jetpack_social_post_already_shared":true,"jetpack_social_options":{"image_generator_settings":{"template":"highway","default_image_id":0,"font":"","enabled":false},"version":2}},"categories":[5],"tags":[],"class_list":["post-8586","post","type-post","status-publish","format-standard","hentry","category-text_menue"],"jetpack_publicize_connections":[],"jetpack_featured_media_url":"","jetpack_sharing_enabled":true,"jetpack_shortlink":"https:\/\/wp.me\/p93ZOd-2eu","_links":{"self":[{"href":"https:\/\/www.bambergorthodox.de\/index.php?rest_route=\/wp\/v2\/posts\/8586","targetHints":{"allow":["GET"]}}],"collection":[{"href":"https:\/\/www.bambergorthodox.de\/index.php?rest_route=\/wp\/v2\/posts"}],"about":[{"href":"https:\/\/www.bambergorthodox.de\/index.php?rest_route=\/wp\/v2\/types\/post"}],"author":[{"embeddable":true,"href":"https:\/\/www.bambergorthodox.de\/index.php?rest_route=\/wp\/v2\/users\/1"}],"replies":[{"embeddable":true,"href":"https:\/\/www.bambergorthodox.de\/index.php?rest_route=%2Fwp%2Fv2%2Fcomments&post=8586"}],"version-history":[{"count":7,"href":"https:\/\/www.bambergorthodox.de\/index.php?rest_route=\/wp\/v2\/posts\/8586\/revisions"}],"predecessor-version":[{"id":8606,"href":"https:\/\/www.bambergorthodox.de\/index.php?rest_route=\/wp\/v2\/posts\/8586\/revisions\/8606"}],"wp:attachment":[{"href":"https:\/\/www.bambergorthodox.de\/index.php?rest_route=%2Fwp%2Fv2%2Fmedia&parent=8586"}],"wp:term":[{"taxonomy":"category","embeddable":true,"href":"https:\/\/www.bambergorthodox.de\/index.php?rest_route=%2Fwp%2Fv2%2Fcategories&post=8586"},{"taxonomy":"post_tag","embeddable":true,"href":"https:\/\/www.bambergorthodox.de\/index.php?rest_route=%2Fwp%2Fv2%2Ftags&post=8586"}],"curies":[{"name":"wp","href":"https:\/\/api.w.org\/{rel}","templated":true}]}}