{"id":8529,"date":"2025-11-05T11:12:26","date_gmt":"2025-11-05T10:12:26","guid":{"rendered":"https:\/\/www.bambergorthodox.de\/?p=8529"},"modified":"2025-11-05T11:13:42","modified_gmt":"2025-11-05T10:13:42","slug":"proiectul-cateheticum","status":"publish","type":"post","link":"https:\/\/www.bambergorthodox.de\/?p=8529","title":{"rendered":"PROIECTUL CATEHETICUM"},"content":{"rendered":"<div><strong><a  href=\"https:\/\/www.bambergorthodox.de\/wp-content\/uploads\/2025\/11\/IMG_3855.jpeg\" data-rel=\"lightbox-gallery-0\" data-rl_title=\"\" data-rl_caption=\"\" title=\"\"><img loading=\"lazy\" decoding=\"async\" class=\"size-medium wp-image-8530 alignleft\" src=\"https:\/\/www.bambergorthodox.de\/wp-content\/uploads\/2025\/11\/IMG_3855-212x300.jpeg\" alt=\"\" width=\"212\" height=\"300\" srcset=\"https:\/\/www.bambergorthodox.de\/wp-content\/uploads\/2025\/11\/IMG_3855-212x300.jpeg 212w, https:\/\/www.bambergorthodox.de\/wp-content\/uploads\/2025\/11\/IMG_3855-724x1024.jpeg 724w, https:\/\/www.bambergorthodox.de\/wp-content\/uploads\/2025\/11\/IMG_3855-768x1086.jpeg 768w, https:\/\/www.bambergorthodox.de\/wp-content\/uploads\/2025\/11\/IMG_3855-1086x1536.jpeg 1086w, https:\/\/www.bambergorthodox.de\/wp-content\/uploads\/2025\/11\/IMG_3855.jpeg 1131w\" sizes=\"auto, (max-width: 212px) 100vw, 212px\" \/><\/a>Cateheze ortodoxe online pentru adul\u021bi \u0219i tineri<\/strong><\/div>\n<div><\/div>\n<div>\u00cencep\u00e2nd cu\u00a0<strong>20 noiembrie 2025<\/strong>, Mitropolia Ortodox\u0103 Rom\u00e2n\u0103 a Germaniei lanseaz\u0103 seria de\u00a0<strong>13 cateheze online \u201eCATEHETICUM\u201d<\/strong>, un program dedicat tuturor celor care doresc s\u0103-\u0219i \u00eent\u0103reasc\u0103 \u0219i s\u0103-\u0219i aprofundeze credin\u021ba ortodox\u0103. Seria de cateheze se va desf\u0103\u0219ura s\u0103pt\u0103m\u00e2nal, \u00een ziua de joi, \u00eencep\u00e2nd cu ora 19:30, alternativ \u00een limbile rom\u00e2n\u0103 \u0219i german\u0103, pe platforma Zoom. Durata unei sesiuni este de 90 de minute, structurat\u0103 \u00een dou\u0103 p\u0103r\u021bi: prezentare \u0219i dialog interactiv.<\/div>\n<p><!--more--><\/p>\n<div><\/div>\n<div><strong>Teme \u0219i date<\/strong><\/div>\n<div><\/div>\n<div><\/div>\n<div>1&#xfe0f;&#x20e3; 20 nov \u2013\u00a0<em>Revela\u021bie natural\u0103, supranatural\u0103 \u0219i personal\u0103. Crezul, articolul 1 \u2013 Credin\u021ba \u00een Dumnezeu<\/em><\/div>\n<div>\u2003Pr. Ispas Ruja<\/div>\n<div><\/div>\n<div><\/div>\n<div>2&#xfe0f;&#x20e3; 4 dec \u2013\u00a0<em>\u00cenv\u0103\u021b\u0103tura despre Dumnezeu: Sf\u00e2nta Treime<\/em><\/div>\n<div>\u2003Pr. Athanasie Ulea<\/div>\n<div><\/div>\n<div><\/div>\n<div>3&#xfe0f;&#x20e3; 18 dec \u2013\u00a0<em>Crezul, articolele 2\u20137. A doua Persoan\u0103 a Sfintei Treimi: Dumnezeu Fiul<\/em><\/div>\n<div>\u2003Pr. Ioan Popoiu<\/div>\n<div><\/div>\n<div><\/div>\n<div>4&#xfe0f;&#x20e3; 22 ian \u2013\u00a0<em>Crezul, articolul 8. Dumnezeu Duhul Sf\u00e2nt<\/em><\/div>\n<div>\u2003Pr. Teodor Tabus<\/div>\n<div><\/div>\n<div><\/div>\n<div>5&#xfe0f;&#x20e3; 5 feb \u2013\u00a0<em>Crezul, articolele 9\u201312. Despre Biseric\u0103<\/em><\/div>\n<div>\u2003Pr. Nicolae Gilla<\/div>\n<div><\/div>\n<div><\/div>\n<div>6&#xfe0f;&#x20e3; 19 feb \u2013\u00a0<em>Sfintele Taine: Botezul \u0219i Mirungerea<\/em><\/div>\n<div>\u2003Pr. Sorin Bugner<\/div>\n<div><\/div>\n<div><\/div>\n<div>7&#xfe0f;&#x20e3; 5 mar \u2013\u00a0<em>Despre rug\u0103ciune: rug\u0103ciunile de diminea\u021b\u0103 \u0219i de sear\u0103, canoane, acatiste. Rug\u0103ciunea lui Iisus<\/em><\/div>\n<div>\u2003Pr. Sebastian Suciu<\/div>\n<div><\/div>\n<div><\/div>\n<div>8&#xfe0f;&#x20e3; 19 mar \u2013\u00a0<em>Evlavia zilnic\u0103: prescura, apa sfin\u021bit\u0103, citirea zilnic\u0103 a Bibliei<\/em><\/div>\n<div>\u2003Pr. Sebastian Suciu<\/div>\n<div><\/div>\n<div><\/div>\n<div>9&#xfe0f;&#x20e3; 2 apr \u2013\u00a0<em>Icoane \u0219i iconostas. Icoanele Maicii Domnului<\/em><\/div>\n<div>\u2003Pr. Sorin Bugner<\/div>\n<div><\/div>\n<div><\/div>\n<div>&#x1f51f; 23 apr \u2013\u00a0<em>M\u00e2ntuirea \u00een Hristos<\/em><\/div>\n<div>\u2003Pr. Cristian \u0218tefan<\/div>\n<div><\/div>\n<div><\/div>\n<div>1&#xfe0f;&#x20e3;1&#xfe0f;&#x20e3; 7 mai \u2013\u00a0<em>Proscomidia. Liturghia catehumenilor. Pomenirile<\/em><\/div>\n<div>\u2003Pr. Marius C\u0103lin<\/div>\n<div><\/div>\n<div><\/div>\n<div>1&#xfe0f;&#x20e3;2&#xfe0f;&#x20e3; 21 mai \u2013\u00a0<em>Liturghia credincio\u0219ilor. \u00cemp\u0103rt\u0103\u0219ania \u0219i preg\u0103tirea pentru \u00cemp\u0103rt\u0103\u0219anie<\/em><\/div>\n<div>\u2003Pr. Cristian \u0218tefan<\/div>\n<div><\/div>\n<div><\/div>\n<div>1&#xfe0f;&#x20e3;3&#xfe0f;&#x20e3; 4 iun \u2013\u00a0<em>Cinstirea Maicii Domnului \u0219i a sfin\u021bilor. Tipuri de sfin\u021bi<\/em><\/div>\n<div>\u2003Pr. Sebastian Suciu<\/div>\n<div><\/div>\n<div>&#x1f4e9;\u00a0<strong>\u00censcrieri (20 octombrie \u2013 15 noiembrie 2025)<\/strong><\/div>\n<div class=\"default-style\"><\/div>\n<div>Pr. Marius C\u0103lin \u2013 &#x1f4de; 0179 4631820 | &#x2709;&#xfe0f;\u00a0<a href=\"mailto:marius.teologie@gmail.com\">marius.teologie@gmail.com<\/a><\/div>\n<div>Pr. Ispas Ruja \u2013 &#x1f4de; 0176 23212703 | &#x2709;&#xfe0f;\u00a0<a href=\"mailto:ispas24@yahoo.com\">ispas24@yahoo.com<\/a><\/div>\n<div><\/div>","protected":false},"excerpt":{"rendered":"<p>Cateheze ortodoxe online pentru adul\u021bi \u0219i tineri \u00cencep\u00e2nd cu\u00a020 noiembrie 2025, Mitropolia Ortodox\u0103 Rom\u00e2n\u0103 a Germaniei lanseaz\u0103 seria de\u00a013 cateheze online \u201eCATEHETICUM\u201d, un program dedicat tuturor celor care doresc s\u0103-\u0219i \u00eent\u0103reasc\u0103 \u0219i s\u0103-\u0219i aprofundeze credin\u021ba ortodox\u0103. Seria de cateheze se va desf\u0103\u0219ura s\u0103pt\u0103m\u00e2nal, \u00een ziua de joi, \u00eencep\u00e2nd cu ora 19:30, alternativ \u00een limbile rom\u00e2n\u0103 &#8230; <a class=\"read-more\" href=\"https:\/\/www.bambergorthodox.de\/?p=8529\">Read more&#8230;<\/a><\/p>\n","protected":false},"author":2,"featured_media":0,"comment_status":"closed","ping_status":"open","sticky":false,"template":"","format":"standard","meta":{"jetpack_post_was_ever_published":false,"_jetpack_newsletter_access":"","_jetpack_dont_email_post_to_subs":false,"_jetpack_newsletter_tier_id":0,"_jetpack_memberships_contains_paywalled_content":false,"_jetpack_memberships_contains_paid_content":false,"footnotes":"","jetpack_publicize_message":"","jetpack_publicize_feature_enabled":true,"jetpack_social_post_already_shared":true,"jetpack_social_options":{"image_generator_settings":{"template":"highway","default_image_id":0,"font":"","enabled":false},"version":2}},"categories":[5],"tags":[],"class_list":["post-8529","post","type-post","status-publish","format-standard","hentry","category-text_menue"],"jetpack_publicize_connections":[],"jetpack_featured_media_url":"","jetpack_sharing_enabled":true,"jetpack_shortlink":"https:\/\/wp.me\/p93ZOd-2dz","_links":{"self":[{"href":"https:\/\/www.bambergorthodox.de\/index.php?rest_route=\/wp\/v2\/posts\/8529","targetHints":{"allow":["GET"]}}],"collection":[{"href":"https:\/\/www.bambergorthodox.de\/index.php?rest_route=\/wp\/v2\/posts"}],"about":[{"href":"https:\/\/www.bambergorthodox.de\/index.php?rest_route=\/wp\/v2\/types\/post"}],"author":[{"embeddable":true,"href":"https:\/\/www.bambergorthodox.de\/index.php?rest_route=\/wp\/v2\/users\/2"}],"replies":[{"embeddable":true,"href":"https:\/\/www.bambergorthodox.de\/index.php?rest_route=%2Fwp%2Fv2%2Fcomments&post=8529"}],"version-history":[{"count":2,"href":"https:\/\/www.bambergorthodox.de\/index.php?rest_route=\/wp\/v2\/posts\/8529\/revisions"}],"predecessor-version":[{"id":8533,"href":"https:\/\/www.bambergorthodox.de\/index.php?rest_route=\/wp\/v2\/posts\/8529\/revisions\/8533"}],"wp:attachment":[{"href":"https:\/\/www.bambergorthodox.de\/index.php?rest_route=%2Fwp%2Fv2%2Fmedia&parent=8529"}],"wp:term":[{"taxonomy":"category","embeddable":true,"href":"https:\/\/www.bambergorthodox.de\/index.php?rest_route=%2Fwp%2Fv2%2Fcategories&post=8529"},{"taxonomy":"post_tag","embeddable":true,"href":"https:\/\/www.bambergorthodox.de\/index.php?rest_route=%2Fwp%2Fv2%2Ftags&post=8529"}],"curies":[{"name":"wp","href":"https:\/\/api.w.org\/{rel}","templated":true}]}}