{"id":8524,"date":"2025-09-25T17:59:26","date_gmt":"2025-09-25T15:59:26","guid":{"rendered":"https:\/\/www.bambergorthodox.de\/?p=8524"},"modified":"2025-10-25T18:02:13","modified_gmt":"2025-10-25T16:02:13","slug":"recital-religios-iduet","status":"publish","type":"post","link":"https:\/\/www.bambergorthodox.de\/?p=8524","title":{"rendered":"Recital religios | iDuet"},"content":{"rendered":"https:\/\/youtu.be\/4pBx5UdmO9U<\/p>\n<p>Duminic\u0103, 21 septembrie, la finalul Sfintei Liturghii parohia noastr\u0103 a avut bucuria de a g\u0103zdui un concert religios al grupului vocal iDuet din Republica Moldova. Diana Calancea \u0219i Ion Glodea, doi tineri arti\u0219ti, ne-au m\u00e2ng\u00e2iat sufletele cu mai multe piese din repertoriul religios \u0219i al pricesnelor. <!--more-->Credincio\u0219ii \u0219i-au exprimat mul\u021bumirea \u0219i recuno\u0219tin\u021ba pentru acest moment duhovnicesc deosebit, pe chipurile multora curg\u00e2nd lacrimile bucuriei \u0219i ale dorului de cei dragi. Aici sunt c\u00e2teva clipuri video spre exemplificarea \u00een\u0103l\u021bimii momentului.<\/p>\n<p><span class=\"embed-youtube\" style=\"text-align:center; display: block;\"><iframe loading=\"lazy\" class=\"youtube-player\" width=\"1200\" height=\"675\" src=\"https:\/\/www.youtube.com\/embed\/iBLli3JjM3w?version=3&#038;rel=1&#038;showsearch=0&#038;showinfo=1&#038;iv_load_policy=1&#038;fs=1&#038;hl=ro-RO&#038;autohide=2&#038;wmode=transparent\" allowfullscreen=\"true\" style=\"border:0;\" sandbox=\"allow-scripts allow-same-origin allow-popups allow-presentation allow-popups-to-escape-sandbox\"><\/iframe><\/span><\/p>\n<p><span class=\"embed-youtube\" style=\"text-align:center; display: block;\"><iframe loading=\"lazy\" class=\"youtube-player\" width=\"1200\" height=\"675\" src=\"https:\/\/www.youtube.com\/embed\/alqOrKX_SWU%5B:%5D?version=3&#038;rel=1&#038;showsearch=0&#038;showinfo=1&#038;iv_load_policy=1&#038;fs=1&#038;hl=ro-RO&#038;autohide=2&#038;wmode=transparent\" allowfullscreen=\"true\" style=\"border:0;\" sandbox=\"allow-scripts allow-same-origin allow-popups allow-presentation allow-popups-to-escape-sandbox\"><\/iframe><\/span><\/p>","protected":false},"excerpt":{"rendered":"<p>https:\/\/youtu.be\/4pBx5UdmO9U Duminic\u0103, 21 septembrie, la finalul Sfintei Liturghii parohia noastr\u0103 a avut bucuria de a g\u0103zdui un concert religios al grupului vocal iDuet din Republica Moldova. Diana Calancea \u0219i Ion Glodea, doi tineri arti\u0219ti, ne-au m\u00e2ng\u00e2iat sufletele cu mai multe piese din repertoriul religios \u0219i al pricesnelor.<\/p>\n","protected":false},"author":2,"featured_media":0,"comment_status":"closed","ping_status":"open","sticky":false,"template":"","format":"standard","meta":{"jetpack_post_was_ever_published":false,"_jetpack_newsletter_access":"","_jetpack_dont_email_post_to_subs":false,"_jetpack_newsletter_tier_id":0,"_jetpack_memberships_contains_paywalled_content":false,"_jetpack_memberships_contains_paid_content":false,"footnotes":"","jetpack_publicize_message":"","jetpack_publicize_feature_enabled":true,"jetpack_social_post_already_shared":true,"jetpack_social_options":{"image_generator_settings":{"template":"highway","default_image_id":0,"font":"","enabled":false},"version":2}},"categories":[5],"tags":[],"class_list":["post-8524","post","type-post","status-publish","format-standard","hentry","category-text_menue"],"jetpack_publicize_connections":[],"jetpack_featured_media_url":"","jetpack_sharing_enabled":true,"jetpack_shortlink":"https:\/\/wp.me\/p93ZOd-2du","_links":{"self":[{"href":"https:\/\/www.bambergorthodox.de\/index.php?rest_route=\/wp\/v2\/posts\/8524","targetHints":{"allow":["GET"]}}],"collection":[{"href":"https:\/\/www.bambergorthodox.de\/index.php?rest_route=\/wp\/v2\/posts"}],"about":[{"href":"https:\/\/www.bambergorthodox.de\/index.php?rest_route=\/wp\/v2\/types\/post"}],"author":[{"embeddable":true,"href":"https:\/\/www.bambergorthodox.de\/index.php?rest_route=\/wp\/v2\/users\/2"}],"replies":[{"embeddable":true,"href":"https:\/\/www.bambergorthodox.de\/index.php?rest_route=%2Fwp%2Fv2%2Fcomments&post=8524"}],"version-history":[{"count":3,"href":"https:\/\/www.bambergorthodox.de\/index.php?rest_route=\/wp\/v2\/posts\/8524\/revisions"}],"predecessor-version":[{"id":8527,"href":"https:\/\/www.bambergorthodox.de\/index.php?rest_route=\/wp\/v2\/posts\/8524\/revisions\/8527"}],"wp:attachment":[{"href":"https:\/\/www.bambergorthodox.de\/index.php?rest_route=%2Fwp%2Fv2%2Fmedia&parent=8524"}],"wp:term":[{"taxonomy":"category","embeddable":true,"href":"https:\/\/www.bambergorthodox.de\/index.php?rest_route=%2Fwp%2Fv2%2Fcategories&post=8524"},{"taxonomy":"post_tag","embeddable":true,"href":"https:\/\/www.bambergorthodox.de\/index.php?rest_route=%2Fwp%2Fv2%2Ftags&post=8524"}],"curies":[{"name":"wp","href":"https:\/\/api.w.org\/{rel}","templated":true}]}}