{"id":8491,"date":"2025-10-21T11:26:58","date_gmt":"2025-10-21T09:26:58","guid":{"rendered":"https:\/\/www.bambergorthodox.de\/?p=8491"},"modified":"2025-10-25T18:03:46","modified_gmt":"2025-10-25T16:03:46","slug":"hramul-de-toamna-sf-cuv-parascheva","status":"publish","type":"post","link":"https:\/\/www.bambergorthodox.de\/?p=8491","title":{"rendered":"Hramul de toamn\u0103 | Sf. Cuv. Parascheva"},"content":{"rendered":"<p style=\"font-weight: 400;\"><a  href=\"https:\/\/www.bambergorthodox.de\/wp-content\/uploads\/2025\/10\/11d6698e-1aa2-4c74-99ae-28274ec27dce-1.jpg\" data-rel=\"lightbox-gallery-1\" data-rl_title=\"\" data-rl_caption=\"\" title=\"\"><img loading=\"lazy\" decoding=\"async\" class=\"size-medium wp-image-8511 alignleft\" src=\"https:\/\/www.bambergorthodox.de\/wp-content\/uploads\/2025\/10\/11d6698e-1aa2-4c74-99ae-28274ec27dce-1-300x225.jpg\" alt=\"\" width=\"300\" height=\"225\" srcset=\"https:\/\/www.bambergorthodox.de\/wp-content\/uploads\/2025\/10\/11d6698e-1aa2-4c74-99ae-28274ec27dce-1-300x225.jpg 300w, https:\/\/www.bambergorthodox.de\/wp-content\/uploads\/2025\/10\/11d6698e-1aa2-4c74-99ae-28274ec27dce-1-1024x768.jpg 1024w, https:\/\/www.bambergorthodox.de\/wp-content\/uploads\/2025\/10\/11d6698e-1aa2-4c74-99ae-28274ec27dce-1-768x576.jpg 768w, https:\/\/www.bambergorthodox.de\/wp-content\/uploads\/2025\/10\/11d6698e-1aa2-4c74-99ae-28274ec27dce-1-1536x1152.jpg 1536w, https:\/\/www.bambergorthodox.de\/wp-content\/uploads\/2025\/10\/11d6698e-1aa2-4c74-99ae-28274ec27dce-1.jpg 1600w\" sizes=\"auto, (max-width: 300px) 100vw, 300px\" \/><\/a>Parohia noastr\u0103 \u0219i-a s\u0103rb\u0103torit hramul de toamn\u0103, pe Sf\u00e2nta Cuvioas\u0103 Parascheva, duminic\u0103, 12 octombrie. Bucuria zilei de s\u0103rb\u0103toare a fost prilejuit\u0103 de s\u0103v\u00e2r\u0219irea Sfintei Liturghii de c\u0103tre p\u0103rintele paroh Ionu\u021b P\u0103un, al\u0103turi de p\u0103rintele Florin Tarnu, de la parohia vecin\u0103. Credincio\u0219ii no\u0219tri s-au rugat \u00eempreun\u0103 cu al\u021bi credincio\u0219i din parohiile \u00eenvecinate, Coburg \u0219i Schweinfurt. Comuniunea euharistic\u0103 a fost deosebit de profund\u0103, \u00een cadrul Sfintei Liturghii \u00eemp\u0103rt\u0103\u0219indu-se un num\u0103r mare de credincio\u0219i, copii \u0219i adul\u021bi.<!--more--><\/p>\n<p style=\"font-weight: 400;\">Cuv\u00e2ntul de \u00eenv\u0103\u021b\u0103tur\u0103 al p\u0103rintelui paroh a fost alc\u0103tuit din elementele principale ale vie\u021bii Sfintei Cuvioase Parascheva, cu aprofundarea realit\u0103\u021bii protec\u021biei pe care aceasta o ofer\u0103 parohiei noastre de la \u00eentemeierea ei. Marea tain\u0103 a sfintei cuvioase este cea prin care aceasta adun\u0103 \u00een fiecare an credincio\u0219ii din diferite zone ale \u021b\u0103rii noastre \u00een comuniune de rug\u0103ciune. Este cunsocut faptul c\u0103 sf\u00e2nta ocortitoare a parohiei noastre a c\u0103l\u0103torit mult \u00een timpul scurtei vie\u021bi p\u0103m\u00e2nte\u0219ti(Constantinopol, Calcedon, Heracleea Pontului, sudul M\u0103rii Negre), precum au f\u0103cut-o \u0219i sfintele sale moa\u0219te, dup\u0103 plecarea acesteia \u00een ve\u0219nicie (Epivat, Tracia, T\u00eernovo, Belgrad, Constantinopol, \u0219i din secolul al XVII-lea, prin purtarea de grij\u0103 a domnitorului Vasile Lupu, ajung \u00een Moldova).<\/p>\n<p style=\"font-weight: 400;\">\u00cen \u00eencheierea Sfintei Liturghii, copiii \u0219colii parohiale sub \u00eendrumarea cadrelor didactice (Elena \u0219i Ion Straticiuc, doamna preoteas\u0103 Mihaela P\u0103un), au sus\u021binut un moment artistic deosebit, prin recitarea c\u00e2torva poezii \u0219i pricesne, spre cinstirea sfintei cuvioase Parascheva. \u0218coala parohial\u0103 \u00ee\u0219i desf\u0103\u0219oar\u0103 activitatea \u00een fiecare duminic\u0103, \u00een sala parohial\u0103, dup\u0103 ce copiii se \u00eemp\u0103rt\u0103\u0219esc cu Sfintele Taine.<\/p>\n<p style=\"font-weight: 400;\">La final, to\u021bi cei prezen\u021bi s-au bucurat de o gustare, la care fiecare a contribuit cu ceea ce a \u0219tiut mai bine, \u00eentre\u021bin\u00e2ndu-se pe teme duhovnice\u0219ti \u0219i de comunitate parohial\u0103.<\/p>\n<div class=\"rl-gallery-container rl-loading\" id=\"rl-gallery-container-1\" data-gallery_id=\"8520\"> <div class=\"rl-gallery rl-basicgrid-gallery \" id=\"rl-gallery-1\" data-gallery_no=\"1\"> <div class=\"rl-gallery-item\"><a href=\"https:\/\/www.bambergorthodox.de\/wp-content\/uploads\/2025\/10\/88486653-af66-4c3b-b02e-69ce7bb8bf10-1.jpg\" title=\"\" data-rl_title=\"\" class=\"rl-gallery-link\" data-rl_caption=\"\" data-rel=\"lightbox-gallery-bGlnaHRib3gtZ2FsbGVyeS0x\" data-rl_title=\"\" data-rl_caption=\"\"><img loading=\"lazy\" decoding=\"async\" src=\"https:\/\/www.bambergorthodox.de\/wp-content\/uploads\/2025\/10\/88486653-af66-4c3b-b02e-69ce7bb8bf10-1-225x300.jpg\" width=\"225\" height=\"300\" alt=\"\" \/><\/a><\/div><div class=\"rl-gallery-item\"><a href=\"https:\/\/www.bambergorthodox.de\/wp-content\/uploads\/2025\/10\/4559e09a-ba03-4efb-b1a0-e2f2f89e184c-1.jpg\" title=\"\" data-rl_title=\"\" class=\"rl-gallery-link\" data-rl_caption=\"\" data-rel=\"lightbox-gallery-bGlnaHRib3gtZ2FsbGVyeS0x\" data-rl_title=\"\" data-rl_caption=\"\"><img loading=\"lazy\" decoding=\"async\" src=\"https:\/\/www.bambergorthodox.de\/wp-content\/uploads\/2025\/10\/4559e09a-ba03-4efb-b1a0-e2f2f89e184c-1-225x300.jpg\" width=\"225\" height=\"300\" alt=\"\" \/><\/a><\/div><div class=\"rl-gallery-item\"><a href=\"https:\/\/www.bambergorthodox.de\/wp-content\/uploads\/2025\/10\/df3c9010-9359-405f-8e35-830431118331-1.jpg\" title=\"\" data-rl_title=\"\" class=\"rl-gallery-link\" data-rl_caption=\"\" data-rel=\"lightbox-gallery-bGlnaHRib3gtZ2FsbGVyeS0x\" data-rl_title=\"\" data-rl_caption=\"\"><img loading=\"lazy\" decoding=\"async\" src=\"https:\/\/www.bambergorthodox.de\/wp-content\/uploads\/2025\/10\/df3c9010-9359-405f-8e35-830431118331-1-300x225.jpg\" width=\"300\" height=\"225\" alt=\"\" \/><\/a><\/div><div class=\"rl-gallery-item\"><a href=\"https:\/\/www.bambergorthodox.de\/wp-content\/uploads\/2025\/10\/756fbfe2-c6bd-47c5-920b-a94e365bd380-1.jpg\" title=\"\" data-rl_title=\"\" class=\"rl-gallery-link\" data-rl_caption=\"\" data-rel=\"lightbox-gallery-bGlnaHRib3gtZ2FsbGVyeS0x\" data-rl_title=\"\" data-rl_caption=\"\"><img loading=\"lazy\" decoding=\"async\" src=\"https:\/\/www.bambergorthodox.de\/wp-content\/uploads\/2025\/10\/756fbfe2-c6bd-47c5-920b-a94e365bd380-1-300x225.jpg\" width=\"300\" height=\"225\" alt=\"\" \/><\/a><\/div><div class=\"rl-gallery-item\"><a href=\"https:\/\/www.bambergorthodox.de\/wp-content\/uploads\/2025\/10\/96399a31-0d97-46da-9ac9-1c16baaf1948-1.jpg\" title=\"\" data-rl_title=\"\" class=\"rl-gallery-link\" data-rl_caption=\"\" data-rel=\"lightbox-gallery-bGlnaHRib3gtZ2FsbGVyeS0x\" data-rl_title=\"\" data-rl_caption=\"\"><img loading=\"lazy\" decoding=\"async\" src=\"https:\/\/www.bambergorthodox.de\/wp-content\/uploads\/2025\/10\/96399a31-0d97-46da-9ac9-1c16baaf1948-1-300x225.jpg\" width=\"300\" height=\"225\" alt=\"\" \/><\/a><\/div><div class=\"rl-gallery-item\"><a href=\"https:\/\/www.bambergorthodox.de\/wp-content\/uploads\/2025\/10\/727f00b8-774a-4f71-af89-5dbb2b679281-1.jpg\" title=\"\" data-rl_title=\"\" class=\"rl-gallery-link\" data-rl_caption=\"\" data-rel=\"lightbox-gallery-bGlnaHRib3gtZ2FsbGVyeS0x\" data-rl_title=\"\" data-rl_caption=\"\"><img loading=\"lazy\" decoding=\"async\" src=\"https:\/\/www.bambergorthodox.de\/wp-content\/uploads\/2025\/10\/727f00b8-774a-4f71-af89-5dbb2b679281-1-225x300.jpg\" width=\"225\" height=\"300\" alt=\"\" \/><\/a><\/div><div class=\"rl-gallery-item\"><a href=\"https:\/\/www.bambergorthodox.de\/wp-content\/uploads\/2025\/10\/994c9840-f8ac-4075-a347-f0e04977366e-1.jpg\" title=\"\" data-rl_title=\"\" class=\"rl-gallery-link\" data-rl_caption=\"\" data-rel=\"lightbox-gallery-bGlnaHRib3gtZ2FsbGVyeS0x\" data-rl_title=\"\" data-rl_caption=\"\"><img loading=\"lazy\" decoding=\"async\" src=\"https:\/\/www.bambergorthodox.de\/wp-content\/uploads\/2025\/10\/994c9840-f8ac-4075-a347-f0e04977366e-1-300x187.jpg\" width=\"300\" height=\"187\" alt=\"\" \/><\/a><\/div><div class=\"rl-gallery-item\"><a href=\"https:\/\/www.bambergorthodox.de\/wp-content\/uploads\/2025\/10\/88c460fb-78c9-4780-bbd4-0c7e5e60e388-1.jpg\" title=\"\" data-rl_title=\"\" class=\"rl-gallery-link\" data-rl_caption=\"\" data-rel=\"lightbox-gallery-bGlnaHRib3gtZ2FsbGVyeS0x\" data-rl_title=\"\" data-rl_caption=\"\"><img loading=\"lazy\" decoding=\"async\" src=\"https:\/\/www.bambergorthodox.de\/wp-content\/uploads\/2025\/10\/88c460fb-78c9-4780-bbd4-0c7e5e60e388-1-225x300.jpg\" width=\"225\" height=\"300\" alt=\"\" \/><\/a><\/div><div class=\"rl-gallery-item\"><a href=\"https:\/\/www.bambergorthodox.de\/wp-content\/uploads\/2025\/10\/02175f15-f8d3-44b7-bf9a-486858cde36e-1.jpg\" title=\"\" data-rl_title=\"\" class=\"rl-gallery-link\" data-rl_caption=\"\" data-rel=\"lightbox-gallery-bGlnaHRib3gtZ2FsbGVyeS0x\" data-rl_title=\"\" data-rl_caption=\"\"><img loading=\"lazy\" decoding=\"async\" src=\"https:\/\/www.bambergorthodox.de\/wp-content\/uploads\/2025\/10\/02175f15-f8d3-44b7-bf9a-486858cde36e-1-225x300.jpg\" width=\"225\" height=\"300\" alt=\"\" \/><\/a><\/div><div class=\"rl-gallery-item\"><a href=\"https:\/\/www.bambergorthodox.de\/wp-content\/uploads\/2025\/10\/11d6698e-1aa2-4c74-99ae-28274ec27dce-1.jpg\" title=\"\" data-rl_title=\"\" class=\"rl-gallery-link\" data-rl_caption=\"\" data-rel=\"lightbox-gallery-bGlnaHRib3gtZ2FsbGVyeS0x\" data-rl_title=\"\" data-rl_caption=\"\"><img loading=\"lazy\" decoding=\"async\" src=\"https:\/\/www.bambergorthodox.de\/wp-content\/uploads\/2025\/10\/11d6698e-1aa2-4c74-99ae-28274ec27dce-1-300x225.jpg\" width=\"300\" height=\"225\" alt=\"\" \/><\/a><\/div><div class=\"rl-gallery-item\"><a href=\"https:\/\/www.bambergorthodox.de\/wp-content\/uploads\/2025\/10\/2874c9e2-f4c9-4f3e-9b46-1cf37bff2660-1.jpg\" title=\"\" data-rl_title=\"\" class=\"rl-gallery-link\" data-rl_caption=\"\" data-rel=\"lightbox-gallery-bGlnaHRib3gtZ2FsbGVyeS0x\" data-rl_title=\"\" data-rl_caption=\"\"><img loading=\"lazy\" decoding=\"async\" src=\"https:\/\/www.bambergorthodox.de\/wp-content\/uploads\/2025\/10\/2874c9e2-f4c9-4f3e-9b46-1cf37bff2660-1-225x300.jpg\" width=\"225\" height=\"300\" alt=\"\" \/><\/a><\/div><div class=\"rl-gallery-item\"><a href=\"https:\/\/www.bambergorthodox.de\/wp-content\/uploads\/2025\/10\/4344a3e0-5e17-457d-b1fd-ea1129db285e-1.jpg\" title=\"\" data-rl_title=\"\" class=\"rl-gallery-link\" data-rl_caption=\"\" data-rel=\"lightbox-gallery-bGlnaHRib3gtZ2FsbGVyeS0x\" data-rl_title=\"\" data-rl_caption=\"\"><img loading=\"lazy\" decoding=\"async\" src=\"https:\/\/www.bambergorthodox.de\/wp-content\/uploads\/2025\/10\/4344a3e0-5e17-457d-b1fd-ea1129db285e-1-225x300.jpg\" width=\"225\" height=\"300\" alt=\"\" \/><\/a><\/div><div class=\"rl-gallery-item\"><a href=\"https:\/\/www.bambergorthodox.de\/wp-content\/uploads\/2025\/10\/fb1806e2-6235-4412-816a-bf3852d39957-1.jpg\" title=\"\" data-rl_title=\"\" class=\"rl-gallery-link\" data-rl_caption=\"\" data-rel=\"lightbox-gallery-bGlnaHRib3gtZ2FsbGVyeS0x\" data-rl_title=\"\" data-rl_caption=\"\"><img loading=\"lazy\" decoding=\"async\" src=\"https:\/\/www.bambergorthodox.de\/wp-content\/uploads\/2025\/10\/fb1806e2-6235-4412-816a-bf3852d39957-1-225x300.jpg\" width=\"225\" height=\"300\" alt=\"\" \/><\/a><\/div> <\/div> <\/div>","protected":false},"excerpt":{"rendered":"<p>Parohia noastr\u0103 \u0219i-a s\u0103rb\u0103torit hramul de toamn\u0103, pe Sf\u00e2nta Cuvioas\u0103 Parascheva, duminic\u0103, 12 octombrie. Bucuria zilei de s\u0103rb\u0103toare a fost prilejuit\u0103 de s\u0103v\u00e2r\u0219irea Sfintei Liturghii de c\u0103tre p\u0103rintele paroh Ionu\u021b P\u0103un, al\u0103turi de p\u0103rintele Florin Tarnu, de la parohia vecin\u0103. Credincio\u0219ii no\u0219tri s-au rugat \u00eempreun\u0103 cu al\u021bi credincio\u0219i din parohiile \u00eenvecinate, Coburg \u0219i Schweinfurt. Comuniunea &#8230; <a class=\"read-more\" href=\"https:\/\/www.bambergorthodox.de\/?p=8491\">Read more&#8230;<\/a><\/p>\n","protected":false},"author":1,"featured_media":0,"comment_status":"closed","ping_status":"open","sticky":false,"template":"","format":"standard","meta":{"jetpack_post_was_ever_published":false,"_jetpack_newsletter_access":"","_jetpack_dont_email_post_to_subs":false,"_jetpack_newsletter_tier_id":0,"_jetpack_memberships_contains_paywalled_content":false,"_jetpack_memberships_contains_paid_content":false,"footnotes":"","jetpack_publicize_message":"","jetpack_publicize_feature_enabled":true,"jetpack_social_post_already_shared":true,"jetpack_social_options":{"image_generator_settings":{"template":"highway","default_image_id":0,"font":"","enabled":false},"version":2}},"categories":[5],"tags":[],"class_list":["post-8491","post","type-post","status-publish","format-standard","hentry","category-text_menue"],"jetpack_publicize_connections":[],"jetpack_featured_media_url":"","jetpack_sharing_enabled":true,"jetpack_shortlink":"https:\/\/wp.me\/p93ZOd-2cX","_links":{"self":[{"href":"https:\/\/www.bambergorthodox.de\/index.php?rest_route=\/wp\/v2\/posts\/8491","targetHints":{"allow":["GET"]}}],"collection":[{"href":"https:\/\/www.bambergorthodox.de\/index.php?rest_route=\/wp\/v2\/posts"}],"about":[{"href":"https:\/\/www.bambergorthodox.de\/index.php?rest_route=\/wp\/v2\/types\/post"}],"author":[{"embeddable":true,"href":"https:\/\/www.bambergorthodox.de\/index.php?rest_route=\/wp\/v2\/users\/1"}],"replies":[{"embeddable":true,"href":"https:\/\/www.bambergorthodox.de\/index.php?rest_route=%2Fwp%2Fv2%2Fcomments&post=8491"}],"version-history":[{"count":4,"href":"https:\/\/www.bambergorthodox.de\/index.php?rest_route=\/wp\/v2\/posts\/8491\/revisions"}],"predecessor-version":[{"id":8528,"href":"https:\/\/www.bambergorthodox.de\/index.php?rest_route=\/wp\/v2\/posts\/8491\/revisions\/8528"}],"wp:attachment":[{"href":"https:\/\/www.bambergorthodox.de\/index.php?rest_route=%2Fwp%2Fv2%2Fmedia&parent=8491"}],"wp:term":[{"taxonomy":"category","embeddable":true,"href":"https:\/\/www.bambergorthodox.de\/index.php?rest_route=%2Fwp%2Fv2%2Fcategories&post=8491"},{"taxonomy":"post_tag","embeddable":true,"href":"https:\/\/www.bambergorthodox.de\/index.php?rest_route=%2Fwp%2Fv2%2Ftags&post=8491"}],"curies":[{"name":"wp","href":"https:\/\/api.w.org\/{rel}","templated":true}]}}