{"id":8488,"date":"2025-10-02T11:51:21","date_gmt":"2025-10-02T09:51:21","guid":{"rendered":"https:\/\/www.bambergorthodox.de\/?p=8488"},"modified":"2025-10-02T11:51:21","modified_gmt":"2025-10-02T09:51:21","slug":"grundschule-gaustadt-slujba-la-inceput-de-an-scolar","status":"publish","type":"post","link":"https:\/\/www.bambergorthodox.de\/?p=8488","title":{"rendered":"Grundschule Gaustadt | Slujba la \u00eenceput de an \u0219colar"},"content":{"rendered":"<a  href=\"https:\/\/www.bambergorthodox.de\/wp-content\/uploads\/2025\/10\/IMG_3599.jpeg\" data-rel=\"lightbox-gallery-1\" data-rl_title=\"\" data-rl_caption=\"\" title=\"\"><img loading=\"lazy\" decoding=\"async\" class=\"size-medium wp-image-8486 alignleft\" src=\"https:\/\/www.bambergorthodox.de\/wp-content\/uploads\/2025\/10\/IMG_3599-221x300.jpeg\" alt=\"\" width=\"221\" height=\"300\" srcset=\"https:\/\/www.bambergorthodox.de\/wp-content\/uploads\/2025\/10\/IMG_3599-221x300.jpeg 221w, https:\/\/www.bambergorthodox.de\/wp-content\/uploads\/2025\/10\/IMG_3599.jpeg 736w\" sizes=\"auto, (max-width: 221px) 100vw, 221px\" \/><\/a>\u00cen biserica Sf\u00e2ntul Iosif din cartierul Gaustadt, unde se afl\u0103 \u0219i biserica noastr\u0103, a avut loc ast\u0103zi slujba la \u00eenceputul anului \u0219colar. Elevii \u0219colii primare au participat cu mare bucurie la aceast\u0103 slujb\u0103 \u00eempreun\u0103 cu \u00eenv\u0103\u021b\u0103toarele, cu n\u0103dejdea c\u0103 Domnul le va lumina min\u021bile si inimile ca s\u0103 \u00een\u021beleag\u0103 toate cuno\u0219tin\u021bele ce le vor fi predate \u00een noul an \u0219colar 2025\/2026.<!--more--><\/p>\n<p>P\u0103rinte paroh i-a binecuv\u00e2ntat pe copii, rug\u00e2ndu-se ca harul lui Dumnezeu s\u0103 coboare peste ei \u0219i s\u0103 le d\u0103ruiasc\u0103 bucuria cunoa\u0219terii. Slujba a fost una ecumenic\u0103 \u0219i interreligioas\u0103, la ea particip\u00e2nd \u0219i reprezentan\u021bi ai parohiei evanghelice \u0219i ai comunit\u0103\u021bii musulmane.<\/p>\n<p>&nbsp;<\/p>\n<p>&nbsp;<\/p>\n<div class=\"rl-gallery-container rl-loading\" id=\"rl-gallery-container-1\" data-gallery_id=\"8487\"> <div class=\"rl-gallery rl-basicgrid-gallery \" id=\"rl-gallery-1\" data-gallery_no=\"1\"> <div class=\"rl-gallery-item\"><a href=\"https:\/\/www.bambergorthodox.de\/wp-content\/uploads\/2025\/10\/IMG_3599.jpeg\" title=\"\" data-rl_title=\"\" class=\"rl-gallery-link\" data-rl_caption=\"\" data-rel=\"lightbox-gallery-bGlnaHRib3gtZ2FsbGVyeS0x\" data-rl_title=\"\" data-rl_caption=\"\"><img loading=\"lazy\" decoding=\"async\" src=\"https:\/\/www.bambergorthodox.de\/wp-content\/uploads\/2025\/10\/IMG_3599-221x300.jpeg\" width=\"221\" height=\"300\" alt=\"\" \/><\/a><\/div><div class=\"rl-gallery-item\"><a href=\"https:\/\/www.bambergorthodox.de\/wp-content\/uploads\/2025\/10\/IMG_3600.jpeg\" title=\"\" data-rl_title=\"\" class=\"rl-gallery-link\" data-rl_caption=\"\" data-rel=\"lightbox-gallery-bGlnaHRib3gtZ2FsbGVyeS0x\" data-rl_title=\"\" data-rl_caption=\"\"><img loading=\"lazy\" decoding=\"async\" src=\"https:\/\/www.bambergorthodox.de\/wp-content\/uploads\/2025\/10\/IMG_3600-300x225.jpeg\" width=\"300\" height=\"225\" alt=\"\" \/><\/a><\/div><div class=\"rl-gallery-item\"><a href=\"https:\/\/www.bambergorthodox.de\/wp-content\/uploads\/2025\/10\/IMG_3601.jpeg\" title=\"\" data-rl_title=\"\" class=\"rl-gallery-link\" data-rl_caption=\"\" data-rel=\"lightbox-gallery-bGlnaHRib3gtZ2FsbGVyeS0x\" data-rl_title=\"\" data-rl_caption=\"\"><img loading=\"lazy\" decoding=\"async\" src=\"https:\/\/www.bambergorthodox.de\/wp-content\/uploads\/2025\/10\/IMG_3601-300x165.jpeg\" width=\"300\" height=\"165\" alt=\"\" \/><\/a><\/div><div class=\"rl-gallery-item\"><a href=\"https:\/\/www.bambergorthodox.de\/wp-content\/uploads\/2025\/10\/IMG_3602.jpeg\" title=\"\" data-rl_title=\"\" class=\"rl-gallery-link\" data-rl_caption=\"\" data-rel=\"lightbox-gallery-bGlnaHRib3gtZ2FsbGVyeS0x\" data-rl_title=\"\" data-rl_caption=\"\"><img loading=\"lazy\" decoding=\"async\" src=\"https:\/\/www.bambergorthodox.de\/wp-content\/uploads\/2025\/10\/IMG_3602-300x165.jpeg\" width=\"300\" height=\"165\" alt=\"\" \/><\/a><\/div><div class=\"rl-gallery-item\"><a href=\"https:\/\/www.bambergorthodox.de\/wp-content\/uploads\/2025\/10\/IMG_3603.jpeg\" title=\"\" data-rl_title=\"\" class=\"rl-gallery-link\" data-rl_caption=\"\" data-rel=\"lightbox-gallery-bGlnaHRib3gtZ2FsbGVyeS0x\" data-rl_title=\"\" data-rl_caption=\"\"><img loading=\"lazy\" decoding=\"async\" src=\"https:\/\/www.bambergorthodox.de\/wp-content\/uploads\/2025\/10\/IMG_3603-300x225.jpeg\" width=\"300\" height=\"225\" alt=\"\" \/><\/a><\/div> <\/div> <\/div>","protected":false},"excerpt":{"rendered":"<p>\u00cen biserica Sf\u00e2ntul Iosif din cartierul Gaustadt, unde se afl\u0103 \u0219i biserica noastr\u0103, a avut loc ast\u0103zi slujba la \u00eenceputul anului \u0219colar. Elevii \u0219colii primare au participat cu mare bucurie la aceast\u0103 slujb\u0103 \u00eempreun\u0103 cu \u00eenv\u0103\u021b\u0103toarele, cu n\u0103dejdea c\u0103 Domnul le va lumina min\u021bile si inimile ca s\u0103 \u00een\u021beleag\u0103 toate cuno\u0219tin\u021bele ce le vor fi &#8230; <a class=\"read-more\" href=\"https:\/\/www.bambergorthodox.de\/?p=8488\">Read more&#8230;<\/a><\/p>\n","protected":false},"author":1,"featured_media":0,"comment_status":"closed","ping_status":"open","sticky":false,"template":"","format":"standard","meta":{"jetpack_post_was_ever_published":false,"_jetpack_newsletter_access":"","_jetpack_dont_email_post_to_subs":false,"_jetpack_newsletter_tier_id":0,"_jetpack_memberships_contains_paywalled_content":false,"_jetpack_memberships_contains_paid_content":false,"footnotes":"","jetpack_publicize_message":"","jetpack_publicize_feature_enabled":true,"jetpack_social_post_already_shared":true,"jetpack_social_options":{"image_generator_settings":{"template":"highway","default_image_id":0,"font":"","enabled":false},"version":2}},"categories":[5],"tags":[],"class_list":["post-8488","post","type-post","status-publish","format-standard","hentry","category-text_menue"],"jetpack_publicize_connections":[],"jetpack_featured_media_url":"","jetpack_sharing_enabled":true,"jetpack_shortlink":"https:\/\/wp.me\/p93ZOd-2cU","_links":{"self":[{"href":"https:\/\/www.bambergorthodox.de\/index.php?rest_route=\/wp\/v2\/posts\/8488","targetHints":{"allow":["GET"]}}],"collection":[{"href":"https:\/\/www.bambergorthodox.de\/index.php?rest_route=\/wp\/v2\/posts"}],"about":[{"href":"https:\/\/www.bambergorthodox.de\/index.php?rest_route=\/wp\/v2\/types\/post"}],"author":[{"embeddable":true,"href":"https:\/\/www.bambergorthodox.de\/index.php?rest_route=\/wp\/v2\/users\/1"}],"replies":[{"embeddable":true,"href":"https:\/\/www.bambergorthodox.de\/index.php?rest_route=%2Fwp%2Fv2%2Fcomments&post=8488"}],"version-history":[{"count":1,"href":"https:\/\/www.bambergorthodox.de\/index.php?rest_route=\/wp\/v2\/posts\/8488\/revisions"}],"predecessor-version":[{"id":8489,"href":"https:\/\/www.bambergorthodox.de\/index.php?rest_route=\/wp\/v2\/posts\/8488\/revisions\/8489"}],"wp:attachment":[{"href":"https:\/\/www.bambergorthodox.de\/index.php?rest_route=%2Fwp%2Fv2%2Fmedia&parent=8488"}],"wp:term":[{"taxonomy":"category","embeddable":true,"href":"https:\/\/www.bambergorthodox.de\/index.php?rest_route=%2Fwp%2Fv2%2Fcategories&post=8488"},{"taxonomy":"post_tag","embeddable":true,"href":"https:\/\/www.bambergorthodox.de\/index.php?rest_route=%2Fwp%2Fv2%2Ftags&post=8488"}],"curies":[{"name":"wp","href":"https:\/\/api.w.org\/{rel}","templated":true}]}}