{"id":8416,"date":"2025-08-13T16:56:26","date_gmt":"2025-08-13T14:56:26","guid":{"rendered":"https:\/\/www.bambergorthodox.de\/?p=8416"},"modified":"2025-08-13T19:07:12","modified_gmt":"2025-08-13T17:07:12","slug":"iubire-frateasca-pentru-cei-ramasi-pe-drumuri","status":"publish","type":"post","link":"https:\/\/www.bambergorthodox.de\/?p=8416","title":{"rendered":"Iubire fr\u0103\u021beasc\u0103 pentru cei r\u0103ma\u0219i pe drumuri"},"content":{"rendered":"<p style=\"font-weight: 400;\"><a  href=\"https:\/\/www.bambergorthodox.de\/wp-content\/uploads\/2025\/08\/1efda127-ee5c-4400-8366-9001aac5a0e6.jpeg\" data-rel=\"lightbox-gallery-1\" data-rl_title=\"\" data-rl_caption=\"\" title=\"\"><img loading=\"lazy\" decoding=\"async\" class=\"size-medium wp-image-8403 alignleft\" src=\"https:\/\/www.bambergorthodox.de\/wp-content\/uploads\/2025\/08\/1efda127-ee5c-4400-8366-9001aac5a0e6-225x300.jpeg\" alt=\"\" width=\"225\" height=\"300\" srcset=\"https:\/\/www.bambergorthodox.de\/wp-content\/uploads\/2025\/08\/1efda127-ee5c-4400-8366-9001aac5a0e6-225x300.jpeg 225w, https:\/\/www.bambergorthodox.de\/wp-content\/uploads\/2025\/08\/1efda127-ee5c-4400-8366-9001aac5a0e6-768x1024.jpeg 768w, https:\/\/www.bambergorthodox.de\/wp-content\/uploads\/2025\/08\/1efda127-ee5c-4400-8366-9001aac5a0e6-1152x1536.jpeg 1152w, https:\/\/www.bambergorthodox.de\/wp-content\/uploads\/2025\/08\/1efda127-ee5c-4400-8366-9001aac5a0e6.jpeg 1536w\" sizes=\"auto, (max-width: 225px) 100vw, 225px\" \/><\/a>Parohia noastr\u0103 a \u00een\u021beles suferin\u021ba prin care trec sinistra\u021bii din jude\u021bele Suceava \u0219i Neam\u021b, \u00een urma inunda\u021biilor care au distrus totul \u00een calea lor, l\u0103s\u00e2nd \u00een urm\u0103 numai dezastru.<\/p>\n<p style=\"font-weight: 400;\">Astfel, doi credincio\u0219i din parohie, unul actual consilier parohial (Marius Sch\u00fcsser) \u0219i cel\u0103lalt fost consilier parohial (Vasilic\u0103 Orza), au plecat, cu binecuv\u00e2ntarea preotului paroh, in localitatea Bro\u0219teni, jude\u021bul Suceava, unde au dus ajutoare \u0219i au fost al\u0103turi de c\u00e2teva familii din zona afectat\u0103.<!--more--><\/p>\n<p style=\"font-weight: 400;\">Pe l\u00e2ng\u0103 microbuzul plin cu cele necesare (lope\u021bi, cizme de cauciuc, etc.) au fost cump\u0103rate direct din \u021bar\u0103 5 combine frigorifice, 3 aragaze \u0219i 3 ma\u0219ini de sp\u0103lat \u0219i au fost donate direct familiilor r\u0103mase f\u0103r\u0103 nimic. De asemenea, au fost \u00eemp\u0103r\u021bite \u0219i multe pachete cu m\u00e2ncare neperisabil\u0103 precum paste, ulei, zah\u0103r, f\u0103in\u0103 \u0219i conserve de pe\u0219te.<\/p>\n<p style=\"font-weight: 400;\">La colecta desf\u0103\u0219urat\u0103 \u00een biseric\u0103 dup\u0103 Sf\u00e2nta Liturghie, cei doi credincio\u0219i au contribuit \u0219i cu sume de bani fiecare. \u00cenainte de a se \u00eentoarce \u00een Germania, ace\u0219tia l-au vizitat pe p\u0103rintele Dan Damaschin, l\u0103s\u00e2nd \u0219i acestuia o dona\u021bie pentru toat\u0103 activitatea pe care o desf\u0103\u0219oar\u0103 \u00een sprijinirea mamelor singure, a copiilor orfani \u0219i a familiilor aflate \u00een dificultate (https:\/\/glasulvietii.ro).<\/p>\n<p style=\"font-weight: 400;\">\u00centreaga ac\u021biune de \u00eentrajutorare a valorat aproximativ 4.000 de euro. Mul\u021bumiri tuturor pentru implicarea \u00een ajutorul oferit.<\/p>\n<div class=\"rl-gallery-container rl-loading\" id=\"rl-gallery-container-1\" data-gallery_id=\"8415\"> <div class=\"rl-gallery rl-basicgrid-gallery \" id=\"rl-gallery-1\" data-gallery_no=\"1\"> <div class=\"rl-gallery-item\"><a href=\"https:\/\/www.bambergorthodox.de\/wp-content\/uploads\/2025\/08\/ff367b9c-91db-4ec1-8414-937658f3fe97.jpeg\" title=\"\" data-rl_title=\"\" class=\"rl-gallery-link\" data-rl_caption=\"\" data-rel=\"lightbox-gallery-bGlnaHRib3gtZ2FsbGVyeS0x\" data-rl_title=\"\" data-rl_caption=\"\"><img loading=\"lazy\" decoding=\"async\" src=\"https:\/\/www.bambergorthodox.de\/wp-content\/uploads\/2025\/08\/ff367b9c-91db-4ec1-8414-937658f3fe97-225x300.jpeg\" width=\"225\" height=\"300\" alt=\"\" \/><\/a><\/div><div class=\"rl-gallery-item\"><a href=\"https:\/\/www.bambergorthodox.de\/wp-content\/uploads\/2025\/08\/dd32a80a-b698-4a59-ac71-ca5cba4ee0cf.jpeg\" title=\"\" data-rl_title=\"\" class=\"rl-gallery-link\" data-rl_caption=\"\" data-rel=\"lightbox-gallery-bGlnaHRib3gtZ2FsbGVyeS0x\" data-rl_title=\"\" data-rl_caption=\"\"><img loading=\"lazy\" decoding=\"async\" src=\"https:\/\/www.bambergorthodox.de\/wp-content\/uploads\/2025\/08\/dd32a80a-b698-4a59-ac71-ca5cba4ee0cf-225x300.jpeg\" width=\"225\" height=\"300\" alt=\"\" \/><\/a><\/div><div class=\"rl-gallery-item\"><a href=\"https:\/\/www.bambergorthodox.de\/wp-content\/uploads\/2025\/08\/6d261be1-844d-4004-843b-d63378039c63.jpeg\" title=\"\" data-rl_title=\"\" class=\"rl-gallery-link\" data-rl_caption=\"\" data-rel=\"lightbox-gallery-bGlnaHRib3gtZ2FsbGVyeS0x\" data-rl_title=\"\" data-rl_caption=\"\"><img loading=\"lazy\" decoding=\"async\" src=\"https:\/\/www.bambergorthodox.de\/wp-content\/uploads\/2025\/08\/6d261be1-844d-4004-843b-d63378039c63-225x300.jpeg\" width=\"225\" height=\"300\" alt=\"\" \/><\/a><\/div><div class=\"rl-gallery-item\"><a href=\"https:\/\/www.bambergorthodox.de\/wp-content\/uploads\/2025\/08\/d4b12476-5b15-4b58-8f37-8a5a64cecb72.jpeg\" title=\"\" data-rl_title=\"\" class=\"rl-gallery-link\" data-rl_caption=\"\" data-rel=\"lightbox-gallery-bGlnaHRib3gtZ2FsbGVyeS0x\" data-rl_title=\"\" data-rl_caption=\"\"><img loading=\"lazy\" decoding=\"async\" src=\"https:\/\/www.bambergorthodox.de\/wp-content\/uploads\/2025\/08\/d4b12476-5b15-4b58-8f37-8a5a64cecb72-225x300.jpeg\" width=\"225\" height=\"300\" alt=\"\" \/><\/a><\/div><div class=\"rl-gallery-item\"><a href=\"https:\/\/www.bambergorthodox.de\/wp-content\/uploads\/2025\/08\/b771779d-072a-482e-976b-c5feb47869e8.jpeg\" title=\"\" data-rl_title=\"\" class=\"rl-gallery-link\" data-rl_caption=\"\" data-rel=\"lightbox-gallery-bGlnaHRib3gtZ2FsbGVyeS0x\" data-rl_title=\"\" data-rl_caption=\"\"><img loading=\"lazy\" decoding=\"async\" src=\"https:\/\/www.bambergorthodox.de\/wp-content\/uploads\/2025\/08\/b771779d-072a-482e-976b-c5feb47869e8-225x300.jpeg\" width=\"225\" height=\"300\" alt=\"\" \/><\/a><\/div><div class=\"rl-gallery-item\"><a href=\"https:\/\/www.bambergorthodox.de\/wp-content\/uploads\/2025\/08\/a799bb44-810a-4c3a-9bec-4a51f18ec4b1.jpeg\" title=\"\" data-rl_title=\"\" class=\"rl-gallery-link\" data-rl_caption=\"\" data-rel=\"lightbox-gallery-bGlnaHRib3gtZ2FsbGVyeS0x\" data-rl_title=\"\" data-rl_caption=\"\"><img loading=\"lazy\" decoding=\"async\" src=\"https:\/\/www.bambergorthodox.de\/wp-content\/uploads\/2025\/08\/a799bb44-810a-4c3a-9bec-4a51f18ec4b1-225x300.jpeg\" width=\"225\" height=\"300\" alt=\"\" \/><\/a><\/div><div class=\"rl-gallery-item\"><a href=\"https:\/\/www.bambergorthodox.de\/wp-content\/uploads\/2025\/08\/997e4aea-d2cf-49ae-a909-eb129485b992.jpeg\" title=\"\" data-rl_title=\"\" class=\"rl-gallery-link\" data-rl_caption=\"\" data-rel=\"lightbox-gallery-bGlnaHRib3gtZ2FsbGVyeS0x\" data-rl_title=\"\" data-rl_caption=\"\"><img loading=\"lazy\" decoding=\"async\" src=\"https:\/\/www.bambergorthodox.de\/wp-content\/uploads\/2025\/08\/997e4aea-d2cf-49ae-a909-eb129485b992-225x300.jpeg\" width=\"225\" height=\"300\" alt=\"\" \/><\/a><\/div><div class=\"rl-gallery-item\"><a href=\"https:\/\/www.bambergorthodox.de\/wp-content\/uploads\/2025\/08\/3fedda33-aefb-45b9-bcd1-632173e83930.jpeg\" title=\"\" data-rl_title=\"\" class=\"rl-gallery-link\" data-rl_caption=\"\" data-rel=\"lightbox-gallery-bGlnaHRib3gtZ2FsbGVyeS0x\" data-rl_title=\"\" data-rl_caption=\"\"><img loading=\"lazy\" decoding=\"async\" src=\"https:\/\/www.bambergorthodox.de\/wp-content\/uploads\/2025\/08\/3fedda33-aefb-45b9-bcd1-632173e83930-225x300.jpeg\" width=\"225\" height=\"300\" alt=\"\" \/><\/a><\/div><div class=\"rl-gallery-item\"><a href=\"https:\/\/www.bambergorthodox.de\/wp-content\/uploads\/2025\/08\/4f3ae90d-6c6e-4b64-ae37-0220896c8b8d.jpeg\" title=\"\" data-rl_title=\"\" class=\"rl-gallery-link\" data-rl_caption=\"\" data-rel=\"lightbox-gallery-bGlnaHRib3gtZ2FsbGVyeS0x\" data-rl_title=\"\" data-rl_caption=\"\"><img loading=\"lazy\" decoding=\"async\" src=\"https:\/\/www.bambergorthodox.de\/wp-content\/uploads\/2025\/08\/4f3ae90d-6c6e-4b64-ae37-0220896c8b8d-225x300.jpeg\" width=\"225\" height=\"300\" alt=\"\" \/><\/a><\/div><div class=\"rl-gallery-item\"><a href=\"https:\/\/www.bambergorthodox.de\/wp-content\/uploads\/2025\/08\/1efda127-ee5c-4400-8366-9001aac5a0e6.jpeg\" title=\"\" data-rl_title=\"\" class=\"rl-gallery-link\" data-rl_caption=\"\" data-rel=\"lightbox-gallery-bGlnaHRib3gtZ2FsbGVyeS0x\" data-rl_title=\"\" data-rl_caption=\"\"><img loading=\"lazy\" decoding=\"async\" src=\"https:\/\/www.bambergorthodox.de\/wp-content\/uploads\/2025\/08\/1efda127-ee5c-4400-8366-9001aac5a0e6-225x300.jpeg\" width=\"225\" height=\"300\" alt=\"\" \/><\/a><\/div><div class=\"rl-gallery-item\"><a href=\"https:\/\/www.bambergorthodox.de\/wp-content\/uploads\/2025\/08\/dbb895ce-5894-4d17-a560-27452a050bfd.jpeg\" title=\"\" data-rl_title=\"\" class=\"rl-gallery-link\" data-rl_caption=\"\" data-rel=\"lightbox-gallery-bGlnaHRib3gtZ2FsbGVyeS0x\" data-rl_title=\"\" data-rl_caption=\"\"><img loading=\"lazy\" decoding=\"async\" src=\"https:\/\/www.bambergorthodox.de\/wp-content\/uploads\/2025\/08\/dbb895ce-5894-4d17-a560-27452a050bfd-225x300.jpeg\" width=\"225\" height=\"300\" alt=\"\" \/><\/a><\/div><div class=\"rl-gallery-item\"><a href=\"https:\/\/www.bambergorthodox.de\/wp-content\/uploads\/2025\/08\/130cb16c-f0c6-4f97-9110-ef7c8f99d766.jpeg\" title=\"\" data-rl_title=\"\" class=\"rl-gallery-link\" data-rl_caption=\"\" data-rel=\"lightbox-gallery-bGlnaHRib3gtZ2FsbGVyeS0x\" data-rl_title=\"\" data-rl_caption=\"\"><img loading=\"lazy\" decoding=\"async\" src=\"https:\/\/www.bambergorthodox.de\/wp-content\/uploads\/2025\/08\/130cb16c-f0c6-4f97-9110-ef7c8f99d766-225x300.jpeg\" width=\"225\" height=\"300\" alt=\"\" \/><\/a><\/div><div class=\"rl-gallery-item\"><a href=\"https:\/\/www.bambergorthodox.de\/wp-content\/uploads\/2025\/08\/2cee5065-0420-44c4-81d9-2411d75ba800.jpeg\" title=\"\" data-rl_title=\"\" class=\"rl-gallery-link\" data-rl_caption=\"\" data-rel=\"lightbox-gallery-bGlnaHRib3gtZ2FsbGVyeS0x\" data-rl_title=\"\" data-rl_caption=\"\"><img loading=\"lazy\" decoding=\"async\" src=\"https:\/\/www.bambergorthodox.de\/wp-content\/uploads\/2025\/08\/2cee5065-0420-44c4-81d9-2411d75ba800-225x300.jpeg\" width=\"225\" height=\"300\" alt=\"\" \/><\/a><\/div><div class=\"rl-gallery-item\"><a href=\"https:\/\/www.bambergorthodox.de\/wp-content\/uploads\/2025\/08\/b0f23131-ee5c-45b5-8c6e-05b52d75cd5f.jpeg\" title=\"\" data-rl_title=\"\" class=\"rl-gallery-link\" data-rl_caption=\"\" data-rel=\"lightbox-gallery-bGlnaHRib3gtZ2FsbGVyeS0x\" data-rl_title=\"\" data-rl_caption=\"\"><img loading=\"lazy\" decoding=\"async\" src=\"https:\/\/www.bambergorthodox.de\/wp-content\/uploads\/2025\/08\/b0f23131-ee5c-45b5-8c6e-05b52d75cd5f-225x300.jpeg\" width=\"225\" height=\"300\" alt=\"\" \/><\/a><\/div><div class=\"rl-gallery-item\"><a href=\"https:\/\/www.bambergorthodox.de\/wp-content\/uploads\/2025\/08\/87e675d2-d7c2-4d22-a1a4-80a050b02d86.jpeg\" title=\"\" data-rl_title=\"\" class=\"rl-gallery-link\" data-rl_caption=\"\" data-rel=\"lightbox-gallery-bGlnaHRib3gtZ2FsbGVyeS0x\" data-rl_title=\"\" data-rl_caption=\"\"><img loading=\"lazy\" decoding=\"async\" src=\"https:\/\/www.bambergorthodox.de\/wp-content\/uploads\/2025\/08\/87e675d2-d7c2-4d22-a1a4-80a050b02d86-225x300.jpeg\" width=\"225\" height=\"300\" alt=\"\" \/><\/a><\/div><div class=\"rl-gallery-item\"><a href=\"https:\/\/www.bambergorthodox.de\/wp-content\/uploads\/2025\/08\/069f1f62-a964-4cb8-b165-39f3975dba05.jpeg\" title=\"\" data-rl_title=\"\" class=\"rl-gallery-link\" data-rl_caption=\"\" data-rel=\"lightbox-gallery-bGlnaHRib3gtZ2FsbGVyeS0x\" data-rl_title=\"\" data-rl_caption=\"\"><img loading=\"lazy\" decoding=\"async\" src=\"https:\/\/www.bambergorthodox.de\/wp-content\/uploads\/2025\/08\/069f1f62-a964-4cb8-b165-39f3975dba05-225x300.jpeg\" width=\"225\" height=\"300\" alt=\"\" \/><\/a><\/div><div class=\"rl-gallery-item\"><a href=\"https:\/\/www.bambergorthodox.de\/wp-content\/uploads\/2025\/08\/898b2e76-6888-46d4-bfd7-dd81ed836aa3.jpeg\" title=\"\" data-rl_title=\"\" class=\"rl-gallery-link\" data-rl_caption=\"\" data-rel=\"lightbox-gallery-bGlnaHRib3gtZ2FsbGVyeS0x\" data-rl_title=\"\" data-rl_caption=\"\"><img loading=\"lazy\" decoding=\"async\" src=\"https:\/\/www.bambergorthodox.de\/wp-content\/uploads\/2025\/08\/898b2e76-6888-46d4-bfd7-dd81ed836aa3-225x300.jpeg\" width=\"225\" height=\"300\" alt=\"\" \/><\/a><\/div><div class=\"rl-gallery-item\"><a href=\"https:\/\/www.bambergorthodox.de\/wp-content\/uploads\/2025\/08\/f95d51c1-b614-4291-90e5-acc5ba182124.jpeg\" title=\"\" data-rl_title=\"\" class=\"rl-gallery-link\" data-rl_caption=\"\" data-rel=\"lightbox-gallery-bGlnaHRib3gtZ2FsbGVyeS0x\" data-rl_title=\"\" data-rl_caption=\"\"><img loading=\"lazy\" decoding=\"async\" src=\"https:\/\/www.bambergorthodox.de\/wp-content\/uploads\/2025\/08\/f95d51c1-b614-4291-90e5-acc5ba182124-225x300.jpeg\" width=\"225\" height=\"300\" alt=\"\" \/><\/a><\/div><div class=\"rl-gallery-item\"><a href=\"https:\/\/www.bambergorthodox.de\/wp-content\/uploads\/2025\/08\/8cdf1d5e-4ee6-4ffa-8569-4604ec56f4d7.jpeg\" title=\"\" data-rl_title=\"\" class=\"rl-gallery-link\" data-rl_caption=\"\" data-rel=\"lightbox-gallery-bGlnaHRib3gtZ2FsbGVyeS0x\" data-rl_title=\"\" data-rl_caption=\"\"><img loading=\"lazy\" decoding=\"async\" src=\"https:\/\/www.bambergorthodox.de\/wp-content\/uploads\/2025\/08\/8cdf1d5e-4ee6-4ffa-8569-4604ec56f4d7-225x300.jpeg\" width=\"225\" height=\"300\" alt=\"\" \/><\/a><\/div><div class=\"rl-gallery-item\"><a href=\"https:\/\/www.bambergorthodox.de\/wp-content\/uploads\/2025\/08\/ae436a90-34a5-4579-b887-b10f44a4f5f8.jpeg\" title=\"\" data-rl_title=\"\" class=\"rl-gallery-link\" data-rl_caption=\"\" data-rel=\"lightbox-gallery-bGlnaHRib3gtZ2FsbGVyeS0x\" data-rl_title=\"\" data-rl_caption=\"\"><img loading=\"lazy\" decoding=\"async\" src=\"https:\/\/www.bambergorthodox.de\/wp-content\/uploads\/2025\/08\/ae436a90-34a5-4579-b887-b10f44a4f5f8-225x300.jpeg\" width=\"225\" height=\"300\" alt=\"\" \/><\/a><\/div><div class=\"rl-gallery-item\"><a href=\"https:\/\/www.bambergorthodox.de\/wp-content\/uploads\/2025\/08\/be1c3a10-6326-46ad-b214-be1abf0d62af.jpeg\" title=\"\" data-rl_title=\"\" class=\"rl-gallery-link\" data-rl_caption=\"\" data-rel=\"lightbox-gallery-bGlnaHRib3gtZ2FsbGVyeS0x\" data-rl_title=\"\" data-rl_caption=\"\"><img loading=\"lazy\" decoding=\"async\" src=\"https:\/\/www.bambergorthodox.de\/wp-content\/uploads\/2025\/08\/be1c3a10-6326-46ad-b214-be1abf0d62af-169x300.jpeg\" width=\"169\" height=\"300\" alt=\"\" \/><\/a><\/div><div class=\"rl-gallery-item\"><a href=\"https:\/\/www.bambergorthodox.de\/wp-content\/uploads\/2025\/08\/521cfd97-56b5-4115-8d09-c9a8dbd8f007.jpeg\" title=\"\" data-rl_title=\"\" class=\"rl-gallery-link\" data-rl_caption=\"\" data-rel=\"lightbox-gallery-bGlnaHRib3gtZ2FsbGVyeS0x\" data-rl_title=\"\" data-rl_caption=\"\"><img loading=\"lazy\" decoding=\"async\" src=\"https:\/\/www.bambergorthodox.de\/wp-content\/uploads\/2025\/08\/521cfd97-56b5-4115-8d09-c9a8dbd8f007-169x300.jpeg\" width=\"169\" height=\"300\" alt=\"\" \/><\/a><\/div> <\/div> <\/div>","protected":false},"excerpt":{"rendered":"<p>Parohia noastr\u0103 a \u00een\u021beles suferin\u021ba prin care trec sinistra\u021bii din jude\u021bele Suceava \u0219i Neam\u021b, \u00een urma inunda\u021biilor care au distrus totul \u00een calea lor, l\u0103s\u00e2nd \u00een urm\u0103 numai dezastru. Astfel, doi credincio\u0219i din parohie, unul actual consilier parohial (Marius Sch\u00fcsser) \u0219i cel\u0103lalt fost consilier parohial (Vasilic\u0103 Orza), au plecat, cu binecuv\u00e2ntarea preotului paroh, in localitatea &#8230; <a class=\"read-more\" href=\"https:\/\/www.bambergorthodox.de\/?p=8416\">Read more&#8230;<\/a><\/p>\n","protected":false},"author":2,"featured_media":0,"comment_status":"closed","ping_status":"open","sticky":false,"template":"","format":"standard","meta":{"jetpack_post_was_ever_published":false,"_jetpack_newsletter_access":"","_jetpack_dont_email_post_to_subs":false,"_jetpack_newsletter_tier_id":0,"_jetpack_memberships_contains_paywalled_content":false,"_jetpack_memberships_contains_paid_content":false,"footnotes":"","jetpack_publicize_message":"","jetpack_publicize_feature_enabled":true,"jetpack_social_post_already_shared":true,"jetpack_social_options":{"image_generator_settings":{"template":"highway","default_image_id":0,"font":"","enabled":false},"version":2}},"categories":[5],"tags":[],"class_list":["post-8416","post","type-post","status-publish","format-standard","hentry","category-text_menue"],"jetpack_publicize_connections":[],"jetpack_featured_media_url":"","jetpack_sharing_enabled":true,"jetpack_shortlink":"https:\/\/wp.me\/p93ZOd-2bK","_links":{"self":[{"href":"https:\/\/www.bambergorthodox.de\/index.php?rest_route=\/wp\/v2\/posts\/8416","targetHints":{"allow":["GET"]}}],"collection":[{"href":"https:\/\/www.bambergorthodox.de\/index.php?rest_route=\/wp\/v2\/posts"}],"about":[{"href":"https:\/\/www.bambergorthodox.de\/index.php?rest_route=\/wp\/v2\/types\/post"}],"author":[{"embeddable":true,"href":"https:\/\/www.bambergorthodox.de\/index.php?rest_route=\/wp\/v2\/users\/2"}],"replies":[{"embeddable":true,"href":"https:\/\/www.bambergorthodox.de\/index.php?rest_route=%2Fwp%2Fv2%2Fcomments&post=8416"}],"version-history":[{"count":3,"href":"https:\/\/www.bambergorthodox.de\/index.php?rest_route=\/wp\/v2\/posts\/8416\/revisions"}],"predecessor-version":[{"id":8419,"href":"https:\/\/www.bambergorthodox.de\/index.php?rest_route=\/wp\/v2\/posts\/8416\/revisions\/8419"}],"wp:attachment":[{"href":"https:\/\/www.bambergorthodox.de\/index.php?rest_route=%2Fwp%2Fv2%2Fmedia&parent=8416"}],"wp:term":[{"taxonomy":"category","embeddable":true,"href":"https:\/\/www.bambergorthodox.de\/index.php?rest_route=%2Fwp%2Fv2%2Fcategories&post=8416"},{"taxonomy":"post_tag","embeddable":true,"href":"https:\/\/www.bambergorthodox.de\/index.php?rest_route=%2Fwp%2Fv2%2Ftags&post=8416"}],"curies":[{"name":"wp","href":"https:\/\/api.w.org\/{rel}","templated":true}]}}