{"id":8355,"date":"2025-07-20T21:38:57","date_gmt":"2025-07-20T19:38:57","guid":{"rendered":"https:\/\/www.bambergorthodox.de\/?p=8355"},"modified":"2025-08-12T21:43:43","modified_gmt":"2025-08-12T19:43:43","slug":"scoala-parohiala-activitate-de-sfarsit-de-an-scolar","status":"publish","type":"post","link":"https:\/\/www.bambergorthodox.de\/?p=8355","title":{"rendered":"\u0218coala parohial\u0103 | Activitate de sf\u00e2r\u0219it de an \u0219colar"},"content":{"rendered":"<div><a  href=\"https:\/\/www.bambergorthodox.de\/wp-content\/uploads\/2025\/08\/2a283f88-24ad-40d8-a74a-9f30644f21f4.jpeg\" data-rel=\"lightbox-gallery-1\" data-rl_title=\"\" data-rl_caption=\"\" title=\"\"><img loading=\"lazy\" decoding=\"async\" class=\"size-medium wp-image-8360 alignleft\" src=\"https:\/\/www.bambergorthodox.de\/wp-content\/uploads\/2025\/08\/2a283f88-24ad-40d8-a74a-9f30644f21f4-300x225.jpeg\" alt=\"\" width=\"300\" height=\"225\" srcset=\"https:\/\/www.bambergorthodox.de\/wp-content\/uploads\/2025\/08\/2a283f88-24ad-40d8-a74a-9f30644f21f4-300x225.jpeg 300w, https:\/\/www.bambergorthodox.de\/wp-content\/uploads\/2025\/08\/2a283f88-24ad-40d8-a74a-9f30644f21f4-1024x768.jpeg 1024w, https:\/\/www.bambergorthodox.de\/wp-content\/uploads\/2025\/08\/2a283f88-24ad-40d8-a74a-9f30644f21f4-768x576.jpeg 768w, https:\/\/www.bambergorthodox.de\/wp-content\/uploads\/2025\/08\/2a283f88-24ad-40d8-a74a-9f30644f21f4-1536x1152.jpeg 1536w, https:\/\/www.bambergorthodox.de\/wp-content\/uploads\/2025\/08\/2a283f88-24ad-40d8-a74a-9f30644f21f4.jpeg 1600w\" sizes=\"auto, (max-width: 300px) 100vw, 300px\" \/><\/a>Ast\u0103zi am petrecut o zi de poveste \u00een t\u0103r\u00e2mul de poveste de la M\u00e4rchenwald Sambachshof.<\/div>\n<div>Copiii s-au jucat, au povestit, s-au bucurat de gust\u0103rile de la picnic \u0219i au fost r\u0103spl\u0103ti\u021bi cu o \u00eenghe\u021bat\u0103 delicioasa \u0219i r\u0103coroas\u0103.<\/div>\n<div>\u0218i, cel mai important, au petrecut din nou o jum\u0103tate de zi \u00eempreun\u0103, pentru a crea sau \u00eent\u0103ri rela\u021biile lor de prietenie. \u0218i noi, p\u0103rin\u021bii lor, \u00eempreun\u0103 cu ei.<\/div>\n<p><!--more--><\/p>\n<div><\/div>\n<div><div class=\"rl-gallery-container rl-loading\" id=\"rl-gallery-container-1\" data-gallery_id=\"8361\"> <div class=\"rl-gallery rl-basicgrid-gallery \" id=\"rl-gallery-1\" data-gallery_no=\"1\"> <div class=\"rl-gallery-item\"><a href=\"https:\/\/www.bambergorthodox.de\/wp-content\/uploads\/2025\/08\/2a283f88-24ad-40d8-a74a-9f30644f21f4.jpeg\" title=\"\" data-rl_title=\"\" class=\"rl-gallery-link\" data-rl_caption=\"\" data-rel=\"lightbox-gallery-bGlnaHRib3gtZ2FsbGVyeS0x\" data-rl_title=\"\" data-rl_caption=\"\"><img loading=\"lazy\" decoding=\"async\" src=\"https:\/\/www.bambergorthodox.de\/wp-content\/uploads\/2025\/08\/2a283f88-24ad-40d8-a74a-9f30644f21f4-300x225.jpeg\" width=\"300\" height=\"225\" alt=\"\" \/><\/a><\/div><div class=\"rl-gallery-item\"><a href=\"https:\/\/www.bambergorthodox.de\/wp-content\/uploads\/2025\/08\/702b09a9-d530-4d17-ac72-c1640d6f3e13.jpeg\" title=\"\" data-rl_title=\"\" class=\"rl-gallery-link\" data-rl_caption=\"\" data-rel=\"lightbox-gallery-bGlnaHRib3gtZ2FsbGVyeS0x\" data-rl_title=\"\" data-rl_caption=\"\"><img loading=\"lazy\" decoding=\"async\" src=\"https:\/\/www.bambergorthodox.de\/wp-content\/uploads\/2025\/08\/702b09a9-d530-4d17-ac72-c1640d6f3e13-300x225.jpeg\" width=\"300\" height=\"225\" alt=\"\" \/><\/a><\/div><div class=\"rl-gallery-item\"><a href=\"https:\/\/www.bambergorthodox.de\/wp-content\/uploads\/2025\/08\/0affdb91-4fc2-453b-81aa-a8c61c7a988a.jpeg\" title=\"\" data-rl_title=\"\" class=\"rl-gallery-link\" data-rl_caption=\"\" data-rel=\"lightbox-gallery-bGlnaHRib3gtZ2FsbGVyeS0x\" data-rl_title=\"\" data-rl_caption=\"\"><img loading=\"lazy\" decoding=\"async\" src=\"https:\/\/www.bambergorthodox.de\/wp-content\/uploads\/2025\/08\/0affdb91-4fc2-453b-81aa-a8c61c7a988a-300x225.jpeg\" width=\"300\" height=\"225\" alt=\"\" \/><\/a><\/div><div class=\"rl-gallery-item\"><a href=\"https:\/\/www.bambergorthodox.de\/wp-content\/uploads\/2025\/08\/1993b299-7f2f-4a44-898f-1293f6fa7df9.jpeg\" title=\"\" data-rl_title=\"\" class=\"rl-gallery-link\" data-rl_caption=\"\" data-rel=\"lightbox-gallery-bGlnaHRib3gtZ2FsbGVyeS0x\" data-rl_title=\"\" data-rl_caption=\"\"><img loading=\"lazy\" decoding=\"async\" src=\"https:\/\/www.bambergorthodox.de\/wp-content\/uploads\/2025\/08\/1993b299-7f2f-4a44-898f-1293f6fa7df9-225x300.jpeg\" width=\"225\" height=\"300\" alt=\"\" \/><\/a><\/div> <\/div> <\/div><\/div>","protected":false},"excerpt":{"rendered":"<p>Ast\u0103zi am petrecut o zi de poveste \u00een t\u0103r\u00e2mul de poveste de la M\u00e4rchenwald Sambachshof. Copiii s-au jucat, au povestit, s-au bucurat de gust\u0103rile de la picnic \u0219i au fost r\u0103spl\u0103ti\u021bi cu o \u00eenghe\u021bat\u0103 delicioasa \u0219i r\u0103coroas\u0103. \u0218i, cel mai important, au petrecut din nou o jum\u0103tate de zi \u00eempreun\u0103, pentru a crea sau \u00eent\u0103ri &#8230; <a class=\"read-more\" href=\"https:\/\/www.bambergorthodox.de\/?p=8355\">Read more&#8230;<\/a><\/p>\n","protected":false},"author":2,"featured_media":0,"comment_status":"closed","ping_status":"open","sticky":false,"template":"","format":"standard","meta":{"jetpack_post_was_ever_published":false,"_jetpack_newsletter_access":"","_jetpack_dont_email_post_to_subs":false,"_jetpack_newsletter_tier_id":0,"_jetpack_memberships_contains_paywalled_content":false,"_jetpack_memberships_contains_paid_content":false,"footnotes":"","jetpack_publicize_message":"","jetpack_publicize_feature_enabled":true,"jetpack_social_post_already_shared":true,"jetpack_social_options":{"image_generator_settings":{"template":"highway","default_image_id":0,"font":"","enabled":false},"version":2}},"categories":[5],"tags":[],"class_list":["post-8355","post","type-post","status-publish","format-standard","hentry","category-text_menue"],"jetpack_publicize_connections":[],"jetpack_featured_media_url":"","jetpack_sharing_enabled":true,"jetpack_shortlink":"https:\/\/wp.me\/p93ZOd-2aL","_links":{"self":[{"href":"https:\/\/www.bambergorthodox.de\/index.php?rest_route=\/wp\/v2\/posts\/8355","targetHints":{"allow":["GET"]}}],"collection":[{"href":"https:\/\/www.bambergorthodox.de\/index.php?rest_route=\/wp\/v2\/posts"}],"about":[{"href":"https:\/\/www.bambergorthodox.de\/index.php?rest_route=\/wp\/v2\/types\/post"}],"author":[{"embeddable":true,"href":"https:\/\/www.bambergorthodox.de\/index.php?rest_route=\/wp\/v2\/users\/2"}],"replies":[{"embeddable":true,"href":"https:\/\/www.bambergorthodox.de\/index.php?rest_route=%2Fwp%2Fv2%2Fcomments&post=8355"}],"version-history":[{"count":3,"href":"https:\/\/www.bambergorthodox.de\/index.php?rest_route=\/wp\/v2\/posts\/8355\/revisions"}],"predecessor-version":[{"id":8363,"href":"https:\/\/www.bambergorthodox.de\/index.php?rest_route=\/wp\/v2\/posts\/8355\/revisions\/8363"}],"wp:attachment":[{"href":"https:\/\/www.bambergorthodox.de\/index.php?rest_route=%2Fwp%2Fv2%2Fmedia&parent=8355"}],"wp:term":[{"taxonomy":"category","embeddable":true,"href":"https:\/\/www.bambergorthodox.de\/index.php?rest_route=%2Fwp%2Fv2%2Fcategories&post=8355"},{"taxonomy":"post_tag","embeddable":true,"href":"https:\/\/www.bambergorthodox.de\/index.php?rest_route=%2Fwp%2Fv2%2Ftags&post=8355"}],"curies":[{"name":"wp","href":"https:\/\/api.w.org\/{rel}","templated":true}]}}