{"id":8328,"date":"2025-07-07T21:20:22","date_gmt":"2025-07-07T19:20:22","guid":{"rendered":"https:\/\/www.bambergorthodox.de\/?p=8328"},"modified":"2025-08-12T21:36:16","modified_gmt":"2025-08-12T19:36:16","slug":"scoala-parohiala-hramul-de-vara","status":"publish","type":"post","link":"https:\/\/www.bambergorthodox.de\/?p=8328","title":{"rendered":"\u0218coala parohial\u0103 | Hramul de var\u0103"},"content":{"rendered":"<div><a  href=\"https:\/\/www.bambergorthodox.de\/wp-content\/uploads\/2025\/07\/4c378cba-b96a-4550-850c-7d5e0b867905.jpg\" data-rel=\"lightbox-gallery-1\" data-rl_title=\"\" data-rl_caption=\"\" title=\"\"><img loading=\"lazy\" decoding=\"async\" class=\"size-medium wp-image-8350 alignleft\" src=\"https:\/\/www.bambergorthodox.de\/wp-content\/uploads\/2025\/07\/4c378cba-b96a-4550-850c-7d5e0b867905-300x225.jpg\" alt=\"\" width=\"300\" height=\"225\" srcset=\"https:\/\/www.bambergorthodox.de\/wp-content\/uploads\/2025\/07\/4c378cba-b96a-4550-850c-7d5e0b867905-300x225.jpg 300w, https:\/\/www.bambergorthodox.de\/wp-content\/uploads\/2025\/07\/4c378cba-b96a-4550-850c-7d5e0b867905-1024x768.jpg 1024w, https:\/\/www.bambergorthodox.de\/wp-content\/uploads\/2025\/07\/4c378cba-b96a-4550-850c-7d5e0b867905-768x576.jpg 768w, https:\/\/www.bambergorthodox.de\/wp-content\/uploads\/2025\/07\/4c378cba-b96a-4550-850c-7d5e0b867905-1536x1152.jpg 1536w, https:\/\/www.bambergorthodox.de\/wp-content\/uploads\/2025\/07\/4c378cba-b96a-4550-850c-7d5e0b867905.jpg 1600w\" sizes=\"auto, (max-width: 300px) 100vw, 300px\" \/><\/a>Cu ocazia s\u0103rb\u0103torii Hramului de var\u0103 al bisericii noastre, Sfin\u021bii Kilian, Kolonat \u0219i Totnan, copiii parohiei noastre au bucurat sufletele celor prezen\u021bi la Sf\u00e2nta Liturghie cu glasurile lor ginga\u0219e. Au preg\u0103tit priceasna ,,Pentru Tine, Doamne&#8221; \u0219i Troparul sfin\u021bilor s\u0103rb\u0103tori\u021bi.<\/div>\n<div><\/div>\n<div>Cei mici \u0219i mari, dup\u0103 ce au gustat din bun\u0103t\u0103\u021bile preg\u0103tite de gospodinele parohiei, au petrecut \u00eempreun\u0103 timp frumos pentru ve\u0219nicie.<\/div>\n<p><!--more--><\/p>\n<div><\/div>\n<div><\/div>\n<div>La umbra copacilor din curtea Bisericii, la o m\u0103su\u021b\u0103, cu mare r\u0103bdare \u0219i \u00eendem\u00e2nare, dintr-un simplu pahar de h\u00e2rtie \u0219i-au creat candele \u00een form\u0103 de flori. Acas\u0103, \u00een noile lor c\u0103ndelu\u021be, copiii pot a\u0219eza oric\u00e2nd lumin\u0103 \u0219i pot \u00een\u0103l\u021ba o mic\u0103 rug\u0103ciune Sfin\u021bilor no\u0219tri dragi.<\/div>\n<div><\/div>\n<div><\/div>\n<div><\/div>\n<div>Sfin\u021bii Kilian, Kolonat \u0219i Totnan s\u0103 ne aib\u0103 pe to\u021bi \u00een grija lor sf\u00e2nt\u0103!<\/div>\n<div><\/div>\n<div><\/div>\n<div><\/div>\n<div><div class=\"rl-gallery-container rl-loading\" id=\"rl-gallery-container-1\" data-gallery_id=\"8349\"> <div class=\"rl-gallery rl-basicgrid-gallery \" id=\"rl-gallery-1\" data-gallery_no=\"1\"> <div class=\"rl-gallery-item\"><a href=\"https:\/\/www.bambergorthodox.de\/wp-content\/uploads\/2025\/08\/4bc4f8f3-0cf9-491b-9ec1-2bec708d9562.jpg\" title=\"\" data-rl_title=\"\" class=\"rl-gallery-link\" data-rl_caption=\"\" data-rel=\"lightbox-gallery-bGlnaHRib3gtZ2FsbGVyeS0x\" data-rl_title=\"\" data-rl_caption=\"\"><img loading=\"lazy\" decoding=\"async\" src=\"https:\/\/www.bambergorthodox.de\/wp-content\/uploads\/2025\/08\/4bc4f8f3-0cf9-491b-9ec1-2bec708d9562-225x300.jpg\" width=\"225\" height=\"300\" alt=\"\" \/><\/a><\/div><div class=\"rl-gallery-item\"><a href=\"https:\/\/www.bambergorthodox.de\/wp-content\/uploads\/2025\/08\/59c64c72-6ad2-4466-9484-123afab5a3ef.jpg\" title=\"\" data-rl_title=\"\" class=\"rl-gallery-link\" data-rl_caption=\"\" data-rel=\"lightbox-gallery-bGlnaHRib3gtZ2FsbGVyeS0x\" data-rl_title=\"\" data-rl_caption=\"\"><img loading=\"lazy\" decoding=\"async\" src=\"https:\/\/www.bambergorthodox.de\/wp-content\/uploads\/2025\/08\/59c64c72-6ad2-4466-9484-123afab5a3ef-225x300.jpg\" width=\"225\" height=\"300\" alt=\"\" \/><\/a><\/div><div class=\"rl-gallery-item\"><a href=\"https:\/\/www.bambergorthodox.de\/wp-content\/uploads\/2025\/08\/6da28260-2bb0-4c65-b139-cf08bc90b944.jpg\" title=\"\" data-rl_title=\"\" class=\"rl-gallery-link\" data-rl_caption=\"\" data-rel=\"lightbox-gallery-bGlnaHRib3gtZ2FsbGVyeS0x\" data-rl_title=\"\" data-rl_caption=\"\"><img loading=\"lazy\" decoding=\"async\" src=\"https:\/\/www.bambergorthodox.de\/wp-content\/uploads\/2025\/08\/6da28260-2bb0-4c65-b139-cf08bc90b944-225x300.jpg\" width=\"225\" height=\"300\" alt=\"\" \/><\/a><\/div><div class=\"rl-gallery-item\"><a href=\"https:\/\/www.bambergorthodox.de\/wp-content\/uploads\/2025\/08\/394dc154-2d4a-4143-a532-a082ec755272.jpg\" title=\"\" data-rl_title=\"\" class=\"rl-gallery-link\" data-rl_caption=\"\" data-rel=\"lightbox-gallery-bGlnaHRib3gtZ2FsbGVyeS0x\" data-rl_title=\"\" data-rl_caption=\"\"><img loading=\"lazy\" decoding=\"async\" src=\"https:\/\/www.bambergorthodox.de\/wp-content\/uploads\/2025\/08\/394dc154-2d4a-4143-a532-a082ec755272-225x300.jpg\" width=\"225\" height=\"300\" alt=\"\" \/><\/a><\/div><div class=\"rl-gallery-item\"><a href=\"https:\/\/www.bambergorthodox.de\/wp-content\/uploads\/2025\/08\/80a7ed09-9f16-4bd9-8bb5-afe364eec26d.jpg\" title=\"\" data-rl_title=\"\" class=\"rl-gallery-link\" data-rl_caption=\"\" data-rel=\"lightbox-gallery-bGlnaHRib3gtZ2FsbGVyeS0x\" data-rl_title=\"\" data-rl_caption=\"\"><img loading=\"lazy\" decoding=\"async\" src=\"https:\/\/www.bambergorthodox.de\/wp-content\/uploads\/2025\/08\/80a7ed09-9f16-4bd9-8bb5-afe364eec26d-225x300.jpg\" width=\"225\" height=\"300\" alt=\"\" \/><\/a><\/div><div class=\"rl-gallery-item\"><a href=\"https:\/\/www.bambergorthodox.de\/wp-content\/uploads\/2025\/08\/52fc5ac4-e5e0-4bc7-bad7-d8b84ffcb1ea.jpg\" title=\"\" data-rl_title=\"\" class=\"rl-gallery-link\" data-rl_caption=\"\" data-rel=\"lightbox-gallery-bGlnaHRib3gtZ2FsbGVyeS0x\" data-rl_title=\"\" data-rl_caption=\"\"><img loading=\"lazy\" decoding=\"async\" src=\"https:\/\/www.bambergorthodox.de\/wp-content\/uploads\/2025\/08\/52fc5ac4-e5e0-4bc7-bad7-d8b84ffcb1ea-225x300.jpg\" width=\"225\" height=\"300\" alt=\"\" \/><\/a><\/div><div class=\"rl-gallery-item\"><a href=\"https:\/\/www.bambergorthodox.de\/wp-content\/uploads\/2025\/08\/8f03f1a4-f700-4e46-a863-ebd4ad4dd75a.jpg\" title=\"\" data-rl_title=\"\" class=\"rl-gallery-link\" data-rl_caption=\"\" data-rel=\"lightbox-gallery-bGlnaHRib3gtZ2FsbGVyeS0x\" data-rl_title=\"\" data-rl_caption=\"\"><img loading=\"lazy\" decoding=\"async\" src=\"https:\/\/www.bambergorthodox.de\/wp-content\/uploads\/2025\/08\/8f03f1a4-f700-4e46-a863-ebd4ad4dd75a-225x300.jpg\" width=\"225\" height=\"300\" alt=\"\" \/><\/a><\/div><div class=\"rl-gallery-item\"><a href=\"https:\/\/www.bambergorthodox.de\/wp-content\/uploads\/2025\/08\/adc4e457-373c-4772-b3e3-2c08d39c5c16.jpg\" title=\"\" data-rl_title=\"\" class=\"rl-gallery-link\" data-rl_caption=\"\" data-rel=\"lightbox-gallery-bGlnaHRib3gtZ2FsbGVyeS0x\" data-rl_title=\"\" data-rl_caption=\"\"><img loading=\"lazy\" decoding=\"async\" src=\"https:\/\/www.bambergorthodox.de\/wp-content\/uploads\/2025\/08\/adc4e457-373c-4772-b3e3-2c08d39c5c16-225x300.jpg\" width=\"225\" height=\"300\" alt=\"\" \/><\/a><\/div><div class=\"rl-gallery-item\"><a href=\"https:\/\/www.bambergorthodox.de\/wp-content\/uploads\/2025\/08\/f4dc4653-74e1-4dc7-bd5d-bd1f36625780.jpg\" title=\"\" data-rl_title=\"\" class=\"rl-gallery-link\" data-rl_caption=\"\" data-rel=\"lightbox-gallery-bGlnaHRib3gtZ2FsbGVyeS0x\" data-rl_title=\"\" data-rl_caption=\"\"><img loading=\"lazy\" decoding=\"async\" src=\"https:\/\/www.bambergorthodox.de\/wp-content\/uploads\/2025\/08\/f4dc4653-74e1-4dc7-bd5d-bd1f36625780-225x300.jpg\" width=\"225\" height=\"300\" alt=\"\" \/><\/a><\/div><div class=\"rl-gallery-item\"><a href=\"https:\/\/www.bambergorthodox.de\/wp-content\/uploads\/2025\/08\/be0ca9a5-e947-4407-aa87-6a1b26e1ea3c.jpg\" title=\"\" data-rl_title=\"\" class=\"rl-gallery-link\" data-rl_caption=\"\" data-rel=\"lightbox-gallery-bGlnaHRib3gtZ2FsbGVyeS0x\" data-rl_title=\"\" data-rl_caption=\"\"><img loading=\"lazy\" decoding=\"async\" src=\"https:\/\/www.bambergorthodox.de\/wp-content\/uploads\/2025\/08\/be0ca9a5-e947-4407-aa87-6a1b26e1ea3c-225x300.jpg\" width=\"225\" height=\"300\" alt=\"\" \/><\/a><\/div><div class=\"rl-gallery-item\"><a href=\"https:\/\/www.bambergorthodox.de\/wp-content\/uploads\/2025\/08\/0f1aea8a-9880-4b17-a94c-aba35df81ce0.jpg\" title=\"\" data-rl_title=\"\" class=\"rl-gallery-link\" data-rl_caption=\"\" data-rel=\"lightbox-gallery-bGlnaHRib3gtZ2FsbGVyeS0x\" data-rl_title=\"\" data-rl_caption=\"\"><img loading=\"lazy\" decoding=\"async\" src=\"https:\/\/www.bambergorthodox.de\/wp-content\/uploads\/2025\/08\/0f1aea8a-9880-4b17-a94c-aba35df81ce0-225x300.jpg\" width=\"225\" height=\"300\" alt=\"\" \/><\/a><\/div><div class=\"rl-gallery-item\"><a href=\"https:\/\/www.bambergorthodox.de\/wp-content\/uploads\/2025\/08\/581701cd-386e-4021-ad64-833ed93b8478.jpg\" title=\"\" data-rl_title=\"\" class=\"rl-gallery-link\" data-rl_caption=\"\" data-rel=\"lightbox-gallery-bGlnaHRib3gtZ2FsbGVyeS0x\" data-rl_title=\"\" data-rl_caption=\"\"><img loading=\"lazy\" decoding=\"async\" src=\"https:\/\/www.bambergorthodox.de\/wp-content\/uploads\/2025\/08\/581701cd-386e-4021-ad64-833ed93b8478-225x300.jpg\" width=\"225\" height=\"300\" alt=\"\" \/><\/a><\/div><div class=\"rl-gallery-item\"><a href=\"https:\/\/www.bambergorthodox.de\/wp-content\/uploads\/2025\/08\/104297e2-b6c6-4486-834d-000162455cca.jpg\" title=\"\" data-rl_title=\"\" class=\"rl-gallery-link\" data-rl_caption=\"\" data-rel=\"lightbox-gallery-bGlnaHRib3gtZ2FsbGVyeS0x\" data-rl_title=\"\" data-rl_caption=\"\"><img loading=\"lazy\" decoding=\"async\" src=\"https:\/\/www.bambergorthodox.de\/wp-content\/uploads\/2025\/08\/104297e2-b6c6-4486-834d-000162455cca-225x300.jpg\" width=\"225\" height=\"300\" alt=\"\" \/><\/a><\/div> <\/div> <\/div><\/div>\n<div><\/div>","protected":false},"excerpt":{"rendered":"<p>Cu ocazia s\u0103rb\u0103torii Hramului de var\u0103 al bisericii noastre, Sfin\u021bii Kilian, Kolonat \u0219i Totnan, copiii parohiei noastre au bucurat sufletele celor prezen\u021bi la Sf\u00e2nta Liturghie cu glasurile lor ginga\u0219e. Au preg\u0103tit priceasna ,,Pentru Tine, Doamne&#8221; \u0219i Troparul sfin\u021bilor s\u0103rb\u0103tori\u021bi. Cei mici \u0219i mari, dup\u0103 ce au gustat din bun\u0103t\u0103\u021bile preg\u0103tite de gospodinele parohiei, au petrecut &#8230; <a class=\"read-more\" href=\"https:\/\/www.bambergorthodox.de\/?p=8328\">Read more&#8230;<\/a><\/p>\n","protected":false},"author":2,"featured_media":0,"comment_status":"closed","ping_status":"open","sticky":false,"template":"","format":"standard","meta":{"jetpack_post_was_ever_published":false,"_jetpack_newsletter_access":"","_jetpack_dont_email_post_to_subs":false,"_jetpack_newsletter_tier_id":0,"_jetpack_memberships_contains_paywalled_content":false,"_jetpack_memberships_contains_paid_content":false,"footnotes":"","jetpack_publicize_message":"","jetpack_publicize_feature_enabled":true,"jetpack_social_post_already_shared":true,"jetpack_social_options":{"image_generator_settings":{"template":"highway","default_image_id":0,"font":"","enabled":false},"version":2}},"categories":[5],"tags":[],"class_list":["post-8328","post","type-post","status-publish","format-standard","hentry","category-text_menue"],"jetpack_publicize_connections":[],"jetpack_featured_media_url":"","jetpack_sharing_enabled":true,"jetpack_shortlink":"https:\/\/wp.me\/p93ZOd-2ak","_links":{"self":[{"href":"https:\/\/www.bambergorthodox.de\/index.php?rest_route=\/wp\/v2\/posts\/8328","targetHints":{"allow":["GET"]}}],"collection":[{"href":"https:\/\/www.bambergorthodox.de\/index.php?rest_route=\/wp\/v2\/posts"}],"about":[{"href":"https:\/\/www.bambergorthodox.de\/index.php?rest_route=\/wp\/v2\/types\/post"}],"author":[{"embeddable":true,"href":"https:\/\/www.bambergorthodox.de\/index.php?rest_route=\/wp\/v2\/users\/2"}],"replies":[{"embeddable":true,"href":"https:\/\/www.bambergorthodox.de\/index.php?rest_route=%2Fwp%2Fv2%2Fcomments&post=8328"}],"version-history":[{"count":5,"href":"https:\/\/www.bambergorthodox.de\/index.php?rest_route=\/wp\/v2\/posts\/8328\/revisions"}],"predecessor-version":[{"id":8354,"href":"https:\/\/www.bambergorthodox.de\/index.php?rest_route=\/wp\/v2\/posts\/8328\/revisions\/8354"}],"wp:attachment":[{"href":"https:\/\/www.bambergorthodox.de\/index.php?rest_route=%2Fwp%2Fv2%2Fmedia&parent=8328"}],"wp:term":[{"taxonomy":"category","embeddable":true,"href":"https:\/\/www.bambergorthodox.de\/index.php?rest_route=%2Fwp%2Fv2%2Fcategories&post=8328"},{"taxonomy":"post_tag","embeddable":true,"href":"https:\/\/www.bambergorthodox.de\/index.php?rest_route=%2Fwp%2Fv2%2Ftags&post=8328"}],"curies":[{"name":"wp","href":"https:\/\/api.w.org\/{rel}","templated":true}]}}