{"id":810,"date":"2016-10-18T12:00:53","date_gmt":"2016-10-18T10:00:53","guid":{"rendered":"http:\/\/www.bambergorthodox.de\/?p=810"},"modified":"2017-02-22T10:47:10","modified_gmt":"2017-02-22T09:47:10","slug":"romana-taina-sfintei-cuvioase-parascheva-la-bamberg","status":"publish","type":"post","link":"https:\/\/www.bambergorthodox.de\/?p=810","title":{"rendered":"Taina Sfintei Cuvioase Parascheva la Bamberg"},"content":{"rendered":"<a  href=\"https:\/\/www.bambergorthodox.de\/wp-content\/uploads\/2016\/10\/DSC03476.jpg\" data-rel=\"lightbox-gallery-0\" data-rl_title=\"\" data-rl_caption=\"\" title=\"\"><img loading=\"lazy\" decoding=\"async\" class=\"alignleft wp-image-811 size-medium\" src=\"https:\/\/www.bambergorthodox.de\/wp-content\/uploads\/2016\/10\/DSC03476-e1476784729885-200x300.jpg\" alt=\"dsc03476\" width=\"200\" height=\"300\" srcset=\"https:\/\/www.bambergorthodox.de\/wp-content\/uploads\/2016\/10\/DSC03476-e1476784729885-200x300.jpg 200w, https:\/\/www.bambergorthodox.de\/wp-content\/uploads\/2016\/10\/DSC03476-e1476784729885-768x1154.jpg 768w, https:\/\/www.bambergorthodox.de\/wp-content\/uploads\/2016\/10\/DSC03476-e1476784729885-682x1024.jpg 682w\" sizes=\"auto, (max-width: 200px) 100vw, 200px\" \/><\/a><em>S\u0103rb\u0103toarea Cuvioasei Maicii noastre Parascheva reprezint\u0103, \u00een fiecare toamn\u0103, prilej de bucurie printre cre\u0219tinii ortodoc\u0219i rom\u00e2ni. Sutele de mii de credincio\u0219i (200.000 dup\u0103 statistica din 2015), din toat\u0103 Rom\u00e2nia \u0219i nu numai, se pornesc spre capitala Moldovei, Ia\u0219i, spre a se putea \u00eenchina cu evlavie sf\u00e2nt\u0103 Sfintelor moa\u0219te, care se afl\u0103 \u00een catedrala mitropolitan\u0103 \u00eenc\u0103 de la 1641, din timpul domnitorului Vasile Lupu. Iat\u0103 o tain\u0103 minunat\u0103 lucrat\u0103 de Dumnezeu prin Sf\u00e2nta Parascheva: o copil\u0103 (a plecat la Domnul la v\u00e2rsta de 27 de ani) adun\u0103 anual la moa\u0219tele sale sute de mii de oameni, f\u0103r\u0103 m\u0103car s\u0103 \u00ee\u0219i doreasc\u0103 acest lucru, c\u0103ci milostenia \u0219i smerenia i-au caracterizat scurta via\u021b\u0103 p\u0103m\u00e2nteasc\u0103.<\/em><br \/>\n<!--more--><\/p>\n<p>Aceea\u0219i tain\u0103 se \u00eent\u00e2mpl\u0103 \u0219i la parohia noastr\u0103 din Bamberg, \u00a0c\u00e2nd are loc ziua de pr\u0103znuire a Sfintei Parascheva. La S\u0103rb\u0103toarea Hramului din acest an, Cuvioasa a adunat laolalt\u0103 160 de cre\u0219tini din Bamberg, din toat\u0103 Franconia, din Bavaria, Chemnitz, Erfurt, Heidelberg, Fran\u021ba, Rom\u00e2nia \u0219i reprezenta\u021bi din massmedia local\u0103 (cotidianul Fr\u00e4nkischer Tag).<\/p>\n<p>Sf\u00e2nta \u0219i Dumnezeieasca Liturghie a fost s\u0103v\u00e2r\u0219it\u0103 \u00een sobor de preo\u021bi sub protia Preasfin\u021bitului P\u0103rinte dr. Sofian Bra\u0219oveanul, episcop vicar al Arhiepiscopiei Germaniei, Austriei \u0219i Luxemburgului. Al\u0103turi de p\u0103rintele paroh, drd. Ionu\u021b P\u0103un, au mai fost prezen\u021bi: p\u0103rintele ieromonah dr. med. Athanasie Ulea (parohia Chemnitz), p\u0103rintele Florin Buta (parohia Erfurt) \u0219i p\u0103rintele Ionu\u021b Filimon (parohiile Dijon \u0219i Auxerre \u2013 Fran\u021ba). A asistat la Sf\u00e2nta Liturghie \u0219i p\u0103rintele Bogdan Puszkar, parohul comunit\u0103\u021bii ucrainene, gazda parohiei noastre. Corul \u201eSf. Martiri Br\u00e2ncoveni\u201c, al catedralei mitropolitane din N\u00fcrnberg, a \u00eentregit bucuria comuniunii prin interpretarea\u00a0r\u0103spunsurilor liturgice.<\/p>\n<p>Parohia noastr\u0103 a primit \u00een dar cu acest prilej, prin grija teologului C\u0103t\u0103lin Cruceru \u0219i cu sprijinul c\u00e2torva familii din parohie, o icoan\u0103 deosebit\u0103 a Cuvioasei Parascheva \u0219i un tetrapod. Icoana cu foi\u021b\u0103 de aur a fost pictat\u0103 \u00een Rom\u00e2nia, \u00eentr-un timp scurt spre a fi prezent\u0103 \u00een ziua hramului.<\/p>\n<p>Agapa de dup\u0103 slujb\u0103 a dat posibilitatea membrilor parohiei s\u0103 petreac\u0103 o dup\u0103 amiaz\u0103 binecuv\u00e2ntat\u0103, \u00eencununat\u0103 de un scurt program artistic al copiilor de la \u0219coala parohial\u0103. Tuturor celor ce au participat, \u0219i celor care s-au str\u0103duit \u00eentr-un fel sau altul la preg\u0103tirea zilei hramului, le mul\u021bumim din suflet \u0219i rug\u0103m pe Cuvioasa Maica noastr\u0103 Parascheva s\u0103 le fie al\u0103turi ne\u00eencetat \u0219i s\u0103 le r\u0103spl\u0103teasc\u0103!<\/p>\n<p>&nbsp;<\/p>\n<p><em>Preot paroh,<\/em><\/p>\n<p><em>Drd. Ionu\u021b P\u0103un<\/em><\/p>\n<p><em><a  href=\"https:\/\/www.bambergorthodox.de\/wp-content\/uploads\/2016\/10\/IMG_0472-e1476785527220.jpg\" data-rel=\"lightbox-gallery-0\" data-rl_title=\"\" data-rl_caption=\"\" title=\"\"><img loading=\"lazy\" decoding=\"async\" class=\"alignnone wp-image-815 size-thumbnail\" src=\"https:\/\/www.bambergorthodox.de\/wp-content\/uploads\/2016\/10\/IMG_0472-e1476785527220-150x150.jpg\" alt=\"img_0472\" width=\"150\" height=\"150\" \/><\/a> <a  href=\"https:\/\/www.bambergorthodox.de\/wp-content\/uploads\/2016\/10\/IMG_0471-e1476785557869.jpg\" data-rel=\"lightbox-gallery-0\" data-rl_title=\"\" data-rl_caption=\"\" title=\"\"><img loading=\"lazy\" decoding=\"async\" class=\"alignnone wp-image-816 size-thumbnail\" src=\"https:\/\/www.bambergorthodox.de\/wp-content\/uploads\/2016\/10\/IMG_0471-e1476785557869-150x150.jpg\" alt=\"img_0471\" width=\"150\" height=\"150\" \/><\/a> <a  href=\"https:\/\/www.bambergorthodox.de\/wp-content\/uploads\/2016\/10\/IMG_0487-e1476785495316.jpg\" data-rel=\"lightbox-gallery-0\" data-rl_title=\"\" data-rl_caption=\"\" title=\"\"><img loading=\"lazy\" decoding=\"async\" class=\"alignnone wp-image-814 size-thumbnail\" src=\"https:\/\/www.bambergorthodox.de\/wp-content\/uploads\/2016\/10\/IMG_0487-e1476785495316-150x150.jpg\" alt=\"img_0487\" width=\"150\" height=\"150\" \/><\/a> <a  href=\"https:\/\/www.bambergorthodox.de\/wp-content\/uploads\/2016\/10\/IMG_0488-e1476785453570.jpg\" data-rel=\"lightbox-gallery-0\" data-rl_title=\"\" data-rl_caption=\"\" title=\"\"><img loading=\"lazy\" decoding=\"async\" class=\"alignnone wp-image-813 size-thumbnail\" src=\"https:\/\/www.bambergorthodox.de\/wp-content\/uploads\/2016\/10\/IMG_0488-e1476785453570-150x150.jpg\" alt=\"img_0488\" width=\"150\" height=\"150\" \/><\/a> <a  href=\"https:\/\/www.bambergorthodox.de\/wp-content\/uploads\/2016\/10\/DSC03476-e1476784729885.jpg\" data-rel=\"lightbox-gallery-0\" data-rl_title=\"\" data-rl_caption=\"\" title=\"\"><img loading=\"lazy\" decoding=\"async\" class=\"alignnone wp-image-811 size-thumbnail\" src=\"https:\/\/www.bambergorthodox.de\/wp-content\/uploads\/2016\/10\/DSC03476-e1476784729885-150x150.jpg\" alt=\"dsc03476\" width=\"150\" height=\"150\" \/><\/a>\u00a0<a  href=\"https:\/\/www.bambergorthodox.de\/wp-content\/uploads\/2016\/10\/DSC03466.jpg\" data-rel=\"lightbox-gallery-0\" data-rl_title=\"\" data-rl_caption=\"\" title=\"\"><img loading=\"lazy\" decoding=\"async\" class=\"alignnone wp-image-819 size-thumbnail\" src=\"https:\/\/www.bambergorthodox.de\/wp-content\/uploads\/2016\/10\/DSC03466-150x150.jpg\" alt=\"dsc03466\" width=\"150\" height=\"150\" \/><\/a>\u00a0<a  href=\"https:\/\/www.bambergorthodox.de\/wp-content\/uploads\/2016\/10\/DSC01174.jpg\" data-rel=\"lightbox-gallery-0\" data-rl_title=\"\" data-rl_caption=\"\" title=\"\"><img loading=\"lazy\" decoding=\"async\" class=\"alignnone wp-image-845 size-thumbnail\" src=\"https:\/\/www.bambergorthodox.de\/wp-content\/uploads\/2016\/10\/DSC01174-150x150.jpg\" alt=\"dsc01174\" width=\"150\" height=\"150\" \/><\/a>\u00a0<img loading=\"lazy\" decoding=\"async\" class=\"alignnone wp-image-833 size-thumbnail\" src=\"https:\/\/www.bambergorthodox.de\/wp-content\/uploads\/2016\/10\/DSC01267-150x150.jpg\" alt=\"dsc01267\" width=\"150\" height=\"150\" \/>\u00a0<a  href=\"https:\/\/www.bambergorthodox.de\/wp-content\/uploads\/2016\/10\/DSC03498.jpg\" data-rel=\"lightbox-gallery-0\" data-rl_title=\"\" data-rl_caption=\"\" title=\"\"><img loading=\"lazy\" decoding=\"async\" class=\"alignnone wp-image-821 size-thumbnail\" src=\"https:\/\/www.bambergorthodox.de\/wp-content\/uploads\/2016\/10\/DSC03498-150x150.jpg\" alt=\"dsc03498\" width=\"150\" height=\"150\" \/><\/a> <a  href=\"https:\/\/www.bambergorthodox.de\/wp-content\/uploads\/2016\/10\/DSC03537.jpg\" data-rel=\"lightbox-gallery-0\" data-rl_title=\"\" data-rl_caption=\"\" title=\"\"><img loading=\"lazy\" decoding=\"async\" class=\"alignnone wp-image-822 size-thumbnail\" src=\"https:\/\/www.bambergorthodox.de\/wp-content\/uploads\/2016\/10\/DSC03537-150x150.jpg\" alt=\"dsc03537\" width=\"150\" height=\"150\" \/><\/a> <a  href=\"https:\/\/www.bambergorthodox.de\/wp-content\/uploads\/2016\/10\/DSC03543.jpg\" data-rel=\"lightbox-gallery-0\" data-rl_title=\"\" data-rl_caption=\"\" title=\"\"><img loading=\"lazy\" decoding=\"async\" class=\"alignnone wp-image-823 size-thumbnail\" src=\"https:\/\/www.bambergorthodox.de\/wp-content\/uploads\/2016\/10\/DSC03543-150x150.jpg\" alt=\"dsc03543\" width=\"150\" height=\"150\" \/><\/a> <a  href=\"https:\/\/www.bambergorthodox.de\/wp-content\/uploads\/2016\/10\/DSC01310.jpg\" data-rel=\"lightbox-gallery-0\" data-rl_title=\"\" data-rl_caption=\"\" title=\"\"><img loading=\"lazy\" decoding=\"async\" class=\"alignnone wp-image-829 size-thumbnail\" src=\"https:\/\/www.bambergorthodox.de\/wp-content\/uploads\/2016\/10\/DSC01310-150x150.jpg\" alt=\"dsc01310\" width=\"150\" height=\"150\" \/><\/a>\u00a0<a  href=\"https:\/\/www.bambergorthodox.de\/wp-content\/uploads\/2016\/10\/DSC01304.jpg\" data-rel=\"lightbox-gallery-0\" data-rl_title=\"\" data-rl_caption=\"\" title=\"\"><img loading=\"lazy\" decoding=\"async\" class=\"alignnone wp-image-830 size-thumbnail\" src=\"https:\/\/www.bambergorthodox.de\/wp-content\/uploads\/2016\/10\/DSC01304-150x150.jpg\" alt=\"dsc01304\" width=\"150\" height=\"150\" \/><\/a>\u00a0<img loading=\"lazy\" decoding=\"async\" class=\"alignnone wp-image-835 size-thumbnail\" src=\"https:\/\/www.bambergorthodox.de\/wp-content\/uploads\/2016\/10\/DSC01217-150x150.jpg\" alt=\"dsc01217\" width=\"150\" height=\"150\" \/>\u00a0<a  href=\"https:\/\/www.bambergorthodox.de\/wp-content\/uploads\/2016\/10\/DSC01302.jpg\" data-rel=\"lightbox-gallery-0\" data-rl_title=\"\" data-rl_caption=\"\" title=\"\"><img loading=\"lazy\" decoding=\"async\" class=\"alignnone wp-image-831 size-thumbnail\" src=\"https:\/\/www.bambergorthodox.de\/wp-content\/uploads\/2016\/10\/DSC01302-150x150.jpg\" alt=\"dsc01302\" width=\"150\" height=\"150\" \/><\/a>\u00a0<a  href=\"https:\/\/www.bambergorthodox.de\/wp-content\/uploads\/2016\/10\/DSC01282.jpg\" data-rel=\"lightbox-gallery-0\" data-rl_title=\"\" data-rl_caption=\"\" title=\"\"><img loading=\"lazy\" decoding=\"async\" class=\"alignnone wp-image-832 size-thumbnail\" src=\"https:\/\/www.bambergorthodox.de\/wp-content\/uploads\/2016\/10\/DSC01282-150x150.jpg\" alt=\"dsc01282\" width=\"150\" height=\"150\" \/><\/a>\u00a0<a  href=\"https:\/\/www.bambergorthodox.de\/wp-content\/uploads\/2016\/10\/DSC01228.jpg\" data-rel=\"lightbox-gallery-0\" data-rl_title=\"\" data-rl_caption=\"\" title=\"\"><img loading=\"lazy\" decoding=\"async\" class=\"alignnone wp-image-834 size-thumbnail\" src=\"https:\/\/www.bambergorthodox.de\/wp-content\/uploads\/2016\/10\/DSC01228-150x150.jpg\" alt=\"dsc01228\" width=\"150\" height=\"150\" \/><\/a>\u00a0<a  href=\"https:\/\/www.bambergorthodox.de\/wp-content\/uploads\/2016\/10\/DSC01196.jpg\" data-rel=\"lightbox-gallery-0\" data-rl_title=\"\" data-rl_caption=\"\" title=\"\"><img loading=\"lazy\" decoding=\"async\" class=\"alignnone wp-image-836 size-thumbnail\" src=\"https:\/\/www.bambergorthodox.de\/wp-content\/uploads\/2016\/10\/DSC01196-150x150.jpg\" alt=\"dsc01196\" width=\"150\" height=\"150\" \/><\/a>\u00a0<a  href=\"https:\/\/www.bambergorthodox.de\/wp-content\/uploads\/2016\/10\/DSC01190.jpg\" data-rel=\"lightbox-gallery-0\" data-rl_title=\"\" data-rl_caption=\"\" title=\"\"><img loading=\"lazy\" decoding=\"async\" class=\"alignnone wp-image-837 size-thumbnail\" src=\"https:\/\/www.bambergorthodox.de\/wp-content\/uploads\/2016\/10\/DSC01190-150x150.jpg\" alt=\"dsc01190\" width=\"150\" height=\"150\" \/>\u00a0<img loading=\"lazy\" decoding=\"async\" class=\"alignnone wp-image-824 size-thumbnail\" src=\"https:\/\/www.bambergorthodox.de\/wp-content\/uploads\/2016\/10\/DSC03553-150x150.jpg\" alt=\"dsc03553\" width=\"150\" height=\"150\" \/>\u00a0<img loading=\"lazy\" decoding=\"async\" class=\"alignnone wp-image-840 size-thumbnail\" src=\"https:\/\/www.bambergorthodox.de\/wp-content\/uploads\/2016\/10\/DSC01337-1-150x150.jpg\" alt=\"dsc01337\" width=\"150\" height=\"150\" \/><\/a><\/em><\/p>\n<p>&nbsp;","protected":false},"excerpt":{"rendered":"<p>S\u0103rb\u0103toarea Cuvioasei Maicii noastre Parascheva reprezint\u0103, \u00een fiecare toamn\u0103, prilej de bucurie printre cre\u0219tinii ortodoc\u0219i rom\u00e2ni. Sutele de mii de credincio\u0219i (200.000 dup\u0103 statistica din 2015), din toat\u0103 Rom\u00e2nia \u0219i nu numai, se pornesc spre capitala Moldovei, Ia\u0219i, spre a se putea \u00eenchina cu evlavie sf\u00e2nt\u0103 Sfintelor moa\u0219te, care se afl\u0103 \u00een catedrala mitropolitan\u0103 \u00eenc\u0103 &#8230; <a class=\"read-more\" href=\"https:\/\/www.bambergorthodox.de\/?p=810\">Read more&#8230;<\/a><\/p>\n","protected":false},"author":1,"featured_media":0,"comment_status":"open","ping_status":"open","sticky":false,"template":"","format":"standard","meta":{"jetpack_post_was_ever_published":false,"_jetpack_newsletter_access":"","_jetpack_dont_email_post_to_subs":false,"_jetpack_newsletter_tier_id":0,"_jetpack_memberships_contains_paywalled_content":false,"_jetpack_memberships_contains_paid_content":false,"footnotes":"","jetpack_publicize_message":"","jetpack_publicize_feature_enabled":true,"jetpack_social_post_already_shared":false,"jetpack_social_options":{"image_generator_settings":{"template":"highway","default_image_id":0,"font":"","enabled":false},"version":2}},"categories":[5],"tags":[],"class_list":["post-810","post","type-post","status-publish","format-standard","hentry","category-text_menue"],"jetpack_publicize_connections":[],"jetpack_featured_media_url":"","jetpack_sharing_enabled":true,"jetpack_shortlink":"https:\/\/wp.me\/p93ZOd-d4","_links":{"self":[{"href":"https:\/\/www.bambergorthodox.de\/index.php?rest_route=\/wp\/v2\/posts\/810","targetHints":{"allow":["GET"]}}],"collection":[{"href":"https:\/\/www.bambergorthodox.de\/index.php?rest_route=\/wp\/v2\/posts"}],"about":[{"href":"https:\/\/www.bambergorthodox.de\/index.php?rest_route=\/wp\/v2\/types\/post"}],"author":[{"embeddable":true,"href":"https:\/\/www.bambergorthodox.de\/index.php?rest_route=\/wp\/v2\/users\/1"}],"replies":[{"embeddable":true,"href":"https:\/\/www.bambergorthodox.de\/index.php?rest_route=%2Fwp%2Fv2%2Fcomments&post=810"}],"version-history":[{"count":10,"href":"https:\/\/www.bambergorthodox.de\/index.php?rest_route=\/wp\/v2\/posts\/810\/revisions"}],"predecessor-version":[{"id":847,"href":"https:\/\/www.bambergorthodox.de\/index.php?rest_route=\/wp\/v2\/posts\/810\/revisions\/847"}],"wp:attachment":[{"href":"https:\/\/www.bambergorthodox.de\/index.php?rest_route=%2Fwp%2Fv2%2Fmedia&parent=810"}],"wp:term":[{"taxonomy":"category","embeddable":true,"href":"https:\/\/www.bambergorthodox.de\/index.php?rest_route=%2Fwp%2Fv2%2Fcategories&post=810"},{"taxonomy":"post_tag","embeddable":true,"href":"https:\/\/www.bambergorthodox.de\/index.php?rest_route=%2Fwp%2Fv2%2Ftags&post=810"}],"curies":[{"name":"wp","href":"https:\/\/api.w.org\/{rel}","templated":true}]}}