{"id":804,"date":"2016-09-21T13:29:48","date_gmt":"2016-09-21T11:29:48","guid":{"rendered":"http:\/\/www.bambergorthodox.de\/?p=804"},"modified":"2016-09-21T14:51:56","modified_gmt":"2016-09-21T12:51:56","slug":"romana-invitatie-la-hramul-de-toamna-parohia-bamberg","status":"publish","type":"post","link":"https:\/\/www.bambergorthodox.de\/?p=804","title":{"rendered":"Invita\u021bie la Hramul de toamn\u0103 &#8211; Parohia Bamberg"},"content":{"rendered":"<em><img loading=\"lazy\" decoding=\"async\" class=\"size-medium wp-image-805 alignleft\" src=\"https:\/\/www.bambergorthodox.de\/wp-content\/uploads\/2016\/09\/sfanta-parascheva-231x300.jpg\" alt=\"sfanta-parascheva\" width=\"231\" height=\"300\" srcset=\"https:\/\/www.bambergorthodox.de\/wp-content\/uploads\/2016\/09\/sfanta-parascheva-231x300.jpg 231w, https:\/\/www.bambergorthodox.de\/wp-content\/uploads\/2016\/09\/sfanta-parascheva-768x997.jpg 768w, https:\/\/www.bambergorthodox.de\/wp-content\/uploads\/2016\/09\/sfanta-parascheva-788x1024.jpg 788w, https:\/\/www.bambergorthodox.de\/wp-content\/uploads\/2016\/09\/sfanta-parascheva.jpg 800w\" sizes=\"auto, (max-width: 231px) 100vw, 231px\" \/>V\u0103 invit\u0103m cu bucurie la hramul de toamn<\/em><em>\u0103<\/em><em> al parohiei noastre din Bamberg, Sf\u00e2nta Cuvioas\u0103 Parascheva:\u00a0<\/em><\/p>\n<p><strong><em>S\u00e2mb\u0103t\u0103, 15 octombrie, orele 10.30<\/em><\/strong><em>.<\/em><\/p>\n<p><strong><em>Preasfin\u021bitul P\u0103rinte Dr. Sofian Bra\u0219oveanul<\/em><\/strong><em>, al\u0103turi de un <strong>sobor de preo\u021bi<\/strong>, va sluji <strong>Sf\u00e2nta \u0219i Dumnezeiasca Liturghie<\/strong>. R\u0103spunsurile liturgice vor fi oferite de <strong>Corul &#8222;Sf. Martiri Br\u00e2ncoveni&#8221;<\/strong> al Catedralei din N\u00fcrnberg,\u00a0dirijat\u00a0de protopsalt dr. Claudiu P\u0103tra\u0219cu.<\/em><\/p>\n<p><em>Pentru to\u021bi cei prezen\u021bi va exista o <strong>mic\u0103 agap\u0103<\/strong>.\u00a0<\/em><em>V\u0103 rug\u0103m s\u0103 v\u0103 lua\u021bi timp, pentru c\u0103 dorim s\u0103\u00a0ne cunoa\u0219tem mai bine unii cu al\u021bii, s\u0103 afl\u0103m mai multe despre comunitate \u0219i despre sf\u00e2nta ocrotitoare.\u00a0<\/em><em>Pentru o mai bun\u0103 organizare, v\u0103 rug\u0103m s\u0103 <strong>confirma\u021bi participarea<\/strong> prin \u00eenscrierea pe listele existente <strong>\u00een biseric\u0103, prin sms sau telefon<\/strong> (0176\/38004659).<\/em><\/p>\n<p><em>Ne bucur\u0103m pentru fiecare rom\u00e2n ce ni se va al\u0103tura!<\/em><\/p>\n<p><em>\u00a0<\/em><em>Preot Ionu\u021b P\u0103un<\/em><\/p>\n<p>&nbsp;","protected":false},"excerpt":{"rendered":"<p>V\u0103 invit\u0103m cu bucurie la hramul de toamn\u0103 al parohiei noastre din Bamberg, Sf\u00e2nta Cuvioas\u0103 Parascheva:\u00a0 S\u00e2mb\u0103t\u0103, 15 octombrie, orele 10.30. Preasfin\u021bitul P\u0103rinte Dr. Sofian Bra\u0219oveanul, al\u0103turi de un sobor de preo\u021bi, va sluji Sf\u00e2nta \u0219i Dumnezeiasca Liturghie. R\u0103spunsurile liturgice vor fi oferite de Corul &#8222;Sf. Martiri Br\u00e2ncoveni&#8221; al Catedralei din N\u00fcrnberg,\u00a0dirijat\u00a0de protopsalt dr. Claudiu &#8230; <a class=\"read-more\" href=\"https:\/\/www.bambergorthodox.de\/?p=804\">Read more&#8230;<\/a><\/p>\n","protected":false},"author":1,"featured_media":0,"comment_status":"open","ping_status":"open","sticky":false,"template":"","format":"standard","meta":{"jetpack_post_was_ever_published":false,"_jetpack_newsletter_access":"","_jetpack_dont_email_post_to_subs":false,"_jetpack_newsletter_tier_id":0,"_jetpack_memberships_contains_paywalled_content":false,"_jetpack_memberships_contains_paid_content":false,"footnotes":"","jetpack_publicize_message":"","jetpack_publicize_feature_enabled":true,"jetpack_social_post_already_shared":false,"jetpack_social_options":{"image_generator_settings":{"template":"highway","default_image_id":0,"font":"","enabled":false},"version":2}},"categories":[5],"tags":[],"class_list":["post-804","post","type-post","status-publish","format-standard","hentry","category-text_menue"],"jetpack_publicize_connections":[],"jetpack_featured_media_url":"","jetpack_sharing_enabled":true,"jetpack_shortlink":"https:\/\/wp.me\/p93ZOd-cY","_links":{"self":[{"href":"https:\/\/www.bambergorthodox.de\/index.php?rest_route=\/wp\/v2\/posts\/804","targetHints":{"allow":["GET"]}}],"collection":[{"href":"https:\/\/www.bambergorthodox.de\/index.php?rest_route=\/wp\/v2\/posts"}],"about":[{"href":"https:\/\/www.bambergorthodox.de\/index.php?rest_route=\/wp\/v2\/types\/post"}],"author":[{"embeddable":true,"href":"https:\/\/www.bambergorthodox.de\/index.php?rest_route=\/wp\/v2\/users\/1"}],"replies":[{"embeddable":true,"href":"https:\/\/www.bambergorthodox.de\/index.php?rest_route=%2Fwp%2Fv2%2Fcomments&post=804"}],"version-history":[{"count":3,"href":"https:\/\/www.bambergorthodox.de\/index.php?rest_route=\/wp\/v2\/posts\/804\/revisions"}],"predecessor-version":[{"id":808,"href":"https:\/\/www.bambergorthodox.de\/index.php?rest_route=\/wp\/v2\/posts\/804\/revisions\/808"}],"wp:attachment":[{"href":"https:\/\/www.bambergorthodox.de\/index.php?rest_route=%2Fwp%2Fv2%2Fmedia&parent=804"}],"wp:term":[{"taxonomy":"category","embeddable":true,"href":"https:\/\/www.bambergorthodox.de\/index.php?rest_route=%2Fwp%2Fv2%2Fcategories&post=804"},{"taxonomy":"post_tag","embeddable":true,"href":"https:\/\/www.bambergorthodox.de\/index.php?rest_route=%2Fwp%2Fv2%2Ftags&post=804"}],"curies":[{"name":"wp","href":"https:\/\/api.w.org\/{rel}","templated":true}]}}