{"id":789,"date":"2016-08-10T13:52:43","date_gmt":"2016-08-10T11:52:43","guid":{"rendered":"http:\/\/www.bambergorthodox.de\/?p=789"},"modified":"2016-08-10T13:57:18","modified_gmt":"2016-08-10T11:57:18","slug":"romana-invitatie-la-tabara-de-vara-pentru-tineret-la-manastirea-oasa","status":"publish","type":"post","link":"https:\/\/www.bambergorthodox.de\/?p=789","title":{"rendered":"Invita\u021bie la tab\u0103ra de var\u0103 pentru tineret, la m\u0103n\u0103stirea Oa\u0219a"},"content":{"rendered":"<em><a  href=\"https:\/\/www.bambergorthodox.de\/wp-content\/uploads\/2016\/08\/2016.08.16-afis_oasa.jpg\" data-rel=\"lightbox-gallery-0\" data-rl_title=\"\" data-rl_caption=\"\" title=\"\"><img loading=\"lazy\" decoding=\"async\" class=\"size-medium wp-image-790 alignleft\" src=\"https:\/\/www.bambergorthodox.de\/wp-content\/uploads\/2016\/08\/2016.08.16-afis_oasa-214x300.jpg\" alt=\"2016.08.16 afis_oasa\" width=\"214\" height=\"300\" srcset=\"https:\/\/www.bambergorthodox.de\/wp-content\/uploads\/2016\/08\/2016.08.16-afis_oasa-214x300.jpg 214w, https:\/\/www.bambergorthodox.de\/wp-content\/uploads\/2016\/08\/2016.08.16-afis_oasa-768x1079.jpg 768w, https:\/\/www.bambergorthodox.de\/wp-content\/uploads\/2016\/08\/2016.08.16-afis_oasa-729x1024.jpg 729w, https:\/\/www.bambergorthodox.de\/wp-content\/uploads\/2016\/08\/2016.08.16-afis_oasa.jpg 830w\" sizes=\"auto, (max-width: 214px) 100vw, 214px\" \/><\/a>Cu binecuv\u00e2ntarea \u015fi participarea \u00cenaltpreasfin\u021bitului P\u0103rinte Mitropolit Serafim, Asocia\u021bia Tinerilor Ortodoc\u0219i Rom\u00e2ni din Germania (ATORG) v\u0103 invit\u0103 la tab\u0103ra de var\u0103 organizat\u0103 la m\u0103n\u0103stirea Oa\u0219a (jud. Alba) \u00een perioada 16-22 august 2016.<\/em><\/p>\n<p><em>Programul taberei include participarea la slujbele activit\u0103\u021bile zilnice ale m\u0103n\u0103stirii, discu\u021bii libere, drume\u021bii \u0219i convorbiri cu p\u0103rin\u021bii vie\u021buitori ai acestei comunit\u0103\u021bi monahale. Nu exist\u0103 limit\u0103 de v\u00e2rst\u0103, iar participarea este gratuit\u0103. Cazarea \u0219i masa sunt asigurate de m\u0103n\u0103stire \u00een m\u0103sura locurilor disponibile.\u00a0\u00cenaltpreasfin\u021bitul P\u0103rinte Mitropolit Serafim va fi prezent la aceast\u0103 tab\u0103r\u0103.\u00a0<\/em><!--more--><\/p>\n<p>\u00cen cazul celor care solicit\u0103 transport din ora\u0219ul Sebe\u0219 p\u00e2n\u0103 la m\u0103n\u0103stire,\u00a0 p\u0103rin\u021bii monahi pot organiza mai multe curse speciale\u00a0<em>pe baza solicit\u0103rilor f\u0103cute din timp<\/em>, pentru a facilita astfel accesul \u0219i al celor care nu dispun de ma\u0219ini personale.<\/p>\n<p>Pentru a v\u0103 \u00eenscrie, v\u0103 rug\u0103m s\u0103 lua\u021bi leg\u0103tura cu p\u0103rintele Nicolae Gilla, responsabil al Departamentului pentru Tineret al Arhiepiscopiei noastre, la tel.: +49 (0) 172 739 10 11, E-mail:\u00a0<span id=\"cloak16880\"><a href=\"mailto:atorg@parohia-tuebingen.de\">atorg@parohia-tuebingen.de<\/a><\/span>.<\/p>\n<p>Termenul-limit\u0103 de \u00eenscriere este 1 august 2016.<\/p>\n<p>V\u0103 a\u0219tept\u0103m cu drag!<\/p>\n<p>&nbsp;<\/p>\n<p><span style=\"color: #ff0000;\">sursa:\u00a0<a style=\"color: #ff0000;\" href=\"http:\/\/mitropolia-ro.de\/index.php\/atorg\/intalniri-atorg\/892-invitatie-la-tabara-de-vara-de-la-manastirea-oasa\">mitropolia-ro.de<\/a><\/span>","protected":false},"excerpt":{"rendered":"<p>Cu binecuv\u00e2ntarea \u015fi participarea \u00cenaltpreasfin\u021bitului P\u0103rinte Mitropolit Serafim, Asocia\u021bia Tinerilor Ortodoc\u0219i Rom\u00e2ni din Germania (ATORG) v\u0103 invit\u0103 la tab\u0103ra de var\u0103 organizat\u0103 la m\u0103n\u0103stirea Oa\u0219a (jud. Alba) \u00een perioada 16-22 august 2016. Programul taberei include participarea la slujbele activit\u0103\u021bile zilnice ale m\u0103n\u0103stirii, discu\u021bii libere, drume\u021bii \u0219i convorbiri cu p\u0103rin\u021bii vie\u021buitori ai acestei comunit\u0103\u021bi monahale. Nu &#8230; <a class=\"read-more\" href=\"https:\/\/www.bambergorthodox.de\/?p=789\">Read more&#8230;<\/a><\/p>\n","protected":false},"author":1,"featured_media":0,"comment_status":"open","ping_status":"open","sticky":false,"template":"","format":"standard","meta":{"jetpack_post_was_ever_published":false,"_jetpack_newsletter_access":"","_jetpack_dont_email_post_to_subs":false,"_jetpack_newsletter_tier_id":0,"_jetpack_memberships_contains_paywalled_content":false,"_jetpack_memberships_contains_paid_content":false,"footnotes":"","jetpack_publicize_message":"","jetpack_publicize_feature_enabled":true,"jetpack_social_post_already_shared":false,"jetpack_social_options":{"image_generator_settings":{"template":"highway","default_image_id":0,"font":"","enabled":false},"version":2}},"categories":[5],"tags":[],"class_list":["post-789","post","type-post","status-publish","format-standard","hentry","category-text_menue"],"jetpack_publicize_connections":[],"jetpack_featured_media_url":"","jetpack_sharing_enabled":true,"jetpack_shortlink":"https:\/\/wp.me\/p93ZOd-cJ","_links":{"self":[{"href":"https:\/\/www.bambergorthodox.de\/index.php?rest_route=\/wp\/v2\/posts\/789","targetHints":{"allow":["GET"]}}],"collection":[{"href":"https:\/\/www.bambergorthodox.de\/index.php?rest_route=\/wp\/v2\/posts"}],"about":[{"href":"https:\/\/www.bambergorthodox.de\/index.php?rest_route=\/wp\/v2\/types\/post"}],"author":[{"embeddable":true,"href":"https:\/\/www.bambergorthodox.de\/index.php?rest_route=\/wp\/v2\/users\/1"}],"replies":[{"embeddable":true,"href":"https:\/\/www.bambergorthodox.de\/index.php?rest_route=%2Fwp%2Fv2%2Fcomments&post=789"}],"version-history":[{"count":5,"href":"https:\/\/www.bambergorthodox.de\/index.php?rest_route=\/wp\/v2\/posts\/789\/revisions"}],"predecessor-version":[{"id":795,"href":"https:\/\/www.bambergorthodox.de\/index.php?rest_route=\/wp\/v2\/posts\/789\/revisions\/795"}],"wp:attachment":[{"href":"https:\/\/www.bambergorthodox.de\/index.php?rest_route=%2Fwp%2Fv2%2Fmedia&parent=789"}],"wp:term":[{"taxonomy":"category","embeddable":true,"href":"https:\/\/www.bambergorthodox.de\/index.php?rest_route=%2Fwp%2Fv2%2Fcategories&post=789"},{"taxonomy":"post_tag","embeddable":true,"href":"https:\/\/www.bambergorthodox.de\/index.php?rest_route=%2Fwp%2Fv2%2Ftags&post=789"}],"curies":[{"name":"wp","href":"https:\/\/api.w.org\/{rel}","templated":true}]}}