{"id":7676,"date":"2025-04-04T15:32:25","date_gmt":"2025-04-04T13:32:25","guid":{"rendered":"https:\/\/www.bambergorthodox.de\/?p=7676"},"modified":"2025-11-28T09:56:17","modified_gmt":"2025-11-28T08:56:17","slug":"deutsch-okumenische-studientage-in-bamberg","status":"publish","type":"post","link":"https:\/\/www.bambergorthodox.de\/?p=7676","title":{"rendered":"\u00d6kumenische Studientage in Bamberg"},"content":{"rendered":"<p><a  href=\"https:\/\/www.bambergorthodox.de\/wp-content\/uploads\/2025\/04\/Bild-byzantinischer-Ritus-Pfarrer-Paun-scaled.jpg\" data-rel=\"lightbox-gallery-0\" data-rl_title=\"\" data-rl_caption=\"\" title=\"\"><img loading=\"lazy\" decoding=\"async\" class=\"size-medium wp-image-7677 alignleft\" src=\"https:\/\/www.bambergorthodox.de\/wp-content\/uploads\/2025\/04\/Bild-byzantinischer-Ritus-Pfarrer-Paun-scaled-300x169.jpg\" alt=\"\" width=\"300\" height=\"169\" srcset=\"https:\/\/www.bambergorthodox.de\/wp-content\/uploads\/2025\/04\/Bild-byzantinischer-Ritus-Pfarrer-Paun-scaled-300x169.jpg 300w, https:\/\/www.bambergorthodox.de\/wp-content\/uploads\/2025\/04\/Bild-byzantinischer-Ritus-Pfarrer-Paun-scaled-1024x576.jpg 1024w, https:\/\/www.bambergorthodox.de\/wp-content\/uploads\/2025\/04\/Bild-byzantinischer-Ritus-Pfarrer-Paun-768x432.jpg 768w, https:\/\/www.bambergorthodox.de\/wp-content\/uploads\/2025\/04\/Bild-byzantinischer-Ritus-Pfarrer-Paun-1536x864.jpg 1536w, https:\/\/www.bambergorthodox.de\/wp-content\/uploads\/2025\/04\/Bild-byzantinischer-Ritus-Pfarrer-Paun-2048x1152.jpg 2048w\" sizes=\"auto, (max-width: 300px) 100vw, 300px\" \/><\/a>20 Gemeindeassistentinnen, Gemeindeassistenten, Pastoralassistentinnen, Pastoralassistenten und Kapl\u00e4ne aus den Di\u00f6zesen Bamberg, Eichst\u00e4tt und W\u00fcrzburg diskutierten bei gemeinsamen Studientagen in Bamberg \u00fcber \u201e\u00d6kumene in der Praxis\u201c. <b>Josef Gr\u00fcndel<\/b>, stellvertretender \u00d6kumenereferent im Erzbistum Bamberg, f\u00fchrte inhaltlich durch die Tage. Neben ihm gab auch <b>Prof. Dr. Elmar Koziel<\/b>, \u00d6kumenereferent im Erzbistum Bamberg, inhaltliche Impulse. <!--more-->Im Rahmen dieser Fortbildung besuchte die Gruppe auch die rum\u00e4nisch-orthodoxe Gemeinde in Gaustadt zum Abendgebet, die die R\u00e4umlichkeiten der ukrainischen griechisch-katholischen Pfarrei St. Nikolaus nutzt. Im anschlie\u00dfenden Gespr\u00e4ch mit <b>Pfarrer Ionut Paun <\/b>und seiner Ehefrau <b>Diakonin Mihaela-Iuliana<\/b>. Weitere Gespr\u00e4chspartnerinnen und Gespr\u00e4chspartner w\u00e4hrend der Tage waren <b>Dekanin Sabine Hirschmann <\/b>und <b>Pfarrerin Jutta M\u00fcller-Schnur <\/b>vom evangelisch-lutherischen Dekanat in Bamberg bzw. der Matth\u00e4usgemeinde in Gaustadt, wie auch <b>Georgios Vlantis<\/b>, Gesch\u00e4ftsf\u00fchrer der Arbeitsgemeinschaft Christlicher Kirchen in Bayern, <b>Prof. Dr. Matthias Ehmann<\/b>, Professor f\u00fcr Missionswissenschaft und Interkulturelle Theologie an der Theologischen Hochschule Ewersbach und <b>Erzpriester Ivan Sokhan <\/b>von der Ukrainischen griechisch-katholischen Personalpfarrei St. Johannes der T\u00e4ufer in Gaustadt. Die \u00d6kumenereferenten aus Eichst\u00e4tt <b>Pfarrer Wolfgang H\u00f6rl <\/b>und aus W\u00fcrzburg <b>Prof. Dr. Petro M\u00fcller <\/b>erl\u00e4uterten Spezifisches zur \u00d6kumene aus ihren Di\u00f6zesen. Die gegenseitige Wertsch\u00e4tzung in der \u00d6kumene wurde in allen Gespr\u00e4chen mehr als deutlich. Die viert\u00e4gige Fortbildung fand in Kooperation der Ausbildungsleitungen f\u00fcr Pastoral- und Gemeindeassistentinnen und -assistenten sowie der Kapl\u00e4ne der Bist\u00fcmer Bamberg, Eichst\u00e4tt und W\u00fcrzburg statt.<\/p>\n<p><b>Josef Gr\u00fcndel<\/b>, stellvertretender \u00d6kumenereferent im Erzbistum Bamberg<\/p>\n","protected":false},"excerpt":{"rendered":"<p>20 Gemeindeassistentinnen, Gemeindeassistenten, Pastoralassistentinnen, Pastoralassistenten und Kapl\u00e4ne aus den Di\u00f6zesen Bamberg, Eichst\u00e4tt und W\u00fcrzburg diskutierten bei gemeinsamen Studientagen in Bamberg \u00fcber \u201e\u00d6kumene in der Praxis\u201c. Josef Gr\u00fcndel, stellvertretender \u00d6kumenereferent im Erzbistum Bamberg, f\u00fchrte inhaltlich durch die Tage. Neben ihm gab auch Prof. Dr. Elmar Koziel, \u00d6kumenereferent im Erzbistum Bamberg, inhaltliche Impulse.<\/p>\n","protected":false},"author":1,"featured_media":0,"comment_status":"closed","ping_status":"open","sticky":false,"template":"","format":"standard","meta":{"jetpack_post_was_ever_published":false,"_jetpack_newsletter_access":"","_jetpack_dont_email_post_to_subs":false,"_jetpack_newsletter_tier_id":0,"_jetpack_memberships_contains_paywalled_content":false,"_jetpack_memberships_contains_paid_content":false,"footnotes":"","jetpack_publicize_message":"","jetpack_publicize_feature_enabled":true,"jetpack_social_post_already_shared":true,"jetpack_social_options":{"image_generator_settings":{"template":"highway","default_image_id":0,"font":"","enabled":false},"version":2}},"categories":[5],"tags":[],"class_list":["post-7676","post","type-post","status-publish","format-standard","hentry","category-text_menue"],"jetpack_publicize_connections":[],"jetpack_featured_media_url":"","jetpack_sharing_enabled":true,"jetpack_shortlink":"https:\/\/wp.me\/p93ZOd-1ZO","_links":{"self":[{"href":"https:\/\/www.bambergorthodox.de\/index.php?rest_route=\/wp\/v2\/posts\/7676","targetHints":{"allow":["GET"]}}],"collection":[{"href":"https:\/\/www.bambergorthodox.de\/index.php?rest_route=\/wp\/v2\/posts"}],"about":[{"href":"https:\/\/www.bambergorthodox.de\/index.php?rest_route=\/wp\/v2\/types\/post"}],"author":[{"embeddable":true,"href":"https:\/\/www.bambergorthodox.de\/index.php?rest_route=\/wp\/v2\/users\/1"}],"replies":[{"embeddable":true,"href":"https:\/\/www.bambergorthodox.de\/index.php?rest_route=%2Fwp%2Fv2%2Fcomments&post=7676"}],"version-history":[{"count":1,"href":"https:\/\/www.bambergorthodox.de\/index.php?rest_route=\/wp\/v2\/posts\/7676\/revisions"}],"predecessor-version":[{"id":7679,"href":"https:\/\/www.bambergorthodox.de\/index.php?rest_route=\/wp\/v2\/posts\/7676\/revisions\/7679"}],"wp:attachment":[{"href":"https:\/\/www.bambergorthodox.de\/index.php?rest_route=%2Fwp%2Fv2%2Fmedia&parent=7676"}],"wp:term":[{"taxonomy":"category","embeddable":true,"href":"https:\/\/www.bambergorthodox.de\/index.php?rest_route=%2Fwp%2Fv2%2Fcategories&post=7676"},{"taxonomy":"post_tag","embeddable":true,"href":"https:\/\/www.bambergorthodox.de\/index.php?rest_route=%2Fwp%2Fv2%2Ftags&post=7676"}],"curies":[{"name":"wp","href":"https:\/\/api.w.org\/{rel}","templated":true}]}}