{"id":754,"date":"2016-07-04T10:57:09","date_gmt":"2016-07-04T08:57:09","guid":{"rendered":"http:\/\/www.bambergorthodox.de\/?p=754"},"modified":"2016-07-04T22:50:30","modified_gmt":"2016-07-04T20:50:30","slug":"schutzpatronfest-hl-maertyrer-kilian-kolonat-und-totnan","status":"publish","type":"post","link":"https:\/\/www.bambergorthodox.de\/?p=754","title":{"rendered":"Hramul de var\u0103 &#8211; Sfin\u021bii Mucenici Kilian, Kolonat \u0219i Totnan"},"content":{"rendered":"<a  href=\"https:\/\/www.bambergorthodox.de\/wp-content\/uploads\/2016\/07\/DSC0084.jpg\" data-rel=\"lightbox-gallery-0\" data-rl_title=\"\" data-rl_caption=\"\" title=\"\"><img loading=\"lazy\" decoding=\"async\" class=\"size-medium wp-image-741 alignleft\" src=\"https:\/\/www.bambergorthodox.de\/wp-content\/uploads\/2016\/07\/DSC0084-300x199.jpg\" alt=\"_DSC0084\" width=\"300\" height=\"199\" srcset=\"https:\/\/www.bambergorthodox.de\/wp-content\/uploads\/2016\/07\/DSC0084-300x199.jpg 300w, https:\/\/www.bambergorthodox.de\/wp-content\/uploads\/2016\/07\/DSC0084-1024x678.jpg 1024w\" sizes=\"auto, (max-width: 300px) 100vw, 300px\" \/><\/a><em>Duminica a doua dup\u0103 Rusalii, a tuturor sfin\u021bilor rom\u00e2ni, a reprezentat o bucurie duhovniceasc\u0103 deosebit\u0103 pentru credincio\u0219ii rom\u00e2ni din parohia Bamberg, ace\u0219tia pr\u0103znuind hramul de var\u0103 al comunit\u0103\u021bii lor, pe Sfin\u021bii Mucenici Kilian, Kolonat \u0219i Totnan, \u00eencre\u0219tin\u0103torii Franconiei.<\/em><\/p>\n<p><em>Sf\u00e2nta \u0219i Dumnezeiasca Liturghie a fost s\u0103v\u00e2r\u0219it\u0103 de p\u0103rintele Ionu\u021b Filimon, preot al parohiilor Auxerre \u0219i Dijon din Fran\u021ba, av\u00e2ndu-l conslujitor de p\u0103rintele paroh Ionu\u021b P\u0103un. P\u0103rintele Filimon este cunoscut credincio\u0219ilor parohiei datorit\u0103 faptului c\u0103 \u00een anul universitar 2014-2015 a fost bursier Erasmus al Universit\u0103\u021bii din Bamberg \u0219i a participat la sfintele slujbe, ajut\u00e2nd c\u00e2ntarea la stran\u0103.<\/em><!--more--><\/p>\n<p>La momentul predicii, p\u0103rintele Filimon a \u00eemp\u0103rt\u0103\u0219it credincio\u0219ilor din biseric\u0103 cuvinte frumoase \u0219i pline de \u00eenv\u0103\u021b\u0103tur\u0103, legate de pr\u0103znuirea duminicii tuturor sfin\u021bilor rom\u00e2ni.<\/p>\n<p>Dup\u0103 amiaza hramului a fost \u0219i ea plin\u0103 de tr\u0103iri duhovnice\u0219ti frumoase pentru to\u021bi cei prezen\u021bi. \u00centre felurile de m\u00e2ncare preg\u0103tite cu dragoste, copiii de la \u0219coala parohial\u0103 rom\u00e2neasc\u0103 ne-au bucurat inimile cu rostirea unor poezii cre\u0219tine, a unor ghicitori cu tem\u0103 moral-cre\u0219tin\u0103 \u0219i prin intonarea axionului \u201eCuvine-se cu adev\u0103rat\u201d. \u00a0Ace\u0219tia fac parte din grupa de catehez\u0103 a parohiei, grup\u0103 ce se \u00eent\u00e2lne\u0219te duminical, dup\u0103 Sf\u00e2nta Liturghie, sub \u00eendrumarea a dou\u0103 doamne inimoase \u0219i pline de dragoste pentru ei: doamna Magdalena Step\u0103nescu, profesoar\u0103 de religie \u0219i\u00a0doamna preoteas\u0103 Mihaela P\u0103un, profesoar\u0103 de francez\u0103-german\u0103.<\/p>\n<p>\u00cen continuare p\u0103rintele paroh, Ionu\u021b, a pus la inim\u0103 celor prezen\u021bi cuvinte despre sfin\u021bii ocrotitori ai parohiei \u0219i despre misiunea acestora de \u00eencre\u0219tinare a Franconiei, zon\u0103 \u00een care se afl\u0103 \u0219i parohia noastr\u0103. Mesajul p\u0103rintelui s-a axat pe datele istorice ale vie\u021bii sfin\u021bilor Kilian, Kolonat \u0219i Totnan, tr\u0103itori \u00een secolul al VII-lea \u0219i pe mesajul dragostei lor, mesaj ce le-a c\u0103l\u0103uzit \u00eentreaga via\u021b\u0103 \u0219i misiune de propov\u0103duire a Cuv\u00e2ntului lui Dumnezeu.<\/p>\n<p>Dup\u0103 amiaza duhovniceasc\u0103\u00a0s-a \u00eencheiat \u00eentr-o atmosfer\u0103 plin\u0103de slava lui Dumnezeu, prin interpretarea de c\u0103tre credincio\u0219i a mai multor pricesne cre\u0219tine \u0219i prin rug\u0103ciune de mul\u021bumire c\u0103tre Acela, Care a f\u0103cut posibil ca \u0219i rom\u00e2nii din aceast\u0103 zon\u0103 din Germania s\u0103 poat\u0103 avea un col\u021bi\u0219or de \u201eacas\u0103\u201d printre str\u0103ini: Domnul nostru Iisus Hristos.<\/p>\n<p><a  href=\"https:\/\/www.bambergorthodox.de\/wp-content\/uploads\/2016\/07\/DSC0043.jpg\" data-rel=\"lightbox-gallery-0\" data-rl_title=\"\" data-rl_caption=\"\" title=\"\"><img loading=\"lazy\" decoding=\"async\" class=\"alignnone wp-image-753 size-thumbnail\" src=\"https:\/\/www.bambergorthodox.de\/wp-content\/uploads\/2016\/07\/DSC0043-150x150.jpg\" alt=\"_DSC0043\" width=\"150\" height=\"150\" \/><\/a> <a  href=\"https:\/\/www.bambergorthodox.de\/wp-content\/uploads\/2016\/07\/DSC0045.jpg\" data-rel=\"lightbox-gallery-0\" data-rl_title=\"\" data-rl_caption=\"\" title=\"\"><img loading=\"lazy\" decoding=\"async\" class=\"alignnone wp-image-752 size-thumbnail\" src=\"https:\/\/www.bambergorthodox.de\/wp-content\/uploads\/2016\/07\/DSC0045-150x150.jpg\" alt=\"_DSC0045\" width=\"150\" height=\"150\" \/><\/a> <a  href=\"https:\/\/www.bambergorthodox.de\/wp-content\/uploads\/2016\/07\/DSC0048.jpg\" data-rel=\"lightbox-gallery-0\" data-rl_title=\"\" data-rl_caption=\"\" title=\"\"><img loading=\"lazy\" decoding=\"async\" class=\"alignnone wp-image-751 size-thumbnail\" src=\"https:\/\/www.bambergorthodox.de\/wp-content\/uploads\/2016\/07\/DSC0048-150x150.jpg\" alt=\"_DSC0048\" width=\"150\" height=\"150\" \/><\/a> <a  href=\"https:\/\/www.bambergorthodox.de\/wp-content\/uploads\/2016\/07\/DSC0049.jpg\" data-rel=\"lightbox-gallery-0\" data-rl_title=\"\" data-rl_caption=\"\" title=\"\"><img loading=\"lazy\" decoding=\"async\" class=\"alignnone wp-image-750 size-thumbnail\" src=\"https:\/\/www.bambergorthodox.de\/wp-content\/uploads\/2016\/07\/DSC0049-150x150.jpg\" alt=\"_DSC0049\" width=\"150\" height=\"150\" \/><\/a> <a  href=\"https:\/\/www.bambergorthodox.de\/wp-content\/uploads\/2016\/07\/DSC0053.jpg\" data-rel=\"lightbox-gallery-0\" data-rl_title=\"\" data-rl_caption=\"\" title=\"\"><img loading=\"lazy\" decoding=\"async\" class=\"alignnone wp-image-749 size-thumbnail\" src=\"https:\/\/www.bambergorthodox.de\/wp-content\/uploads\/2016\/07\/DSC0053-150x150.jpg\" alt=\"_DSC0053\" width=\"150\" height=\"150\" \/><\/a> <a  href=\"https:\/\/www.bambergorthodox.de\/wp-content\/uploads\/2016\/07\/DSC0054.jpg\" data-rel=\"lightbox-gallery-0\" data-rl_title=\"\" data-rl_caption=\"\" title=\"\"><img loading=\"lazy\" decoding=\"async\" class=\"alignnone wp-image-748 size-thumbnail\" src=\"https:\/\/www.bambergorthodox.de\/wp-content\/uploads\/2016\/07\/DSC0054-150x150.jpg\" alt=\"_DSC0054\" width=\"150\" height=\"150\" \/><\/a> <a  href=\"https:\/\/www.bambergorthodox.de\/wp-content\/uploads\/2016\/07\/DSC0056.jpg\" data-rel=\"lightbox-gallery-0\" data-rl_title=\"\" data-rl_caption=\"\" title=\"\"><img loading=\"lazy\" decoding=\"async\" class=\"alignnone wp-image-747 size-thumbnail\" src=\"https:\/\/www.bambergorthodox.de\/wp-content\/uploads\/2016\/07\/DSC0056-150x150.jpg\" alt=\"_DSC0056\" width=\"150\" height=\"150\" \/><\/a> <a  href=\"https:\/\/www.bambergorthodox.de\/wp-content\/uploads\/2016\/07\/DSC0057.jpg\" data-rel=\"lightbox-gallery-0\" data-rl_title=\"\" data-rl_caption=\"\" title=\"\"><img loading=\"lazy\" decoding=\"async\" class=\"alignnone wp-image-746 size-thumbnail\" src=\"https:\/\/www.bambergorthodox.de\/wp-content\/uploads\/2016\/07\/DSC0057-150x150.jpg\" alt=\"_DSC0057\" width=\"150\" height=\"150\" \/><\/a> <a  href=\"https:\/\/www.bambergorthodox.de\/wp-content\/uploads\/2016\/07\/DSC0060.jpg\" data-rel=\"lightbox-gallery-0\" data-rl_title=\"\" data-rl_caption=\"\" title=\"\"><img loading=\"lazy\" decoding=\"async\" class=\"alignnone wp-image-745 size-thumbnail\" src=\"https:\/\/www.bambergorthodox.de\/wp-content\/uploads\/2016\/07\/DSC0060-150x150.jpg\" alt=\"_DSC0060\" width=\"150\" height=\"150\" \/><\/a> <a  href=\"https:\/\/www.bambergorthodox.de\/wp-content\/uploads\/2016\/07\/DSC0083.jpg\" data-rel=\"lightbox-gallery-0\" data-rl_title=\"\" data-rl_caption=\"\" title=\"\"><img loading=\"lazy\" decoding=\"async\" class=\"alignnone wp-image-742 size-thumbnail\" src=\"https:\/\/www.bambergorthodox.de\/wp-content\/uploads\/2016\/07\/DSC0083-150x150.jpg\" alt=\"_DSC0083\" width=\"150\" height=\"150\" \/><\/a> <a  href=\"https:\/\/www.bambergorthodox.de\/wp-content\/uploads\/2016\/07\/DSC0090.jpg\" data-rel=\"lightbox-gallery-0\" data-rl_title=\"\" data-rl_caption=\"\" title=\"\"><img loading=\"lazy\" decoding=\"async\" class=\"alignnone wp-image-740 size-thumbnail\" src=\"https:\/\/www.bambergorthodox.de\/wp-content\/uploads\/2016\/07\/DSC0090-150x150.jpg\" alt=\"_DSC0090\" width=\"150\" height=\"150\" \/><\/a> <a  href=\"https:\/\/www.bambergorthodox.de\/wp-content\/uploads\/2016\/07\/DSC0093.jpg\" data-rel=\"lightbox-gallery-0\" data-rl_title=\"\" data-rl_caption=\"\" title=\"\"><img loading=\"lazy\" decoding=\"async\" class=\"alignnone wp-image-739 size-thumbnail\" src=\"https:\/\/www.bambergorthodox.de\/wp-content\/uploads\/2016\/07\/DSC0093-150x150.jpg\" alt=\"_DSC0093\" width=\"150\" height=\"150\" \/><\/a> <a  href=\"https:\/\/www.bambergorthodox.de\/wp-content\/uploads\/2016\/07\/DSC0102.jpg\" data-rel=\"lightbox-gallery-0\" data-rl_title=\"\" data-rl_caption=\"\" title=\"\"><img loading=\"lazy\" decoding=\"async\" class=\"alignnone wp-image-738 size-thumbnail\" src=\"https:\/\/www.bambergorthodox.de\/wp-content\/uploads\/2016\/07\/DSC0102-150x150.jpg\" alt=\"_DSC0102\" width=\"150\" height=\"150\" \/><\/a> <a  href=\"https:\/\/www.bambergorthodox.de\/wp-content\/uploads\/2016\/07\/DSC0105.jpg\" data-rel=\"lightbox-gallery-0\" data-rl_title=\"\" data-rl_caption=\"\" title=\"\"><img loading=\"lazy\" decoding=\"async\" class=\"alignnone wp-image-737 size-thumbnail\" src=\"https:\/\/www.bambergorthodox.de\/wp-content\/uploads\/2016\/07\/DSC0105-150x150.jpg\" alt=\"_DSC0105\" width=\"150\" height=\"150\" \/><\/a> <a  href=\"https:\/\/www.bambergorthodox.de\/wp-content\/uploads\/2016\/07\/DSC0109.jpg\" data-rel=\"lightbox-gallery-0\" data-rl_title=\"\" data-rl_caption=\"\" title=\"\"><img loading=\"lazy\" decoding=\"async\" class=\"alignnone wp-image-736 size-thumbnail\" src=\"https:\/\/www.bambergorthodox.de\/wp-content\/uploads\/2016\/07\/DSC0109-150x150.jpg\" alt=\"_DSC0109\" width=\"150\" height=\"150\" \/><\/a> <a  href=\"https:\/\/www.bambergorthodox.de\/wp-content\/uploads\/2016\/07\/DSC0110.jpg\" data-rel=\"lightbox-gallery-0\" data-rl_title=\"\" data-rl_caption=\"\" title=\"\"><img loading=\"lazy\" decoding=\"async\" class=\"alignnone wp-image-735 size-thumbnail\" src=\"https:\/\/www.bambergorthodox.de\/wp-content\/uploads\/2016\/07\/DSC0110-150x150.jpg\" alt=\"_DSC0110\" width=\"150\" height=\"150\" \/><\/a> <a  href=\"https:\/\/www.bambergorthodox.de\/wp-content\/uploads\/2016\/07\/DSC0113.jpg\" data-rel=\"lightbox-gallery-0\" data-rl_title=\"\" data-rl_caption=\"\" title=\"\"><img loading=\"lazy\" decoding=\"async\" class=\"alignnone wp-image-734 size-thumbnail\" src=\"https:\/\/www.bambergorthodox.de\/wp-content\/uploads\/2016\/07\/DSC0113-150x150.jpg\" alt=\"_DSC0113\" width=\"150\" height=\"150\" \/><\/a> <a  href=\"https:\/\/www.bambergorthodox.de\/wp-content\/uploads\/2016\/07\/DSC0117.jpg\" data-rel=\"lightbox-gallery-0\" data-rl_title=\"\" data-rl_caption=\"\" title=\"\"><img loading=\"lazy\" decoding=\"async\" class=\"alignnone wp-image-732 size-thumbnail\" src=\"https:\/\/www.bambergorthodox.de\/wp-content\/uploads\/2016\/07\/DSC0117-150x150.jpg\" alt=\"_DSC0117\" width=\"150\" height=\"150\" \/><\/a> <a  href=\"https:\/\/www.bambergorthodox.de\/wp-content\/uploads\/2016\/07\/DSC0119.jpg\" data-rel=\"lightbox-gallery-0\" data-rl_title=\"\" data-rl_caption=\"\" title=\"\"><img loading=\"lazy\" decoding=\"async\" class=\"alignnone wp-image-731 size-thumbnail\" src=\"https:\/\/www.bambergorthodox.de\/wp-content\/uploads\/2016\/07\/DSC0119-150x150.jpg\" alt=\"_DSC0119\" width=\"150\" height=\"150\" \/><\/a> <a  href=\"https:\/\/www.bambergorthodox.de\/wp-content\/uploads\/2016\/07\/DSC0124.jpg\" data-rel=\"lightbox-gallery-0\" data-rl_title=\"\" data-rl_caption=\"\" title=\"\"><img loading=\"lazy\" decoding=\"async\" class=\"alignnone wp-image-730 size-thumbnail\" src=\"https:\/\/www.bambergorthodox.de\/wp-content\/uploads\/2016\/07\/DSC0124-150x150.jpg\" alt=\"_DSC0124\" width=\"150\" height=\"150\" \/><\/a> <a  href=\"https:\/\/www.bambergorthodox.de\/wp-content\/uploads\/2016\/07\/DSC0129.jpg\" data-rel=\"lightbox-gallery-0\" data-rl_title=\"\" data-rl_caption=\"\" title=\"\"><img loading=\"lazy\" decoding=\"async\" class=\"alignnone wp-image-729 size-thumbnail\" src=\"https:\/\/www.bambergorthodox.de\/wp-content\/uploads\/2016\/07\/DSC0129-150x150.jpg\" alt=\"_DSC0129\" width=\"150\" height=\"150\" \/><\/a> <a  href=\"https:\/\/www.bambergorthodox.de\/wp-content\/uploads\/2016\/07\/DSC0130.jpg\" data-rel=\"lightbox-gallery-0\" data-rl_title=\"\" data-rl_caption=\"\" title=\"\"><img loading=\"lazy\" decoding=\"async\" class=\"alignnone wp-image-728 size-thumbnail\" src=\"https:\/\/www.bambergorthodox.de\/wp-content\/uploads\/2016\/07\/DSC0130-150x150.jpg\" alt=\"_DSC0130\" width=\"150\" height=\"150\" \/><\/a> <a  href=\"https:\/\/www.bambergorthodox.de\/wp-content\/uploads\/2016\/07\/DSC0131.jpg\" data-rel=\"lightbox-gallery-0\" data-rl_title=\"\" data-rl_caption=\"\" title=\"\"><img loading=\"lazy\" decoding=\"async\" class=\"alignnone wp-image-727 size-thumbnail\" src=\"https:\/\/www.bambergorthodox.de\/wp-content\/uploads\/2016\/07\/DSC0131-150x150.jpg\" alt=\"_DSC0131\" width=\"150\" height=\"150\" \/><\/a> <a  href=\"https:\/\/www.bambergorthodox.de\/wp-content\/uploads\/2016\/07\/DSC0150.jpg\" data-rel=\"lightbox-gallery-0\" data-rl_title=\"\" data-rl_caption=\"\" title=\"\"><img loading=\"lazy\" decoding=\"async\" class=\"alignnone wp-image-724 size-thumbnail\" src=\"https:\/\/www.bambergorthodox.de\/wp-content\/uploads\/2016\/07\/DSC0150-150x150.jpg\" alt=\"_DSC0150\" width=\"150\" height=\"150\" \/><\/a> <a  href=\"https:\/\/www.bambergorthodox.de\/wp-content\/uploads\/2016\/07\/DSC0158.jpg\" data-rel=\"lightbox-gallery-0\" data-rl_title=\"\" data-rl_caption=\"\" title=\"\"><img loading=\"lazy\" decoding=\"async\" class=\"alignnone wp-image-723 size-thumbnail\" src=\"https:\/\/www.bambergorthodox.de\/wp-content\/uploads\/2016\/07\/DSC0158-150x150.jpg\" alt=\"_DSC0158\" width=\"150\" height=\"150\" \/><\/a> <a  href=\"https:\/\/www.bambergorthodox.de\/wp-content\/uploads\/2016\/07\/DSC0162.jpg\" data-rel=\"lightbox-gallery-0\" data-rl_title=\"\" data-rl_caption=\"\" title=\"\"><img loading=\"lazy\" decoding=\"async\" class=\"alignnone wp-image-722 size-thumbnail\" src=\"https:\/\/www.bambergorthodox.de\/wp-content\/uploads\/2016\/07\/DSC0162-150x150.jpg\" alt=\"_DSC0162\" width=\"150\" height=\"150\" \/><\/a> <a  href=\"https:\/\/www.bambergorthodox.de\/wp-content\/uploads\/2016\/07\/DSC0187.jpg\" data-rel=\"lightbox-gallery-0\" data-rl_title=\"\" data-rl_caption=\"\" title=\"\"><img loading=\"lazy\" decoding=\"async\" class=\"alignnone wp-image-718 size-thumbnail\" src=\"https:\/\/www.bambergorthodox.de\/wp-content\/uploads\/2016\/07\/DSC0187-150x150.jpg\" alt=\"_DSC0187\" width=\"150\" height=\"150\" \/><\/a> <a  href=\"https:\/\/www.bambergorthodox.de\/wp-content\/uploads\/2016\/07\/DSC0189.jpg\" data-rel=\"lightbox-gallery-0\" data-rl_title=\"\" data-rl_caption=\"\" title=\"\"><img loading=\"lazy\" decoding=\"async\" class=\"alignnone wp-image-717 size-thumbnail\" src=\"https:\/\/www.bambergorthodox.de\/wp-content\/uploads\/2016\/07\/DSC0189-150x150.jpg\" alt=\"_DSC0189\" width=\"150\" height=\"150\" \/><\/a> <a  href=\"https:\/\/www.bambergorthodox.de\/wp-content\/uploads\/2016\/07\/DSC0191.jpg\" data-rel=\"lightbox-gallery-0\" data-rl_title=\"\" data-rl_caption=\"\" title=\"\"><img loading=\"lazy\" decoding=\"async\" class=\"alignnone wp-image-716 size-thumbnail\" src=\"https:\/\/www.bambergorthodox.de\/wp-content\/uploads\/2016\/07\/DSC0191-150x150.jpg\" alt=\"_DSC0191\" width=\"150\" height=\"150\" \/><\/a> <a  href=\"https:\/\/www.bambergorthodox.de\/wp-content\/uploads\/2016\/07\/DSC0194.jpg\" data-rel=\"lightbox-gallery-0\" data-rl_title=\"\" data-rl_caption=\"\" title=\"\"><img loading=\"lazy\" decoding=\"async\" class=\"alignnone wp-image-714 size-thumbnail\" src=\"https:\/\/www.bambergorthodox.de\/wp-content\/uploads\/2016\/07\/DSC0194-150x150.jpg\" alt=\"_DSC0194\" width=\"150\" height=\"150\" \/><\/a> <a  href=\"https:\/\/www.bambergorthodox.de\/wp-content\/uploads\/2016\/07\/DSC0198.jpg\" data-rel=\"lightbox-gallery-0\" data-rl_title=\"\" data-rl_caption=\"\" title=\"\"><img loading=\"lazy\" decoding=\"async\" class=\"alignnone wp-image-712 size-thumbnail\" src=\"https:\/\/www.bambergorthodox.de\/wp-content\/uploads\/2016\/07\/DSC0198-150x150.jpg\" alt=\"_DSC0198\" width=\"150\" height=\"150\" \/><\/a> <a  href=\"https:\/\/www.bambergorthodox.de\/wp-content\/uploads\/2016\/07\/DSC0200.jpg\" data-rel=\"lightbox-gallery-0\" data-rl_title=\"\" data-rl_caption=\"\" title=\"\"><img loading=\"lazy\" decoding=\"async\" class=\"alignnone wp-image-711 size-thumbnail\" src=\"https:\/\/www.bambergorthodox.de\/wp-content\/uploads\/2016\/07\/DSC0200-150x150.jpg\" alt=\"_DSC0200\" width=\"150\" height=\"150\" \/><\/a> <a  href=\"https:\/\/www.bambergorthodox.de\/wp-content\/uploads\/2016\/07\/DSC0208.jpg\" data-rel=\"lightbox-gallery-0\" data-rl_title=\"\" data-rl_caption=\"\" title=\"\"><img loading=\"lazy\" decoding=\"async\" class=\"alignnone wp-image-709 size-thumbnail\" src=\"https:\/\/www.bambergorthodox.de\/wp-content\/uploads\/2016\/07\/DSC0208-150x150.jpg\" alt=\"_DSC0208\" width=\"150\" height=\"150\" \/><\/a> <a  href=\"https:\/\/www.bambergorthodox.de\/wp-content\/uploads\/2016\/07\/DSC0217.jpg\" data-rel=\"lightbox-gallery-0\" data-rl_title=\"\" data-rl_caption=\"\" title=\"\"><img loading=\"lazy\" decoding=\"async\" class=\"alignnone wp-image-706 size-thumbnail\" src=\"https:\/\/www.bambergorthodox.de\/wp-content\/uploads\/2016\/07\/DSC0217-150x150.jpg\" alt=\"_DSC0217\" width=\"150\" height=\"150\" \/><\/a> <a  href=\"https:\/\/www.bambergorthodox.de\/wp-content\/uploads\/2016\/07\/DSC0235.jpg\" data-rel=\"lightbox-gallery-0\" data-rl_title=\"\" data-rl_caption=\"\" title=\"\"><img loading=\"lazy\" decoding=\"async\" class=\"alignnone wp-image-704 size-thumbnail\" src=\"https:\/\/www.bambergorthodox.de\/wp-content\/uploads\/2016\/07\/DSC0235-150x150.jpg\" alt=\"_DSC0235\" width=\"150\" height=\"150\" \/><\/a> <a  href=\"https:\/\/www.bambergorthodox.de\/wp-content\/uploads\/2016\/07\/DSC0252.jpg\" data-rel=\"lightbox-gallery-0\" data-rl_title=\"\" data-rl_caption=\"\" title=\"\"><img loading=\"lazy\" decoding=\"async\" class=\"alignnone wp-image-703 size-thumbnail\" src=\"https:\/\/www.bambergorthodox.de\/wp-content\/uploads\/2016\/07\/DSC0252-150x150.jpg\" alt=\"_DSC0252\" width=\"150\" height=\"150\" \/><\/a> <a  href=\"https:\/\/www.bambergorthodox.de\/wp-content\/uploads\/2016\/07\/DSC0253.jpg\" data-rel=\"lightbox-gallery-0\" data-rl_title=\"\" data-rl_caption=\"\" title=\"\"><img loading=\"lazy\" decoding=\"async\" class=\"alignnone wp-image-702 size-thumbnail\" src=\"https:\/\/www.bambergorthodox.de\/wp-content\/uploads\/2016\/07\/DSC0253-150x150.jpg\" alt=\"_DSC0253\" width=\"150\" height=\"150\" \/><\/a> <a  href=\"https:\/\/www.bambergorthodox.de\/wp-content\/uploads\/2016\/06\/11150822_1551134195149083_6247306326751039035_n.jpg\" data-rel=\"lightbox-gallery-0\" data-rl_title=\"\" data-rl_caption=\"\" title=\"\"><img loading=\"lazy\" decoding=\"async\" class=\"alignnone wp-image-657 size-thumbnail\" src=\"https:\/\/www.bambergorthodox.de\/wp-content\/uploads\/2016\/06\/11150822_1551134195149083_6247306326751039035_n-150x150.jpg\" alt=\"11150822_1551134195149083_6247306326751039035_n\" width=\"150\" height=\"150\" srcset=\"https:\/\/www.bambergorthodox.de\/wp-content\/uploads\/2016\/06\/11150822_1551134195149083_6247306326751039035_n-150x150.jpg 150w, https:\/\/www.bambergorthodox.de\/wp-content\/uploads\/2016\/06\/11150822_1551134195149083_6247306326751039035_n-60x60.jpg 60w\" sizes=\"auto, (max-width: 150px) 100vw, 150px\" \/><\/a><\/p>\n<p>&nbsp;<\/p>\n<p>&nbsp;<\/p>\n<p>&nbsp;<\/p>\n<p>&nbsp;<\/p>\n<p>&nbsp;<\/p>\n<p>&nbsp;","protected":false},"excerpt":{"rendered":"<p>Duminica a doua dup\u0103 Rusalii, a tuturor sfin\u021bilor rom\u00e2ni, a reprezentat o bucurie duhovniceasc\u0103 deosebit\u0103 pentru credincio\u0219ii rom\u00e2ni din parohia Bamberg, ace\u0219tia pr\u0103znuind hramul de var\u0103 al comunit\u0103\u021bii lor, pe Sfin\u021bii Mucenici Kilian, Kolonat \u0219i Totnan, \u00eencre\u0219tin\u0103torii Franconiei. Sf\u00e2nta \u0219i Dumnezeiasca Liturghie a fost s\u0103v\u00e2r\u0219it\u0103 de p\u0103rintele Ionu\u021b Filimon, preot al parohiilor Auxerre \u0219i Dijon &#8230; <a class=\"read-more\" href=\"https:\/\/www.bambergorthodox.de\/?p=754\">Read more&#8230;<\/a><\/p>\n","protected":false},"author":1,"featured_media":0,"comment_status":"open","ping_status":"open","sticky":false,"template":"","format":"standard","meta":{"jetpack_post_was_ever_published":false,"_jetpack_newsletter_access":"","_jetpack_dont_email_post_to_subs":false,"_jetpack_newsletter_tier_id":0,"_jetpack_memberships_contains_paywalled_content":false,"_jetpack_memberships_contains_paid_content":false,"footnotes":"","jetpack_publicize_message":"","jetpack_publicize_feature_enabled":true,"jetpack_social_post_already_shared":false,"jetpack_social_options":{"image_generator_settings":{"template":"highway","default_image_id":0,"font":"","enabled":false},"version":2}},"categories":[5],"tags":[],"class_list":["post-754","post","type-post","status-publish","format-standard","hentry","category-text_menue"],"jetpack_publicize_connections":[],"jetpack_featured_media_url":"","jetpack_sharing_enabled":true,"jetpack_shortlink":"https:\/\/wp.me\/p93ZOd-ca","_links":{"self":[{"href":"https:\/\/www.bambergorthodox.de\/index.php?rest_route=\/wp\/v2\/posts\/754","targetHints":{"allow":["GET"]}}],"collection":[{"href":"https:\/\/www.bambergorthodox.de\/index.php?rest_route=\/wp\/v2\/posts"}],"about":[{"href":"https:\/\/www.bambergorthodox.de\/index.php?rest_route=\/wp\/v2\/types\/post"}],"author":[{"embeddable":true,"href":"https:\/\/www.bambergorthodox.de\/index.php?rest_route=\/wp\/v2\/users\/1"}],"replies":[{"embeddable":true,"href":"https:\/\/www.bambergorthodox.de\/index.php?rest_route=%2Fwp%2Fv2%2Fcomments&post=754"}],"version-history":[{"count":4,"href":"https:\/\/www.bambergorthodox.de\/index.php?rest_route=\/wp\/v2\/posts\/754\/revisions"}],"predecessor-version":[{"id":766,"href":"https:\/\/www.bambergorthodox.de\/index.php?rest_route=\/wp\/v2\/posts\/754\/revisions\/766"}],"wp:attachment":[{"href":"https:\/\/www.bambergorthodox.de\/index.php?rest_route=%2Fwp%2Fv2%2Fmedia&parent=754"}],"wp:term":[{"taxonomy":"category","embeddable":true,"href":"https:\/\/www.bambergorthodox.de\/index.php?rest_route=%2Fwp%2Fv2%2Fcategories&post=754"},{"taxonomy":"post_tag","embeddable":true,"href":"https:\/\/www.bambergorthodox.de\/index.php?rest_route=%2Fwp%2Fv2%2Ftags&post=754"}],"curies":[{"name":"wp","href":"https:\/\/api.w.org\/{rel}","templated":true}]}}