{"id":7135,"date":"2024-05-01T14:21:45","date_gmt":"2024-05-01T12:21:45","guid":{"rendered":"https:\/\/www.bambergorthodox.de\/?p=7135"},"modified":"2024-05-01T14:27:02","modified_gmt":"2024-05-01T12:27:02","slug":"participare-la-campionatul-mondial-de-kempo","status":"publish","type":"post","link":"https:\/\/www.bambergorthodox.de\/?p=7135","title":{"rendered":"Participare la Campionatul Mondial de KEMPO"},"content":{"rendered":"<div><a  href=\"https:\/\/www.bambergorthodox.de\/wp-content\/uploads\/2024\/05\/d4684e6f-04cb-4c81-8669-aafbc5535da6.jpg\" data-rel=\"lightbox-gallery-2\" data-rl_title=\"\" data-rl_caption=\"\" title=\"\"><img loading=\"lazy\" decoding=\"async\" class=\"size-medium wp-image-7127 alignleft\" src=\"https:\/\/www.bambergorthodox.de\/wp-content\/uploads\/2024\/05\/d4684e6f-04cb-4c81-8669-aafbc5535da6-300x225.jpg\" alt=\"\" width=\"300\" height=\"225\" srcset=\"https:\/\/www.bambergorthodox.de\/wp-content\/uploads\/2024\/05\/d4684e6f-04cb-4c81-8669-aafbc5535da6-300x225.jpg 300w, https:\/\/www.bambergorthodox.de\/wp-content\/uploads\/2024\/05\/d4684e6f-04cb-4c81-8669-aafbc5535da6-1024x768.jpg 1024w, https:\/\/www.bambergorthodox.de\/wp-content\/uploads\/2024\/05\/d4684e6f-04cb-4c81-8669-aafbc5535da6-768x576.jpg 768w, https:\/\/www.bambergorthodox.de\/wp-content\/uploads\/2024\/05\/d4684e6f-04cb-4c81-8669-aafbc5535da6-1536x1152.jpg 1536w, https:\/\/www.bambergorthodox.de\/wp-content\/uploads\/2024\/05\/d4684e6f-04cb-4c81-8669-aafbc5535da6.jpg 2000w\" sizes=\"auto, (max-width: 300px) 100vw, 300px\" \/><\/a>Clubul sportiv Kempo MMA Dojo din Ebersdorf bei Coburg condus de Sensei D\u0103nu\u021b-Aurel Neculai (centura neagr\u0103 5 dan) \u0219i Sensei Carmen Georgeta Neculai (centura neagr\u0103 2 dan) a participat \u00een perioada 22-28.04.2024 la Campionatul Mondial de KEMPO ce s-a desf\u0103\u0219urat \u00een Antalia, Turcia.<\/div>\n<p><!--more--><\/p>\n<div>La acest campionat au participat 1100 de sportivi din 56 de \u021b\u0103ri. \u00a0Lotul clubului KEMPO MMA Dojo a fost format din 3 sportivi: Casian-Andrei Neculai, Carmen-Georgeta Neculai, Adolf-Robert Pauliner \u0219i antrenorul lor D\u0103nu\u021b- Aurel Neculai. S-au intors victoriosi cu 4 medalii de bronz \u0219i o medalie de argint:<\/div>\n<div>Adolf-Robert Pauliner &#x1f948;<\/div>\n<div>Casian-Andrei Neculai &#x1f949;&#x1f949;&#x1f949;<\/div>\n<div>Carmen Georgeta Neculai &#x1f949;<\/div>\n<div>\u00cen perioada urm\u0103toarea vor \u00eencepe pregatirea pentru Campionatul European ce se va desf\u0103\u0219oara \u00een Portugalia \u00een perioada 24-26.10.2024.<\/div>\n<div>PS: Sensei D\u0103nu\u021b Neculai este membru \u00een consiliul parohial, iar \u00eentreaga sa familie este una de baz\u0103 a parohiei noastre.<\/div>\n<div class=\"rl-gallery-container rl-loading\" id=\"rl-gallery-container-1\" data-gallery_id=\"7134\"> <div class=\"rl-gallery rl-basicgrid-gallery \" id=\"rl-gallery-1\" data-gallery_no=\"1\"> <div class=\"rl-gallery-item\"><a href=\"https:\/\/www.bambergorthodox.de\/wp-content\/uploads\/2024\/05\/d4684e6f-04cb-4c81-8669-aafbc5535da6.jpg\" title=\"\" data-rl_title=\"\" class=\"rl-gallery-link\" data-rl_caption=\"\" data-rel=\"lightbox-gallery-bGlnaHRib3gtZ2FsbGVyeS0x\" data-rl_title=\"\" data-rl_caption=\"\"><img loading=\"lazy\" decoding=\"async\" src=\"https:\/\/www.bambergorthodox.de\/wp-content\/uploads\/2024\/05\/d4684e6f-04cb-4c81-8669-aafbc5535da6-300x225.jpg\" width=\"300\" height=\"225\" alt=\"\" \/><\/a><\/div><div class=\"rl-gallery-item\"><a href=\"https:\/\/www.bambergorthodox.de\/wp-content\/uploads\/2024\/05\/6efc961d-df2e-4115-a9ea-5950a950f32b.jpg\" title=\"\" data-rl_title=\"\" class=\"rl-gallery-link\" data-rl_caption=\"\" data-rel=\"lightbox-gallery-bGlnaHRib3gtZ2FsbGVyeS0x\" data-rl_title=\"\" data-rl_caption=\"\"><img loading=\"lazy\" decoding=\"async\" src=\"https:\/\/www.bambergorthodox.de\/wp-content\/uploads\/2024\/05\/6efc961d-df2e-4115-a9ea-5950a950f32b-300x181.jpg\" width=\"300\" height=\"181\" alt=\"\" \/><\/a><\/div><div class=\"rl-gallery-item\"><a href=\"https:\/\/www.bambergorthodox.de\/wp-content\/uploads\/2024\/05\/9d8d49aa-6ceb-4a63-8080-bf999c1cc5c0.jpg\" title=\"\" data-rl_title=\"\" class=\"rl-gallery-link\" data-rl_caption=\"\" data-rel=\"lightbox-gallery-bGlnaHRib3gtZ2FsbGVyeS0x\" data-rl_title=\"\" data-rl_caption=\"\"><img loading=\"lazy\" decoding=\"async\" src=\"https:\/\/www.bambergorthodox.de\/wp-content\/uploads\/2024\/05\/9d8d49aa-6ceb-4a63-8080-bf999c1cc5c0-300x188.jpg\" width=\"300\" height=\"188\" alt=\"\" \/><\/a><\/div><div class=\"rl-gallery-item\"><a href=\"https:\/\/www.bambergorthodox.de\/wp-content\/uploads\/2024\/05\/bee73517-4789-49c7-bf4e-53491c6857e6.jpg\" title=\"\" data-rl_title=\"\" class=\"rl-gallery-link\" data-rl_caption=\"\" data-rel=\"lightbox-gallery-bGlnaHRib3gtZ2FsbGVyeS0x\" data-rl_title=\"\" data-rl_caption=\"\"><img loading=\"lazy\" decoding=\"async\" src=\"https:\/\/www.bambergorthodox.de\/wp-content\/uploads\/2024\/05\/bee73517-4789-49c7-bf4e-53491c6857e6-300x225.jpg\" width=\"300\" height=\"225\" alt=\"\" \/><\/a><\/div><div class=\"rl-gallery-item\"><a href=\"https:\/\/www.bambergorthodox.de\/wp-content\/uploads\/2024\/05\/de05c3af-fe92-4d43-8ff8-badb674f5bd2.jpg\" title=\"\" data-rl_title=\"\" class=\"rl-gallery-link\" data-rl_caption=\"\" data-rel=\"lightbox-gallery-bGlnaHRib3gtZ2FsbGVyeS0x\" data-rl_title=\"\" data-rl_caption=\"\"><img loading=\"lazy\" decoding=\"async\" src=\"https:\/\/www.bambergorthodox.de\/wp-content\/uploads\/2024\/05\/de05c3af-fe92-4d43-8ff8-badb674f5bd2-300x191.jpg\" width=\"300\" height=\"191\" alt=\"\" \/><\/a><\/div><div class=\"rl-gallery-item\"><a href=\"https:\/\/www.bambergorthodox.de\/wp-content\/uploads\/2024\/05\/9c2e6694-efd8-48bf-802d-6befeb78cb51.jpg\" title=\"\" data-rl_title=\"\" class=\"rl-gallery-link\" data-rl_caption=\"\" data-rel=\"lightbox-gallery-bGlnaHRib3gtZ2FsbGVyeS0x\" data-rl_title=\"\" data-rl_caption=\"\"><img loading=\"lazy\" decoding=\"async\" src=\"https:\/\/www.bambergorthodox.de\/wp-content\/uploads\/2024\/05\/9c2e6694-efd8-48bf-802d-6befeb78cb51-300x183.jpg\" width=\"300\" height=\"183\" alt=\"\" \/><\/a><\/div><div class=\"rl-gallery-item\"><a href=\"https:\/\/www.bambergorthodox.de\/wp-content\/uploads\/2024\/05\/6b9b2d7b-f51b-491a-aacd-05cc23ac5def.jpg\" title=\"\" data-rl_title=\"\" class=\"rl-gallery-link\" data-rl_caption=\"\" data-rel=\"lightbox-gallery-bGlnaHRib3gtZ2FsbGVyeS0x\" data-rl_title=\"\" data-rl_caption=\"\"><img loading=\"lazy\" decoding=\"async\" src=\"https:\/\/www.bambergorthodox.de\/wp-content\/uploads\/2024\/05\/6b9b2d7b-f51b-491a-aacd-05cc23ac5def-225x300.jpg\" width=\"225\" height=\"300\" alt=\"\" \/><\/a><\/div><div class=\"rl-gallery-item\"><a href=\"https:\/\/www.bambergorthodox.de\/wp-content\/uploads\/2024\/05\/97687f6b-b622-4748-93e4-6b2c4713ef05.jpg\" title=\"\" data-rl_title=\"\" class=\"rl-gallery-link\" data-rl_caption=\"\" data-rel=\"lightbox-gallery-bGlnaHRib3gtZ2FsbGVyeS0x\" data-rl_title=\"\" data-rl_caption=\"\"><img loading=\"lazy\" decoding=\"async\" src=\"https:\/\/www.bambergorthodox.de\/wp-content\/uploads\/2024\/05\/97687f6b-b622-4748-93e4-6b2c4713ef05-300x225.jpg\" width=\"300\" height=\"225\" alt=\"\" \/><\/a><\/div><div class=\"rl-gallery-item\"><a href=\"https:\/\/www.bambergorthodox.de\/wp-content\/uploads\/2024\/05\/07c9c30d-26f8-4351-9e61-f6cd1f2960b4.jpg\" title=\"\" data-rl_title=\"\" class=\"rl-gallery-link\" data-rl_caption=\"\" data-rel=\"lightbox-gallery-bGlnaHRib3gtZ2FsbGVyeS0x\" data-rl_title=\"\" data-rl_caption=\"\"><img loading=\"lazy\" decoding=\"async\" src=\"https:\/\/www.bambergorthodox.de\/wp-content\/uploads\/2024\/05\/07c9c30d-26f8-4351-9e61-f6cd1f2960b4-300x195.jpg\" width=\"300\" height=\"195\" alt=\"\" \/><\/a><\/div> <\/div> <\/div>","protected":false},"excerpt":{"rendered":"<p>Clubul sportiv Kempo MMA Dojo din Ebersdorf bei Coburg condus de Sensei D\u0103nu\u021b-Aurel Neculai (centura neagr\u0103 5 dan) \u0219i Sensei Carmen Georgeta Neculai (centura neagr\u0103 2 dan) a participat \u00een perioada 22-28.04.2024 la Campionatul Mondial de KEMPO ce s-a desf\u0103\u0219urat \u00een Antalia, Turcia.<\/p>\n","protected":false},"author":2,"featured_media":0,"comment_status":"closed","ping_status":"open","sticky":false,"template":"","format":"standard","meta":{"jetpack_post_was_ever_published":false,"_jetpack_newsletter_access":"","_jetpack_dont_email_post_to_subs":false,"_jetpack_newsletter_tier_id":0,"_jetpack_memberships_contains_paywalled_content":false,"_jetpack_memberships_contains_paid_content":false,"footnotes":"","jetpack_publicize_message":"","jetpack_publicize_feature_enabled":true,"jetpack_social_post_already_shared":true,"jetpack_social_options":{"image_generator_settings":{"template":"highway","default_image_id":0,"font":"","enabled":false},"version":2}},"categories":[5],"tags":[],"class_list":["post-7135","post","type-post","status-publish","format-standard","hentry","category-text_menue"],"jetpack_publicize_connections":[],"jetpack_featured_media_url":"","jetpack_sharing_enabled":true,"jetpack_shortlink":"https:\/\/wp.me\/p93ZOd-1R5","_links":{"self":[{"href":"https:\/\/www.bambergorthodox.de\/index.php?rest_route=\/wp\/v2\/posts\/7135","targetHints":{"allow":["GET"]}}],"collection":[{"href":"https:\/\/www.bambergorthodox.de\/index.php?rest_route=\/wp\/v2\/posts"}],"about":[{"href":"https:\/\/www.bambergorthodox.de\/index.php?rest_route=\/wp\/v2\/types\/post"}],"author":[{"embeddable":true,"href":"https:\/\/www.bambergorthodox.de\/index.php?rest_route=\/wp\/v2\/users\/2"}],"replies":[{"embeddable":true,"href":"https:\/\/www.bambergorthodox.de\/index.php?rest_route=%2Fwp%2Fv2%2Fcomments&post=7135"}],"version-history":[{"count":3,"href":"https:\/\/www.bambergorthodox.de\/index.php?rest_route=\/wp\/v2\/posts\/7135\/revisions"}],"predecessor-version":[{"id":7138,"href":"https:\/\/www.bambergorthodox.de\/index.php?rest_route=\/wp\/v2\/posts\/7135\/revisions\/7138"}],"wp:attachment":[{"href":"https:\/\/www.bambergorthodox.de\/index.php?rest_route=%2Fwp%2Fv2%2Fmedia&parent=7135"}],"wp:term":[{"taxonomy":"category","embeddable":true,"href":"https:\/\/www.bambergorthodox.de\/index.php?rest_route=%2Fwp%2Fv2%2Fcategories&post=7135"},{"taxonomy":"post_tag","embeddable":true,"href":"https:\/\/www.bambergorthodox.de\/index.php?rest_route=%2Fwp%2Fv2%2Ftags&post=7135"}],"curies":[{"name":"wp","href":"https:\/\/api.w.org\/{rel}","templated":true}]}}