{"id":6787,"date":"2024-03-07T10:48:16","date_gmt":"2024-03-07T09:48:16","guid":{"rendered":"https:\/\/www.bambergorthodox.de\/?p=6787"},"modified":"2024-03-07T11:04:55","modified_gmt":"2024-03-07T10:04:55","slug":"vizita-mitropolitului-serafim-si-hirotesie-intru-ipodiacon","status":"publish","type":"post","link":"https:\/\/www.bambergorthodox.de\/?p=6787","title":{"rendered":"Vizita Mitropolitului Serafim \u0219i hirotesie \u00eentru ipodiacon"},"content":{"rendered":"<p style=\"font-weight: 400;\"><a  href=\"https:\/\/www.bambergorthodox.de\/wp-content\/uploads\/2024\/03\/14bb0038-57a8-4071-b2c2-af7c9ff02cf6.jpg\" data-rel=\"lightbox-gallery-1\" data-rl_title=\"\" data-rl_caption=\"\" title=\"\"><img loading=\"lazy\" decoding=\"async\" class=\"size-medium wp-image-6789 alignleft\" src=\"https:\/\/www.bambergorthodox.de\/wp-content\/uploads\/2024\/03\/14bb0038-57a8-4071-b2c2-af7c9ff02cf6-300x225.jpg\" alt=\"\" width=\"300\" height=\"225\" srcset=\"https:\/\/www.bambergorthodox.de\/wp-content\/uploads\/2024\/03\/14bb0038-57a8-4071-b2c2-af7c9ff02cf6-300x225.jpg 300w, https:\/\/www.bambergorthodox.de\/wp-content\/uploads\/2024\/03\/14bb0038-57a8-4071-b2c2-af7c9ff02cf6-1024x768.jpg 1024w, https:\/\/www.bambergorthodox.de\/wp-content\/uploads\/2024\/03\/14bb0038-57a8-4071-b2c2-af7c9ff02cf6-768x576.jpg 768w, https:\/\/www.bambergorthodox.de\/wp-content\/uploads\/2024\/03\/14bb0038-57a8-4071-b2c2-af7c9ff02cf6-1536x1152.jpg 1536w, https:\/\/www.bambergorthodox.de\/wp-content\/uploads\/2024\/03\/14bb0038-57a8-4071-b2c2-af7c9ff02cf6.jpg 1600w\" sizes=\"auto, (max-width: 300px) 100vw, 300px\" \/><\/a>\u00cen prima duminic\u0103 din luna martie, cea de-a 34-a dup\u0103 Rusalii, numit\u0103 \u0219i a \u00centoarcerii Fiului Risipitor, parohia noastr\u0103 a s\u0103rb\u0103torit un eveniment duhovnicesc deosebit: vizita \u00cenaltpreasfin\u021bitului P\u0103rinte Mitropolit dr. Serafim \u0219i a p\u0103rintelui evanghelic prof. dr. h.c. J\u00fcrgen Henkel. \u00cenaltpreasfin\u021bitul a slujit Sf\u00e2nta \u0219i Dumnezeiasca Liturghie arhiereasc\u0103, \u00een cadrul c\u0103reia a hirotesit \u00eentru ipodiacon pe t\u00e2n\u0103rul Richard-Osvaldo Nechita.<!--more--><\/p>\n<p style=\"font-weight: 400;\">La momentul predicii, P\u0103rintele Mitropolit Serafim a vorbit credincio\u0219ilor prezen\u021bi despre pericopa evanghelic\u0103 a zilei \u0219i i-a \u00eendemnat pe ace\u0219tia s\u0103 caute \u00eentoarcerea c\u0103tre Dumnezeu, precum fiul r\u0103t\u0103citor. Accentul predicii a fost men\u021binut pe eliberarea omului de p\u0103cate, pentru a putea intra \u00een comuniune cu Dumnezeu. La sf\u00e2r\u0219itul slujbei s-a organizat o colect\u0103 \u00een sprijinul proiectului mitropoliei noastre \u201cBurse pentru copii s\u0103raci din Moldova\u201d.<\/p>\n<p><span class=\"embed-youtube\" style=\"text-align:center; display: block;\"><iframe loading=\"lazy\" class=\"youtube-player\" width=\"1200\" height=\"675\" src=\"https:\/\/www.youtube.com\/embed\/ih1LPpoAsiE?version=3&#038;rel=1&#038;showsearch=0&#038;showinfo=1&#038;iv_load_policy=1&#038;fs=1&#038;hl=ro-RO&#038;autohide=2&#038;wmode=transparent\" allowfullscreen=\"true\" style=\"border:0;\" sandbox=\"allow-scripts allow-same-origin allow-popups allow-presentation allow-popups-to-escape-sandbox\"><\/iframe><\/span><\/p>\n<p style=\"font-weight: 400;\">Weekend-ul a debutat cu participarea Mitropolitului Serafim, al\u0103turi de p\u0103rintele paroh Ionu\u021b P\u0103un, ca reprezentan\u021bi oficiali ai Mitropoliei noastre, la slujba de \u00eentronizare a noului arhiepiscop \u0219i mitropolit al Arhiepiscopiei romano-catolice de Bamberg, Herwig G\u00f6ssl, \u00een Domul cu hramurile Sf. Petru \u0219i Sf. Gheorghe din Bamberg. Slujba a fost transmis\u0103 \u00een direct de c\u0103tre postul de televiziune Bayerischer Rundfunk (<a href=\"https:\/\/www.ardmediathek.de\/video\/gottesdienste\/einfuehrung-des-neuen-erzbischofs-herwig-goessl\/br-fernsehen\/Y3JpZDovL2JyLmRlL3ZpZGVvL2FmOGY0NTU2LTU1M2EtNGM0MS1hOTM2LWYwMDgxNDY4ZGQzOQ\" target=\"_blank\" rel=\"noopener\">vezi slujba aici<\/a>).<\/p>\n<p style=\"font-weight: 400;\"><div class=\"rl-gallery-container rl-loading\" id=\"rl-gallery-container-1\" data-gallery_id=\"6792\"> <div class=\"rl-gallery rl-basicgrid-gallery \" id=\"rl-gallery-1\" data-gallery_no=\"1\"> <div class=\"rl-gallery-item\"><a href=\"https:\/\/www.bambergorthodox.de\/wp-content\/uploads\/2024\/03\/89902051-8921-4116-890f-fd71245e0109.jpg\" title=\"\" data-rl_title=\"\" class=\"rl-gallery-link\" data-rl_caption=\"\" data-rel=\"lightbox-gallery-bGlnaHRib3gtZ2FsbGVyeS0x\" data-rl_title=\"\" data-rl_caption=\"\"><img loading=\"lazy\" decoding=\"async\" src=\"https:\/\/www.bambergorthodox.de\/wp-content\/uploads\/2024\/03\/89902051-8921-4116-890f-fd71245e0109-300x169.jpg\" width=\"300\" height=\"169\" alt=\"\" \/><\/a><\/div><div class=\"rl-gallery-item\"><a href=\"https:\/\/www.bambergorthodox.de\/wp-content\/uploads\/2024\/03\/5cfc6fc5-6718-42ee-9a74-e376fadf2a8f.jpg\" title=\"\" data-rl_title=\"\" class=\"rl-gallery-link\" data-rl_caption=\"\" data-rel=\"lightbox-gallery-bGlnaHRib3gtZ2FsbGVyeS0x\" data-rl_title=\"\" data-rl_caption=\"\"><img loading=\"lazy\" decoding=\"async\" src=\"https:\/\/www.bambergorthodox.de\/wp-content\/uploads\/2024\/03\/5cfc6fc5-6718-42ee-9a74-e376fadf2a8f-300x169.jpg\" width=\"300\" height=\"169\" alt=\"\" \/><\/a><\/div><div class=\"rl-gallery-item\"><a href=\"https:\/\/www.bambergorthodox.de\/wp-content\/uploads\/2024\/03\/7a27d800-5954-4a77-a6b1-46316f1bf4f4.jpg\" title=\"\" data-rl_title=\"\" class=\"rl-gallery-link\" data-rl_caption=\"\" data-rel=\"lightbox-gallery-bGlnaHRib3gtZ2FsbGVyeS0x\" data-rl_title=\"\" data-rl_caption=\"\"><img loading=\"lazy\" decoding=\"async\" src=\"https:\/\/www.bambergorthodox.de\/wp-content\/uploads\/2024\/03\/7a27d800-5954-4a77-a6b1-46316f1bf4f4-300x169.jpg\" width=\"300\" height=\"169\" alt=\"\" \/><\/a><\/div><div class=\"rl-gallery-item\"><a href=\"https:\/\/www.bambergorthodox.de\/wp-content\/uploads\/2024\/03\/60ade68a-b8e2-45eb-9b19-3d0557cef962.jpg\" title=\"\" data-rl_title=\"\" class=\"rl-gallery-link\" data-rl_caption=\"\" data-rel=\"lightbox-gallery-bGlnaHRib3gtZ2FsbGVyeS0x\" data-rl_title=\"\" data-rl_caption=\"\"><img loading=\"lazy\" decoding=\"async\" src=\"https:\/\/www.bambergorthodox.de\/wp-content\/uploads\/2024\/03\/60ade68a-b8e2-45eb-9b19-3d0557cef962-300x169.jpg\" width=\"300\" height=\"169\" alt=\"\" \/><\/a><\/div><div class=\"rl-gallery-item\"><a href=\"https:\/\/www.bambergorthodox.de\/wp-content\/uploads\/2024\/03\/01a57e35-7dab-4328-b1c7-bafc26689599.jpg\" title=\"\" data-rl_title=\"\" class=\"rl-gallery-link\" data-rl_caption=\"\" data-rel=\"lightbox-gallery-bGlnaHRib3gtZ2FsbGVyeS0x\" data-rl_title=\"\" data-rl_caption=\"\"><img loading=\"lazy\" decoding=\"async\" src=\"https:\/\/www.bambergorthodox.de\/wp-content\/uploads\/2024\/03\/01a57e35-7dab-4328-b1c7-bafc26689599-225x300.jpg\" width=\"225\" height=\"300\" alt=\"\" \/><\/a><\/div><div class=\"rl-gallery-item\"><a href=\"https:\/\/www.bambergorthodox.de\/wp-content\/uploads\/2024\/03\/a3aaa205-012c-4d3c-ae32-e133817576bf.jpg\" title=\"\" data-rl_title=\"\" class=\"rl-gallery-link\" data-rl_caption=\"\" data-rel=\"lightbox-gallery-bGlnaHRib3gtZ2FsbGVyeS0x\" data-rl_title=\"\" data-rl_caption=\"\"><img loading=\"lazy\" decoding=\"async\" src=\"https:\/\/www.bambergorthodox.de\/wp-content\/uploads\/2024\/03\/a3aaa205-012c-4d3c-ae32-e133817576bf-300x225.jpg\" width=\"300\" height=\"225\" alt=\"\" \/><\/a><\/div><div class=\"rl-gallery-item\"><a href=\"https:\/\/www.bambergorthodox.de\/wp-content\/uploads\/2024\/03\/1906d5e3-d608-41d0-8d13-21ab3d21d02d.jpg\" title=\"\" data-rl_title=\"\" class=\"rl-gallery-link\" data-rl_caption=\"\" data-rel=\"lightbox-gallery-bGlnaHRib3gtZ2FsbGVyeS0x\" data-rl_title=\"\" data-rl_caption=\"\"><img loading=\"lazy\" decoding=\"async\" src=\"https:\/\/www.bambergorthodox.de\/wp-content\/uploads\/2024\/03\/1906d5e3-d608-41d0-8d13-21ab3d21d02d-300x225.jpg\" width=\"300\" height=\"225\" alt=\"\" \/><\/a><\/div><div class=\"rl-gallery-item\"><a href=\"https:\/\/www.bambergorthodox.de\/wp-content\/uploads\/2024\/03\/e9c7b6c3-0264-424d-8af1-91f2982190c5.jpg\" title=\"\" data-rl_title=\"\" class=\"rl-gallery-link\" data-rl_caption=\"\" data-rel=\"lightbox-gallery-bGlnaHRib3gtZ2FsbGVyeS0x\" data-rl_title=\"\" data-rl_caption=\"\"><img loading=\"lazy\" decoding=\"async\" src=\"https:\/\/www.bambergorthodox.de\/wp-content\/uploads\/2024\/03\/e9c7b6c3-0264-424d-8af1-91f2982190c5-300x225.jpg\" width=\"300\" height=\"225\" alt=\"\" \/><\/a><\/div><div class=\"rl-gallery-item\"><a href=\"https:\/\/www.bambergorthodox.de\/wp-content\/uploads\/2024\/03\/a3166dbc-1b06-455a-b761-92d9b8b72921.jpg\" title=\"\" data-rl_title=\"\" class=\"rl-gallery-link\" data-rl_caption=\"\" data-rel=\"lightbox-gallery-bGlnaHRib3gtZ2FsbGVyeS0x\" data-rl_title=\"\" data-rl_caption=\"\"><img loading=\"lazy\" decoding=\"async\" src=\"https:\/\/www.bambergorthodox.de\/wp-content\/uploads\/2024\/03\/a3166dbc-1b06-455a-b761-92d9b8b72921-300x225.jpg\" width=\"300\" height=\"225\" alt=\"\" \/><\/a><\/div><div class=\"rl-gallery-item\"><a href=\"https:\/\/www.bambergorthodox.de\/wp-content\/uploads\/2024\/03\/8048bf18-2f0f-445e-a015-79513be69232.jpg\" title=\"\" data-rl_title=\"\" class=\"rl-gallery-link\" data-rl_caption=\"\" data-rel=\"lightbox-gallery-bGlnaHRib3gtZ2FsbGVyeS0x\" data-rl_title=\"\" data-rl_caption=\"\"><img loading=\"lazy\" decoding=\"async\" src=\"https:\/\/www.bambergorthodox.de\/wp-content\/uploads\/2024\/03\/8048bf18-2f0f-445e-a015-79513be69232-300x225.jpg\" width=\"300\" height=\"225\" alt=\"\" \/><\/a><\/div><div class=\"rl-gallery-item\"><a href=\"https:\/\/www.bambergorthodox.de\/wp-content\/uploads\/2024\/03\/f73690c1-7425-48d9-a40c-1fabcca3202d.jpg\" title=\"\" data-rl_title=\"\" class=\"rl-gallery-link\" data-rl_caption=\"\" data-rel=\"lightbox-gallery-bGlnaHRib3gtZ2FsbGVyeS0x\" data-rl_title=\"\" data-rl_caption=\"\"><img loading=\"lazy\" decoding=\"async\" src=\"https:\/\/www.bambergorthodox.de\/wp-content\/uploads\/2024\/03\/f73690c1-7425-48d9-a40c-1fabcca3202d-300x225.jpg\" width=\"300\" height=\"225\" alt=\"\" \/><\/a><\/div><div class=\"rl-gallery-item\"><a href=\"https:\/\/www.bambergorthodox.de\/wp-content\/uploads\/2024\/03\/377b19a1-fae8-4857-81bc-e7bd71932b8a.jpg\" title=\"\" data-rl_title=\"\" class=\"rl-gallery-link\" data-rl_caption=\"\" data-rel=\"lightbox-gallery-bGlnaHRib3gtZ2FsbGVyeS0x\" data-rl_title=\"\" data-rl_caption=\"\"><img loading=\"lazy\" decoding=\"async\" src=\"https:\/\/www.bambergorthodox.de\/wp-content\/uploads\/2024\/03\/377b19a1-fae8-4857-81bc-e7bd71932b8a-300x169.jpg\" width=\"300\" height=\"169\" alt=\"\" \/><\/a><\/div><div class=\"rl-gallery-item\"><a href=\"https:\/\/www.bambergorthodox.de\/wp-content\/uploads\/2024\/03\/4d197daa-be39-4cef-8d7c-95ff77276aa9.jpg\" title=\"\" data-rl_title=\"\" class=\"rl-gallery-link\" data-rl_caption=\"\" data-rel=\"lightbox-gallery-bGlnaHRib3gtZ2FsbGVyeS0x\" data-rl_title=\"\" data-rl_caption=\"\"><img loading=\"lazy\" decoding=\"async\" src=\"https:\/\/www.bambergorthodox.de\/wp-content\/uploads\/2024\/03\/4d197daa-be39-4cef-8d7c-95ff77276aa9-300x225.jpg\" width=\"300\" height=\"225\" alt=\"\" \/><\/a><\/div><div class=\"rl-gallery-item\"><a href=\"https:\/\/www.bambergorthodox.de\/wp-content\/uploads\/2024\/03\/9fedab1c-a752-4129-b858-dd293764e638.jpg\" title=\"\" data-rl_title=\"\" class=\"rl-gallery-link\" data-rl_caption=\"\" data-rel=\"lightbox-gallery-bGlnaHRib3gtZ2FsbGVyeS0x\" data-rl_title=\"\" data-rl_caption=\"\"><img loading=\"lazy\" decoding=\"async\" src=\"https:\/\/www.bambergorthodox.de\/wp-content\/uploads\/2024\/03\/9fedab1c-a752-4129-b858-dd293764e638-300x225.jpg\" width=\"300\" height=\"225\" alt=\"\" \/><\/a><\/div><div class=\"rl-gallery-item\"><a href=\"https:\/\/www.bambergorthodox.de\/wp-content\/uploads\/2024\/03\/bbdaf2c0-f31a-4dc2-8514-c8c6edc8fa2a.jpg\" title=\"\" data-rl_title=\"\" class=\"rl-gallery-link\" data-rl_caption=\"\" data-rel=\"lightbox-gallery-bGlnaHRib3gtZ2FsbGVyeS0x\" data-rl_title=\"\" data-rl_caption=\"\"><img loading=\"lazy\" decoding=\"async\" src=\"https:\/\/www.bambergorthodox.de\/wp-content\/uploads\/2024\/03\/bbdaf2c0-f31a-4dc2-8514-c8c6edc8fa2a-300x225.jpg\" width=\"300\" height=\"225\" alt=\"\" \/><\/a><\/div><div class=\"rl-gallery-item\"><a href=\"https:\/\/www.bambergorthodox.de\/wp-content\/uploads\/2024\/03\/e7b9514c-54f7-4421-9dc9-6bd258498ea6.jpg\" title=\"\" data-rl_title=\"\" class=\"rl-gallery-link\" data-rl_caption=\"\" data-rel=\"lightbox-gallery-bGlnaHRib3gtZ2FsbGVyeS0x\" data-rl_title=\"\" data-rl_caption=\"\"><img loading=\"lazy\" decoding=\"async\" src=\"https:\/\/www.bambergorthodox.de\/wp-content\/uploads\/2024\/03\/e7b9514c-54f7-4421-9dc9-6bd258498ea6-300x225.jpg\" width=\"300\" height=\"225\" alt=\"\" \/><\/a><\/div><div class=\"rl-gallery-item\"><a href=\"https:\/\/www.bambergorthodox.de\/wp-content\/uploads\/2024\/03\/36e872bd-f36f-4083-b875-ee7d7fc34adc.jpg\" title=\"\" data-rl_title=\"\" class=\"rl-gallery-link\" data-rl_caption=\"\" data-rel=\"lightbox-gallery-bGlnaHRib3gtZ2FsbGVyeS0x\" data-rl_title=\"\" data-rl_caption=\"\"><img loading=\"lazy\" decoding=\"async\" src=\"https:\/\/www.bambergorthodox.de\/wp-content\/uploads\/2024\/03\/36e872bd-f36f-4083-b875-ee7d7fc34adc-300x225.jpg\" width=\"300\" height=\"225\" alt=\"\" \/><\/a><\/div><div class=\"rl-gallery-item\"><a href=\"https:\/\/www.bambergorthodox.de\/wp-content\/uploads\/2024\/03\/69c19897-204d-40b8-9f29-0935105526a6.jpg\" title=\"\" data-rl_title=\"\" class=\"rl-gallery-link\" data-rl_caption=\"\" data-rel=\"lightbox-gallery-bGlnaHRib3gtZ2FsbGVyeS0x\" data-rl_title=\"\" data-rl_caption=\"\"><img loading=\"lazy\" decoding=\"async\" src=\"https:\/\/www.bambergorthodox.de\/wp-content\/uploads\/2024\/03\/69c19897-204d-40b8-9f29-0935105526a6-300x169.jpg\" width=\"300\" height=\"169\" alt=\"\" \/><\/a><\/div><div class=\"rl-gallery-item\"><a href=\"https:\/\/www.bambergorthodox.de\/wp-content\/uploads\/2024\/03\/f6560f7c-786a-4d12-98ba-457a2623c541.jpg\" title=\"\" data-rl_title=\"\" class=\"rl-gallery-link\" data-rl_caption=\"\" data-rel=\"lightbox-gallery-bGlnaHRib3gtZ2FsbGVyeS0x\" data-rl_title=\"\" data-rl_caption=\"\"><img loading=\"lazy\" decoding=\"async\" src=\"https:\/\/www.bambergorthodox.de\/wp-content\/uploads\/2024\/03\/f6560f7c-786a-4d12-98ba-457a2623c541-300x225.jpg\" width=\"300\" height=\"225\" alt=\"\" \/><\/a><\/div><div class=\"rl-gallery-item\"><a href=\"https:\/\/www.bambergorthodox.de\/wp-content\/uploads\/2024\/03\/f4dd82c3-c8fa-4218-ab1b-b0bd77a64e64.jpg\" title=\"\" data-rl_title=\"\" class=\"rl-gallery-link\" data-rl_caption=\"\" data-rel=\"lightbox-gallery-bGlnaHRib3gtZ2FsbGVyeS0x\" data-rl_title=\"\" data-rl_caption=\"\"><img loading=\"lazy\" decoding=\"async\" src=\"https:\/\/www.bambergorthodox.de\/wp-content\/uploads\/2024\/03\/f4dd82c3-c8fa-4218-ab1b-b0bd77a64e64-300x225.jpg\" width=\"300\" height=\"225\" alt=\"\" \/><\/a><\/div><div class=\"rl-gallery-item\"><a href=\"https:\/\/www.bambergorthodox.de\/wp-content\/uploads\/2024\/03\/f9fd09b5-0703-4b1f-8338-52f0505b2a34.jpg\" title=\"\" data-rl_title=\"\" class=\"rl-gallery-link\" data-rl_caption=\"\" data-rel=\"lightbox-gallery-bGlnaHRib3gtZ2FsbGVyeS0x\" data-rl_title=\"\" data-rl_caption=\"\"><img loading=\"lazy\" decoding=\"async\" src=\"https:\/\/www.bambergorthodox.de\/wp-content\/uploads\/2024\/03\/f9fd09b5-0703-4b1f-8338-52f0505b2a34-300x169.jpg\" width=\"300\" height=\"169\" alt=\"\" \/><\/a><\/div><div class=\"rl-gallery-item\"><a href=\"https:\/\/www.bambergorthodox.de\/wp-content\/uploads\/2024\/03\/9e81faff-097a-4305-a572-cc054105e120.jpg\" title=\"\" data-rl_title=\"\" class=\"rl-gallery-link\" data-rl_caption=\"\" data-rel=\"lightbox-gallery-bGlnaHRib3gtZ2FsbGVyeS0x\" data-rl_title=\"\" data-rl_caption=\"\"><img loading=\"lazy\" decoding=\"async\" src=\"https:\/\/www.bambergorthodox.de\/wp-content\/uploads\/2024\/03\/9e81faff-097a-4305-a572-cc054105e120-300x169.jpg\" width=\"300\" height=\"169\" alt=\"\" \/><\/a><\/div><div class=\"rl-gallery-item\"><a href=\"https:\/\/www.bambergorthodox.de\/wp-content\/uploads\/2024\/03\/e914d182-04ff-4c8a-b235-2c389f158aa4.jpg\" title=\"\" data-rl_title=\"\" class=\"rl-gallery-link\" data-rl_caption=\"\" data-rel=\"lightbox-gallery-bGlnaHRib3gtZ2FsbGVyeS0x\" data-rl_title=\"\" data-rl_caption=\"\"><img loading=\"lazy\" decoding=\"async\" src=\"https:\/\/www.bambergorthodox.de\/wp-content\/uploads\/2024\/03\/e914d182-04ff-4c8a-b235-2c389f158aa4-300x169.jpg\" width=\"300\" height=\"169\" alt=\"\" \/><\/a><\/div> <\/div> <\/div>","protected":false},"excerpt":{"rendered":"<p>\u00cen prima duminic\u0103 din luna martie, cea de-a 34-a dup\u0103 Rusalii, numit\u0103 \u0219i a \u00centoarcerii Fiului Risipitor, parohia noastr\u0103 a s\u0103rb\u0103torit un eveniment duhovnicesc deosebit: vizita \u00cenaltpreasfin\u021bitului P\u0103rinte Mitropolit dr. Serafim \u0219i a p\u0103rintelui evanghelic prof. dr. h.c. J\u00fcrgen Henkel. \u00cenaltpreasfin\u021bitul a slujit Sf\u00e2nta \u0219i Dumnezeiasca Liturghie arhiereasc\u0103, \u00een cadrul c\u0103reia a hirotesit \u00eentru ipodiacon &#8230; <a class=\"read-more\" href=\"https:\/\/www.bambergorthodox.de\/?p=6787\">Read more&#8230;<\/a><\/p>\n","protected":false},"author":1,"featured_media":0,"comment_status":"closed","ping_status":"open","sticky":false,"template":"","format":"standard","meta":{"jetpack_post_was_ever_published":false,"_jetpack_newsletter_access":"","_jetpack_dont_email_post_to_subs":false,"_jetpack_newsletter_tier_id":0,"_jetpack_memberships_contains_paywalled_content":false,"_jetpack_memberships_contains_paid_content":false,"footnotes":"","jetpack_publicize_message":"","jetpack_publicize_feature_enabled":true,"jetpack_social_post_already_shared":true,"jetpack_social_options":{"image_generator_settings":{"template":"highway","default_image_id":0,"font":"","enabled":false},"version":2}},"categories":[5],"tags":[],"class_list":["post-6787","post","type-post","status-publish","format-standard","hentry","category-text_menue"],"jetpack_publicize_connections":[],"jetpack_featured_media_url":"","jetpack_sharing_enabled":true,"jetpack_shortlink":"https:\/\/wp.me\/p93ZOd-1Lt","_links":{"self":[{"href":"https:\/\/www.bambergorthodox.de\/index.php?rest_route=\/wp\/v2\/posts\/6787","targetHints":{"allow":["GET"]}}],"collection":[{"href":"https:\/\/www.bambergorthodox.de\/index.php?rest_route=\/wp\/v2\/posts"}],"about":[{"href":"https:\/\/www.bambergorthodox.de\/index.php?rest_route=\/wp\/v2\/types\/post"}],"author":[{"embeddable":true,"href":"https:\/\/www.bambergorthodox.de\/index.php?rest_route=\/wp\/v2\/users\/1"}],"replies":[{"embeddable":true,"href":"https:\/\/www.bambergorthodox.de\/index.php?rest_route=%2Fwp%2Fv2%2Fcomments&post=6787"}],"version-history":[{"count":8,"href":"https:\/\/www.bambergorthodox.de\/index.php?rest_route=\/wp\/v2\/posts\/6787\/revisions"}],"predecessor-version":[{"id":6811,"href":"https:\/\/www.bambergorthodox.de\/index.php?rest_route=\/wp\/v2\/posts\/6787\/revisions\/6811"}],"wp:attachment":[{"href":"https:\/\/www.bambergorthodox.de\/index.php?rest_route=%2Fwp%2Fv2%2Fmedia&parent=6787"}],"wp:term":[{"taxonomy":"category","embeddable":true,"href":"https:\/\/www.bambergorthodox.de\/index.php?rest_route=%2Fwp%2Fv2%2Fcategories&post=6787"},{"taxonomy":"post_tag","embeddable":true,"href":"https:\/\/www.bambergorthodox.de\/index.php?rest_route=%2Fwp%2Fv2%2Ftags&post=6787"}],"curies":[{"name":"wp","href":"https:\/\/api.w.org\/{rel}","templated":true}]}}