{"id":656,"date":"2016-06-28T23:13:18","date_gmt":"2016-06-28T21:13:18","guid":{"rendered":"http:\/\/www.bambergorthodox.de\/?p=656"},"modified":"2016-06-28T23:34:02","modified_gmt":"2016-06-28T21:34:02","slug":"romana-invitatie-la-hramul-de-vara","status":"publish","type":"post","link":"https:\/\/www.bambergorthodox.de\/?p=656","title":{"rendered":"Invita\u021bie la hramul de var\u0103"},"content":{"rendered":"<a  href=\"https:\/\/www.bambergorthodox.de\/wp-content\/uploads\/2016\/06\/11150822_1551134195149083_6247306326751039035_n.jpg\" data-rel=\"lightbox-gallery-0\" data-rl_title=\"\" data-rl_caption=\"\" title=\"\"><img loading=\"lazy\" decoding=\"async\" class=\"size-medium wp-image-657 alignleft\" src=\"https:\/\/www.bambergorthodox.de\/wp-content\/uploads\/2016\/06\/11150822_1551134195149083_6247306326751039035_n-300x157.jpg\" alt=\"11150822_1551134195149083_6247306326751039035_n\" width=\"300\" height=\"157\" srcset=\"https:\/\/www.bambergorthodox.de\/wp-content\/uploads\/2016\/06\/11150822_1551134195149083_6247306326751039035_n-300x157.jpg 300w, https:\/\/www.bambergorthodox.de\/wp-content\/uploads\/2016\/06\/11150822_1551134195149083_6247306326751039035_n.jpg 701w\" sizes=\"auto, (max-width: 300px) 100vw, 300px\" \/><\/a><em>V\u0103 invit\u0103m cu bucurie la hramul de var\u0103 al Parohiei Ortodoxe Rom\u00e2ne din Bamberg, ziua ocrotitorilor comunit\u0103\u021bii\u00a0noastre, Sfin\u021bii Mucenici Kilian, Kolonat \u0219i Totnan, \u00eencre\u0219tin\u0103torii Franconiei:\u00a0<\/em><em><strong>Duminic\u0103, 3 iulie, orele 10.30<\/strong>, Sf\u00e2nta \u0219i Dumnezeiasca Liturghie \u0219i \u00een continuare o mic\u0103 agap\u0103.\u00a0Fiecare poate aduce ce crede de cuviin\u021b\u0103 pentru agapa de dup\u0103 amiaz\u0103. V\u0103 rug\u0103m s\u0103 v\u0103 lua\u021bi timp, pentru c\u0103 dorim s\u0103 \u00a0ne cunoa\u0219tem mai bine unii cu al\u021bii, s\u0103 afl\u0103m mai multe despre comunitate \u0219i despre sfin\u021bii ocrotitori.<\/em><\/p>\n<p>Ne bucur\u0103m pentru fiecare rom\u00e2n ce ni se va al\u0103tura!<\/p>\n<p>Preot Ionu\u021b P\u0103un","protected":false},"excerpt":{"rendered":"<p>V\u0103 invit\u0103m cu bucurie la hramul de var\u0103 al Parohiei Ortodoxe Rom\u00e2ne din Bamberg, ziua ocrotitorilor comunit\u0103\u021bii\u00a0noastre, Sfin\u021bii Mucenici Kilian, Kolonat \u0219i Totnan, \u00eencre\u0219tin\u0103torii Franconiei:\u00a0Duminic\u0103, 3 iulie, orele 10.30, Sf\u00e2nta \u0219i Dumnezeiasca Liturghie \u0219i \u00een continuare o mic\u0103 agap\u0103.\u00a0Fiecare poate aduce ce crede de cuviin\u021b\u0103 pentru agapa de dup\u0103 amiaz\u0103. V\u0103 rug\u0103m s\u0103 v\u0103 lua\u021bi &#8230; <a class=\"read-more\" href=\"https:\/\/www.bambergorthodox.de\/?p=656\">Read more&#8230;<\/a><\/p>\n","protected":false},"author":1,"featured_media":0,"comment_status":"open","ping_status":"open","sticky":false,"template":"","format":"standard","meta":{"jetpack_post_was_ever_published":false,"_jetpack_newsletter_access":"","_jetpack_dont_email_post_to_subs":false,"_jetpack_newsletter_tier_id":0,"_jetpack_memberships_contains_paywalled_content":false,"_jetpack_memberships_contains_paid_content":false,"footnotes":"","jetpack_publicize_message":"","jetpack_publicize_feature_enabled":true,"jetpack_social_post_already_shared":false,"jetpack_social_options":{"image_generator_settings":{"template":"highway","default_image_id":0,"font":"","enabled":false},"version":2}},"categories":[1],"tags":[],"class_list":["post-656","post","type-post","status-publish","format-standard","hentry","category-allgemein"],"jetpack_publicize_connections":[],"jetpack_featured_media_url":"","jetpack_sharing_enabled":true,"jetpack_shortlink":"https:\/\/wp.me\/p93ZOd-aA","_links":{"self":[{"href":"https:\/\/www.bambergorthodox.de\/index.php?rest_route=\/wp\/v2\/posts\/656","targetHints":{"allow":["GET"]}}],"collection":[{"href":"https:\/\/www.bambergorthodox.de\/index.php?rest_route=\/wp\/v2\/posts"}],"about":[{"href":"https:\/\/www.bambergorthodox.de\/index.php?rest_route=\/wp\/v2\/types\/post"}],"author":[{"embeddable":true,"href":"https:\/\/www.bambergorthodox.de\/index.php?rest_route=\/wp\/v2\/users\/1"}],"replies":[{"embeddable":true,"href":"https:\/\/www.bambergorthodox.de\/index.php?rest_route=%2Fwp%2Fv2%2Fcomments&post=656"}],"version-history":[{"count":6,"href":"https:\/\/www.bambergorthodox.de\/index.php?rest_route=\/wp\/v2\/posts\/656\/revisions"}],"predecessor-version":[{"id":663,"href":"https:\/\/www.bambergorthodox.de\/index.php?rest_route=\/wp\/v2\/posts\/656\/revisions\/663"}],"wp:attachment":[{"href":"https:\/\/www.bambergorthodox.de\/index.php?rest_route=%2Fwp%2Fv2%2Fmedia&parent=656"}],"wp:term":[{"taxonomy":"category","embeddable":true,"href":"https:\/\/www.bambergorthodox.de\/index.php?rest_route=%2Fwp%2Fv2%2Fcategories&post=656"},{"taxonomy":"post_tag","embeddable":true,"href":"https:\/\/www.bambergorthodox.de\/index.php?rest_route=%2Fwp%2Fv2%2Ftags&post=656"}],"curies":[{"name":"wp","href":"https:\/\/api.w.org\/{rel}","templated":true}]}}