{"id":597,"date":"2016-05-09T23:08:58","date_gmt":"2016-05-09T21:08:58","guid":{"rendered":"http:\/\/www.bambergorthodox.de\/?p=597"},"modified":"2016-05-09T23:20:43","modified_gmt":"2016-05-09T21:20:43","slug":"romana-conferinta-preoteasca-anuala-si-adunarea-eparhiala","status":"publish","type":"post","link":"https:\/\/www.bambergorthodox.de\/?p=597","title":{"rendered":"Conferin\u021ba preo\u021beasc\u0103 anual\u0103 \u0219i Adunarea Eparhial\u0103"},"content":{"rendered":"<h2><a  href=\"http:\/\/mitropolia-ro.de\/images\/galerii\/2016\/2016.05.06%20Adunarea%20Eparhiala%202016\/Ad.Ep.2016.0017.jpg\" data-rel=\"lightbox-gallery-0\" data-rl_title=\"\" data-rl_caption=\"\" title=\"\"><img loading=\"lazy\" decoding=\"async\" class=\"alignleft\" src=\"http:\/\/mitropolia-ro.de\/images\/galerii\/2016\/2016.05.06%20Adunarea%20Eparhiala%202016\/Ad.Ep.2016.0017.jpg\" alt=\"\" width=\"220\" height=\"165\" border=\"0\" \/><\/a><\/h2>\n<p><em>Vineri <\/em><em>\u0219i s\u00e2mb\u0103t\u0103,<\/em><em> 6-7 mai 2016, au avut loc la Sediul Mitropoliei Ortodoxe Rom\u00e2ne a Germaniei, Europei Centrale \u015fi de Nord din N\u00fcrnberg Conferin\u0163a preo\u0163easc\u0103 anual\u0103 <\/em><em>\u0219i Adunarea Eparhial\u0103<\/em><em> prezidate de c\u0103tre \u00cenaltpreasfin\u0163itul P\u0103rinte Mitropolit Serafim. La aceste evenimente au participat preo\u021bi \u0219i credincio\u0219i din parohiile \u015fi filiile Arhiepiscopiei Ortodoxe Rom\u00e2ne a Germaniei, Austriei \u015fi Luxemburgului. <\/em><em>Invitatul din acest an al lucr\u0103rilor Conferin\u021bei \u0219i Adun\u0103rii eparhiale a fost P\u0103rintele Constantin Necula, profesor de omiletic\u0103 la Facultatea de Teologie Ortodox\u0103 din Sibiu.<\/em><\/p>\n<p><em>Vineri, 6 mai, de s\u0103rb\u0103toarea Izvorului T\u0103m\u0103duirii, credincio\u0219ii ortodoc\u0219i rom\u00e2ni din N\u00fcrnberg au participat la Sf\u00e2nta Liturghie arhiereasc\u0103 \u0219i la slujba sfin\u021birii apei, s\u0103v\u00e2r\u0219ite de c\u0103tre \u00cePS P\u0103rinte Mitropolit Serafim \u00eempreun\u0103 cu slujitorii Catedralei Mitropolitane, al\u0103turi de PC Pr. Prof. Constantin Necula, oaspete cu ocazia celei de-a 22-a \u00eent\u00e2lnirii anuale a clericilor Arhiepiscopiei Germaniei, Austriei \u0219i Luxemburgului.<\/em><!--more--><\/p>\n<p>Vineri dup\u0103-amiaz\u0103, preced\u00e2nd Conferin\u021ba preo\u021beasc\u0103, la Centrul Mitropolitan au avut loc \u0219edin\u021ba Consiliului Eparhial \u0219i a Consiliului Protoiereilor, \u00een cadrul c\u0103reia s-au dezb\u0103tut probleme de ordin pastoral \u0219i administrativ, precum \u0219i o \u00eent\u00e2lnire a \u00cePS Serafim \u0219i a p\u0103rintelui Constantin Necula cu preotesele din eparhie. Ziua festiv\u0103 a continuat cu slujba Sf\u00e2ntului Maslu, s\u0103v\u00e2r\u0219it\u0103 preo\u021bii din Arhiepiscopie, la care au participat numero\u0219i credincio\u0219i rom\u00e2ni.<\/p>\n<p>Potrivit tradi\u021biei eparhiale, \u00a0seara a fost dedicat\u0103 conferin\u021bei pentru edificarea duhovniceasc\u0103 a preo\u021bilor. Invitatul din acest an, Preacucernicul P\u0103rinte Constantin Necula, profesor de omiletic\u0103 la Facultatea de Teologie Ortodox\u0103 din Sibiu, renumit predicator \u015fi autor a numeroase c\u0103r\u0163i \u00een domeniul cateheticii, omileticii \u015fi dialogului dintre Teologie \u015fi lumea contemporan\u0103, a conferen\u021biat pe tema <em>\u201eEduca\u0163ia religioas\u0103 a preotului \u00een contextul culturii moderne\u201d<\/em>. Apreciind dragostea pe care a observat-o \u00een r\u00e2ndul clericilor la re\u00eent\u00e2lnirea la Centrul Mitropolitan, P\u0103rintele Profesor a \u00eenc\u00e2ntat audien\u021ba prin c\u0103ldura cuvintelor \u0219i prin prospe\u021bimea discursului. \u00cen timpul conferin\u021bei, precum \u0219i la vremea r\u0103spunsurilor la diferite \u00eentreb\u0103ri, P\u0103rintele Constantin a tematizat subiecte de mare actualitate, precum rela\u021bia dintre Biseric\u0103 \u0219i institu\u021biile laice, provoc\u0103rile preotului misionar \u00eentr-o lume str\u0103in\u0103 de Ortodoxie, bucuriile pastora\u021biei, provocarea unor situa\u021bii inedite \u00een slujire, pastora\u021bia \u00een r\u00e2ndul tinerilor, etc.<\/p>\n<p>S\u00e2mb\u0103t\u0103, 7 mai 2016, la Sf. Liturghie \u00een sobor au slujit \u00cenaltpreasfin\u0163itul P\u0103rinte Mitropolit Serafim \u015fi Preasfin\u0163itul P\u0103rinte Sofian Bra\u015foveanul, Episcop-vicar, \u00eenconjura\u0163i de clericii Arhiepiscopiei \u0219i de numero\u0219i credincio\u0219i din N\u00fcrnberg dar \u0219i oaspe\u021bi din Germania, Austria \u0219i Luxemburg, care s-au \u00eemp\u0103rt\u0103\u0219it cu Sfintele Taine, \u00eencep\u00e2nd prin rug\u0103ciune lucr\u0103rile Adun\u0103rii Eparhiale.<\/p>\n<p>Din Adunarea Eparhial\u0103 a Arhiepiscopiei Ortodoxe Rom\u00e2ne a Germaniei, Austriei \u015fi Luxemburgului fac parte to\u021bi clericii \u015fi c\u00e2te doi reprezentan\u021bi mireni din fiecare parohie. \u00cen calitate de pre\u0219edinte al celui mai \u00eenalt for eparhial, \u00cePS Serafim a rostit o rug\u0103ciune de mul\u021bumire, urmat\u0103 de un cuv\u00e2nt de \u00eent\u00e2mpinare \u0219i de darea de seam\u0103 a activit\u0103\u021bii eparhiale \u00een anul 2015. Cuv\u00e2ntul chiriarhului a fost urmat de cel al Preasfin\u021bitului P\u0103rinte Episcop-Vicar Sofian, care a adresat idei de ordin pastoral, liturgic \u0219i canonic.<\/p>\n<p>\u00cen timpul lucr\u0103rilor sesiunii ordinare a Adun\u0103rii Eparhiale au fost analizate apoi rapoartele de activitate ale departamentelor: liturgic, educa\u0163ie \u015fi catehez\u0103, culural, tineret, misiune \u015fi tip\u0103rituri, penitenciare; raportul financiar pe anul 2015; planul de buget pe anul 2016, precum \u0219i teme diverse legate \u00een special de implicarea c\u00e2t mai activ\u0103 a tinerilor \u00een via\u021ba eparhial\u0103 \u0219i parohial\u0103, dezvoltarea de tabere de var\u0103, etc.<\/p>\n<p>\u00cen \u00eencheiere, \u00cePS Serafim a mul\u021bumit tuturor celor prezen\u021bi pentru implicare \u00een lucr\u0103rile Adun\u0103rii eparhiale \u0219i pentru misiunea \u00een r\u00e2ndul credincio\u0219ilor rom\u00e2ni din Germania, Austria \u0219i Luxemburg. \u00cent\u00e2lnirea eparhial\u0103 anual\u0103 s-a \u00eencheiat cu agapa fr\u0103\u021beasc\u0103 organizat\u0103 \u00een s\u0103lile de la Centrul Mitropolitan.<\/p>\n<p>Ierodiacon Ioan Popoiu<\/p>\n<p>Sursa \u0219tirii \u0219i mai multe foto: <a href=\"http:\/\/www.mitropolia-ro.de\">www.mitropolia-ro.de<\/a><\/p>\n<p>&nbsp;","protected":false},"excerpt":{"rendered":"<p>Vineri \u0219i s\u00e2mb\u0103t\u0103, 6-7 mai 2016, au avut loc la Sediul Mitropoliei Ortodoxe Rom\u00e2ne a Germaniei, Europei Centrale \u015fi de Nord din N\u00fcrnberg Conferin\u0163a preo\u0163easc\u0103 anual\u0103 \u0219i Adunarea Eparhial\u0103 prezidate de c\u0103tre \u00cenaltpreasfin\u0163itul P\u0103rinte Mitropolit Serafim. La aceste evenimente au participat preo\u021bi \u0219i credincio\u0219i din parohiile \u015fi filiile Arhiepiscopiei Ortodoxe Rom\u00e2ne a Germaniei, Austriei \u015fi &#8230; <a class=\"read-more\" href=\"https:\/\/www.bambergorthodox.de\/?p=597\">Read more&#8230;<\/a><\/p>\n","protected":false},"author":1,"featured_media":0,"comment_status":"open","ping_status":"open","sticky":false,"template":"","format":"standard","meta":{"jetpack_post_was_ever_published":false,"_jetpack_newsletter_access":"","_jetpack_dont_email_post_to_subs":false,"_jetpack_newsletter_tier_id":0,"_jetpack_memberships_contains_paywalled_content":false,"_jetpack_memberships_contains_paid_content":false,"footnotes":"","jetpack_publicize_message":"","jetpack_publicize_feature_enabled":true,"jetpack_social_post_already_shared":false,"jetpack_social_options":{"image_generator_settings":{"template":"highway","default_image_id":0,"font":"","enabled":false},"version":2}},"categories":[5],"tags":[],"class_list":["post-597","post","type-post","status-publish","format-standard","hentry","category-text_menue"],"jetpack_publicize_connections":[],"jetpack_featured_media_url":"","jetpack_sharing_enabled":true,"jetpack_shortlink":"https:\/\/wp.me\/p93ZOd-9D","_links":{"self":[{"href":"https:\/\/www.bambergorthodox.de\/index.php?rest_route=\/wp\/v2\/posts\/597","targetHints":{"allow":["GET"]}}],"collection":[{"href":"https:\/\/www.bambergorthodox.de\/index.php?rest_route=\/wp\/v2\/posts"}],"about":[{"href":"https:\/\/www.bambergorthodox.de\/index.php?rest_route=\/wp\/v2\/types\/post"}],"author":[{"embeddable":true,"href":"https:\/\/www.bambergorthodox.de\/index.php?rest_route=\/wp\/v2\/users\/1"}],"replies":[{"embeddable":true,"href":"https:\/\/www.bambergorthodox.de\/index.php?rest_route=%2Fwp%2Fv2%2Fcomments&post=597"}],"version-history":[{"count":4,"href":"https:\/\/www.bambergorthodox.de\/index.php?rest_route=\/wp\/v2\/posts\/597\/revisions"}],"predecessor-version":[{"id":601,"href":"https:\/\/www.bambergorthodox.de\/index.php?rest_route=\/wp\/v2\/posts\/597\/revisions\/601"}],"wp:attachment":[{"href":"https:\/\/www.bambergorthodox.de\/index.php?rest_route=%2Fwp%2Fv2%2Fmedia&parent=597"}],"wp:term":[{"taxonomy":"category","embeddable":true,"href":"https:\/\/www.bambergorthodox.de\/index.php?rest_route=%2Fwp%2Fv2%2Fcategories&post=597"},{"taxonomy":"post_tag","embeddable":true,"href":"https:\/\/www.bambergorthodox.de\/index.php?rest_route=%2Fwp%2Fv2%2Ftags&post=597"}],"curies":[{"name":"wp","href":"https:\/\/api.w.org\/{rel}","templated":true}]}}