{"id":5533,"date":"2023-07-17T21:53:28","date_gmt":"2023-07-17T19:53:28","guid":{"rendered":"https:\/\/www.bambergorthodox.de\/?p=5533"},"modified":"2023-07-17T22:03:40","modified_gmt":"2023-07-17T20:03:40","slug":"scoala-parohiala-proiectul-despre-romania","status":"publish","type":"post","link":"https:\/\/www.bambergorthodox.de\/?p=5533","title":{"rendered":"\u0218coala Parohial\u0103 | Am \u00eenceput proiectul &#8222;Despre Rom\u00e2nia&#8221;"},"content":{"rendered":"Dragii no\u0219tri,<\/p>\n<p><a  href=\"https:\/\/www.bambergorthodox.de\/wp-content\/uploads\/2023\/07\/1-IMG_20230716_143555-1-scaled.jpg\" data-rel=\"lightbox-gallery-1\" data-rl_title=\"\" data-rl_caption=\"\" title=\"\"><img loading=\"lazy\" decoding=\"async\" class=\"size-medium wp-image-5541 alignleft\" src=\"https:\/\/www.bambergorthodox.de\/wp-content\/uploads\/2023\/07\/1-IMG_20230716_143555-1-scaled-300x225.jpg\" alt=\"Scoala Parohiala - Mape Despre Romania\" width=\"300\" height=\"225\" srcset=\"https:\/\/www.bambergorthodox.de\/wp-content\/uploads\/2023\/07\/1-IMG_20230716_143555-1-scaled-300x225.jpg 300w, https:\/\/www.bambergorthodox.de\/wp-content\/uploads\/2023\/07\/1-IMG_20230716_143555-1-scaled-1024x769.jpg 1024w, https:\/\/www.bambergorthodox.de\/wp-content\/uploads\/2023\/07\/1-IMG_20230716_143555-1-768x577.jpg 768w, https:\/\/www.bambergorthodox.de\/wp-content\/uploads\/2023\/07\/1-IMG_20230716_143555-1-1536x1153.jpg 1536w, https:\/\/www.bambergorthodox.de\/wp-content\/uploads\/2023\/07\/1-IMG_20230716_143555-1-2048x1538.jpg 2048w\" sizes=\"auto, (max-width: 300px) 100vw, 300px\" \/><\/a> Duminica trecut\u0103, \u00een cadrul \u0218colii Parohiale, am petrecut c\u00e2teva ore \u00eempreun\u0103 cu copila\u0219ii mai mari &#8211; am inceput proiectul &#8216;Depre Rom\u00e2nia&#8217;.<\/p>\n<p>Dup\u0103 un mic jocule\u021b, \u00een care ne-am cunoscut mai bine unii cu al\u021bii, Ancu\u021ba ne-a \u00eembog\u0103\u021bit cuno\u0219tin\u021bele despre Geografia Rom\u00e2niei.<\/p>\n<p>\u00cen cadrul lec\u021biei &#8216;Istoria Rom\u00e2niei&#8217;, am marcat \u00eempreun\u0103 pe axa timpului (trasat\u0103 \u00eentr-o map\u0103 de lucru) momete importante pentru \u021bara noastr\u0103. Am observat cum s-a modificat aspectul h\u0103r\u021bii Rom\u00e2niei \u00een urma Micii \u0219i Marii Uniri. Ne-am \u00eentors cu to\u021bii \u00een timp pentru a \u00een\u021belege cum au tr\u0103it dacii \u0219i romanii. Am povestit copila\u0219ilor legenda lupului dacic.<\/p>\n<p><!--more--><br \/>\nRelat\u00e2nd pe scurt despre Epocile istorice, am f\u0103cut un mic popas in Evul Mediu. Le-am men\u021bionat celor mici c\u00e2\u021biva domnitori, d\u00e2ndu-le mai multe detalii frumoase despre via\u021ba Sf\u00e2ntului \u0218tefan cel Mare.<\/p>\n<p>La sf\u00e2r\u0219it, copiii au jucat \u00eempreun\u0103 jocuri de societate, pentru a se cunoa\u0219te mai bine.<\/p>\n<p>\u00cen data de 16 Septembrie, pentru a marca \u00eenceputul anului \u0219colar, vom organiza \u00eenc\u0103 o \u00eent\u00e2lnire \u00een care vom detalia un moment important din Istoria Rom\u00e2niei.<\/p>\n<p>Pe 15 octombrie, de s\u0103rb\u0103toarea Hramului Bisericii noastre, vom povesti despre Sf\u00e2nta Cuvioas\u0103 Parascheva \u0219i vom continua lec\u021bia de Geografia Rom\u00e2niei.<\/p>\n<p>V\u0103 dorim o s\u0103pt\u0103m\u00e2n\u0103 binecuv\u00e2ntat\u0103!<\/p>\n<div class=\"rl-gallery-container rl-loading\" id=\"rl-gallery-container-1\" data-gallery_id=\"5536\"> <div class=\"rl-gallery rl-basicgrid-gallery \" id=\"rl-gallery-1\" data-gallery_no=\"1\"> <div class=\"rl-gallery-item\"><a href=\"https:\/\/www.bambergorthodox.de\/wp-content\/uploads\/2023\/07\/1-IMG_20230716_143555-1-scaled.jpg\" title=\"\" data-rl_title=\"\" class=\"rl-gallery-link\" data-rl_caption=\"\" data-rel=\"lightbox-gallery-bGlnaHRib3gtZ2FsbGVyeS0x\" data-rl_title=\"\" data-rl_caption=\"\"><img loading=\"lazy\" decoding=\"async\" src=\"https:\/\/www.bambergorthodox.de\/wp-content\/uploads\/2023\/07\/1-IMG_20230716_143555-1-scaled-300x225.jpg\" width=\"300\" height=\"225\" alt=\"Scoala Parohiala - Mape Despre Romania\" \/><\/a><\/div><div class=\"rl-gallery-item\"><a href=\"https:\/\/www.bambergorthodox.de\/wp-content\/uploads\/2023\/07\/IMG_20230716_142106-scaled.jpg\" title=\"\" data-rl_title=\"\" class=\"rl-gallery-link\" data-rl_caption=\"\" data-rel=\"lightbox-gallery-bGlnaHRib3gtZ2FsbGVyeS0x\" data-rl_title=\"\" data-rl_caption=\"\"><img loading=\"lazy\" decoding=\"async\" src=\"https:\/\/www.bambergorthodox.de\/wp-content\/uploads\/2023\/07\/IMG_20230716_142106-scaled-225x300.jpg\" width=\"225\" height=\"300\" alt=\"\" \/><\/a><\/div><div class=\"rl-gallery-item\"><a href=\"https:\/\/www.bambergorthodox.de\/wp-content\/uploads\/2023\/07\/IMG_20230716_142054-scaled.jpg\" title=\"\" data-rl_title=\"\" class=\"rl-gallery-link\" data-rl_caption=\"\" data-rel=\"lightbox-gallery-bGlnaHRib3gtZ2FsbGVyeS0x\" data-rl_title=\"\" data-rl_caption=\"\"><img loading=\"lazy\" decoding=\"async\" src=\"https:\/\/www.bambergorthodox.de\/wp-content\/uploads\/2023\/07\/IMG_20230716_142054-scaled-225x300.jpg\" width=\"225\" height=\"300\" alt=\"\" \/><\/a><\/div><div class=\"rl-gallery-item\"><a href=\"https:\/\/www.bambergorthodox.de\/wp-content\/uploads\/2023\/07\/IMG_20230716_142139-scaled.jpg\" title=\"\" data-rl_title=\"\" class=\"rl-gallery-link\" data-rl_caption=\"\" data-rel=\"lightbox-gallery-bGlnaHRib3gtZ2FsbGVyeS0x\" data-rl_title=\"\" data-rl_caption=\"\"><img loading=\"lazy\" decoding=\"async\" src=\"https:\/\/www.bambergorthodox.de\/wp-content\/uploads\/2023\/07\/IMG_20230716_142139-scaled-225x300.jpg\" width=\"225\" height=\"300\" alt=\"\" \/><\/a><\/div><div class=\"rl-gallery-item\"><a href=\"https:\/\/www.bambergorthodox.de\/wp-content\/uploads\/2023\/07\/IMG_20230716_142232-scaled.jpg\" title=\"\" data-rl_title=\"\" class=\"rl-gallery-link\" data-rl_caption=\"\" data-rel=\"lightbox-gallery-bGlnaHRib3gtZ2FsbGVyeS0x\" data-rl_title=\"\" data-rl_caption=\"\"><img loading=\"lazy\" decoding=\"async\" src=\"https:\/\/www.bambergorthodox.de\/wp-content\/uploads\/2023\/07\/IMG_20230716_142232-scaled-225x300.jpg\" width=\"225\" height=\"300\" alt=\"\" \/><\/a><\/div><div class=\"rl-gallery-item\"><a href=\"https:\/\/www.bambergorthodox.de\/wp-content\/uploads\/2023\/07\/IMG_20230716_142302-scaled.jpg\" title=\"\" data-rl_title=\"\" class=\"rl-gallery-link\" data-rl_caption=\"\" data-rel=\"lightbox-gallery-bGlnaHRib3gtZ2FsbGVyeS0x\" data-rl_title=\"\" data-rl_caption=\"\"><img loading=\"lazy\" decoding=\"async\" src=\"https:\/\/www.bambergorthodox.de\/wp-content\/uploads\/2023\/07\/IMG_20230716_142302-scaled-225x300.jpg\" width=\"225\" height=\"300\" alt=\"\" \/><\/a><\/div><div class=\"rl-gallery-item\"><a href=\"https:\/\/www.bambergorthodox.de\/wp-content\/uploads\/2023\/07\/IMG_20230716_142213-scaled.jpg\" title=\"\" data-rl_title=\"\" class=\"rl-gallery-link\" data-rl_caption=\"\" data-rel=\"lightbox-gallery-bGlnaHRib3gtZ2FsbGVyeS0x\" data-rl_title=\"\" data-rl_caption=\"\"><img loading=\"lazy\" decoding=\"async\" src=\"https:\/\/www.bambergorthodox.de\/wp-content\/uploads\/2023\/07\/IMG_20230716_142213-scaled-300x225.jpg\" width=\"300\" height=\"225\" alt=\"\" \/><\/a><\/div><div class=\"rl-gallery-item\"><a href=\"https:\/\/www.bambergorthodox.de\/wp-content\/uploads\/2023\/07\/IMG_20230716_142016-scaled.jpg\" title=\"\" data-rl_title=\"\" class=\"rl-gallery-link\" data-rl_caption=\"\" data-rel=\"lightbox-gallery-bGlnaHRib3gtZ2FsbGVyeS0x\" data-rl_title=\"\" data-rl_caption=\"\"><img loading=\"lazy\" decoding=\"async\" src=\"https:\/\/www.bambergorthodox.de\/wp-content\/uploads\/2023\/07\/IMG_20230716_142016-scaled-300x225.jpg\" width=\"300\" height=\"225\" alt=\"\" \/><\/a><\/div><div class=\"rl-gallery-item\"><a href=\"https:\/\/www.bambergorthodox.de\/wp-content\/uploads\/2023\/07\/IMG_20230716_142322-scaled.jpg\" title=\"\" data-rl_title=\"\" class=\"rl-gallery-link\" data-rl_caption=\"\" data-rel=\"lightbox-gallery-bGlnaHRib3gtZ2FsbGVyeS0x\" data-rl_title=\"\" data-rl_caption=\"\"><img loading=\"lazy\" decoding=\"async\" src=\"https:\/\/www.bambergorthodox.de\/wp-content\/uploads\/2023\/07\/IMG_20230716_142322-scaled-225x300.jpg\" width=\"225\" height=\"300\" alt=\"\" \/><\/a><\/div><div class=\"rl-gallery-item\"><a href=\"https:\/\/www.bambergorthodox.de\/wp-content\/uploads\/2023\/07\/IMG_20230716_142117-scaled.jpg\" title=\"\" data-rl_title=\"\" class=\"rl-gallery-link\" data-rl_caption=\"\" data-rel=\"lightbox-gallery-bGlnaHRib3gtZ2FsbGVyeS0x\" data-rl_title=\"\" data-rl_caption=\"\"><img loading=\"lazy\" decoding=\"async\" src=\"https:\/\/www.bambergorthodox.de\/wp-content\/uploads\/2023\/07\/IMG_20230716_142117-scaled-225x300.jpg\" width=\"225\" height=\"300\" alt=\"\" \/><\/a><\/div><div class=\"rl-gallery-item\"><a href=\"https:\/\/www.bambergorthodox.de\/wp-content\/uploads\/2023\/07\/IMG_20230716_142411-scaled.jpg\" title=\"\" data-rl_title=\"\" class=\"rl-gallery-link\" data-rl_caption=\"\" data-rel=\"lightbox-gallery-bGlnaHRib3gtZ2FsbGVyeS0x\" data-rl_title=\"\" data-rl_caption=\"\"><img loading=\"lazy\" decoding=\"async\" src=\"https:\/\/www.bambergorthodox.de\/wp-content\/uploads\/2023\/07\/IMG_20230716_142411-scaled-225x300.jpg\" width=\"225\" height=\"300\" alt=\"\" \/><\/a><\/div><div class=\"rl-gallery-item\"><a href=\"https:\/\/www.bambergorthodox.de\/wp-content\/uploads\/2023\/07\/IMG_20230716_142635-scaled.jpg\" title=\"\" data-rl_title=\"\" class=\"rl-gallery-link\" data-rl_caption=\"\" data-rel=\"lightbox-gallery-bGlnaHRib3gtZ2FsbGVyeS0x\" data-rl_title=\"\" data-rl_caption=\"\"><img loading=\"lazy\" decoding=\"async\" src=\"https:\/\/www.bambergorthodox.de\/wp-content\/uploads\/2023\/07\/IMG_20230716_142635-scaled-225x300.jpg\" width=\"225\" height=\"300\" alt=\"\" \/><\/a><\/div><div class=\"rl-gallery-item\"><a href=\"https:\/\/www.bambergorthodox.de\/wp-content\/uploads\/2023\/07\/IMG_20230716_142510-scaled.jpg\" title=\"\" data-rl_title=\"\" class=\"rl-gallery-link\" data-rl_caption=\"\" data-rel=\"lightbox-gallery-bGlnaHRib3gtZ2FsbGVyeS0x\" data-rl_title=\"\" data-rl_caption=\"\"><img loading=\"lazy\" decoding=\"async\" src=\"https:\/\/www.bambergorthodox.de\/wp-content\/uploads\/2023\/07\/IMG_20230716_142510-scaled-300x225.jpg\" width=\"300\" height=\"225\" alt=\"\" \/><\/a><\/div><div class=\"rl-gallery-item\"><a href=\"https:\/\/www.bambergorthodox.de\/wp-content\/uploads\/2023\/07\/IMG-20230716-WA0009.jpg\" title=\"\" data-rl_title=\"\" class=\"rl-gallery-link\" data-rl_caption=\"\" data-rel=\"lightbox-gallery-bGlnaHRib3gtZ2FsbGVyeS0x\" data-rl_title=\"\" data-rl_caption=\"\"><img loading=\"lazy\" decoding=\"async\" src=\"https:\/\/www.bambergorthodox.de\/wp-content\/uploads\/2023\/07\/IMG-20230716-WA0009-225x300.jpg\" width=\"225\" height=\"300\" alt=\"\" \/><\/a><\/div><div class=\"rl-gallery-item\"><a href=\"https:\/\/www.bambergorthodox.de\/wp-content\/uploads\/2023\/07\/IMG-20230716-WA0011.jpg\" title=\"\" data-rl_title=\"\" class=\"rl-gallery-link\" data-rl_caption=\"\" data-rel=\"lightbox-gallery-bGlnaHRib3gtZ2FsbGVyeS0x\" data-rl_title=\"\" data-rl_caption=\"\"><img loading=\"lazy\" decoding=\"async\" src=\"https:\/\/www.bambergorthodox.de\/wp-content\/uploads\/2023\/07\/IMG-20230716-WA0011-225x300.jpg\" width=\"225\" height=\"300\" alt=\"\" \/><\/a><\/div><div class=\"rl-gallery-item\"><a href=\"https:\/\/www.bambergorthodox.de\/wp-content\/uploads\/2023\/07\/IMG_20230716_143554-scaled.jpg\" title=\"\" data-rl_title=\"\" class=\"rl-gallery-link\" data-rl_caption=\"\" data-rel=\"lightbox-gallery-bGlnaHRib3gtZ2FsbGVyeS0x\" data-rl_title=\"\" data-rl_caption=\"\"><img loading=\"lazy\" decoding=\"async\" src=\"https:\/\/www.bambergorthodox.de\/wp-content\/uploads\/2023\/07\/IMG_20230716_143554-scaled-300x225.jpg\" width=\"300\" height=\"225\" alt=\"\" \/><\/a><\/div><div class=\"rl-gallery-item\"><a href=\"https:\/\/www.bambergorthodox.de\/wp-content\/uploads\/2023\/07\/IMG-20230716-WA0014.jpg\" title=\"\" data-rl_title=\"\" class=\"rl-gallery-link\" data-rl_caption=\"\" data-rel=\"lightbox-gallery-bGlnaHRib3gtZ2FsbGVyeS0x\" data-rl_title=\"\" data-rl_caption=\"\"><img loading=\"lazy\" decoding=\"async\" src=\"https:\/\/www.bambergorthodox.de\/wp-content\/uploads\/2023\/07\/IMG-20230716-WA0014-225x300.jpg\" width=\"225\" height=\"300\" alt=\"\" \/><\/a><\/div><div class=\"rl-gallery-item\"><a href=\"https:\/\/www.bambergorthodox.de\/wp-content\/uploads\/2023\/07\/1-IMG_20230716_143555-scaled.jpg\" title=\"\" data-rl_title=\"\" class=\"rl-gallery-link\" data-rl_caption=\"\" data-rel=\"lightbox-gallery-bGlnaHRib3gtZ2FsbGVyeS0x\" data-rl_title=\"\" data-rl_caption=\"\"><img loading=\"lazy\" decoding=\"async\" src=\"https:\/\/www.bambergorthodox.de\/wp-content\/uploads\/2023\/07\/1-IMG_20230716_143555-scaled-300x225.jpg\" width=\"300\" height=\"225\" alt=\"Scoala Parohiala Bamberg - Activitate Despre Romania\" \/><\/a><\/div> <\/div> <\/div>","protected":false},"excerpt":{"rendered":"<p>Dragii no\u0219tri, Duminica trecut\u0103, \u00een cadrul \u0218colii Parohiale, am petrecut c\u00e2teva ore \u00eempreun\u0103 cu copila\u0219ii mai mari &#8211; am inceput proiectul &#8216;Depre Rom\u00e2nia&#8217;. Dup\u0103 un mic jocule\u021b, \u00een care ne-am cunoscut mai bine unii cu al\u021bii, Ancu\u021ba ne-a \u00eembog\u0103\u021bit cuno\u0219tin\u021bele despre Geografia Rom\u00e2niei. \u00cen cadrul lec\u021biei &#8216;Istoria Rom\u00e2niei&#8217;, am marcat \u00eempreun\u0103 pe axa timpului (trasat\u0103 &#8230; <a class=\"read-more\" href=\"https:\/\/www.bambergorthodox.de\/?p=5533\">Read more&#8230;<\/a><\/p>\n","protected":false},"author":4,"featured_media":0,"comment_status":"closed","ping_status":"open","sticky":false,"template":"","format":"standard","meta":{"jetpack_post_was_ever_published":false,"_jetpack_newsletter_access":"","_jetpack_dont_email_post_to_subs":false,"_jetpack_newsletter_tier_id":0,"_jetpack_memberships_contains_paywalled_content":false,"_jetpack_memberships_contains_paid_content":false,"footnotes":"","jetpack_publicize_message":"","jetpack_publicize_feature_enabled":true,"jetpack_social_post_already_shared":true,"jetpack_social_options":{"image_generator_settings":{"template":"highway","default_image_id":0,"font":"","enabled":false},"version":2}},"categories":[5],"tags":[],"class_list":["post-5533","post","type-post","status-publish","format-standard","hentry","category-text_menue"],"jetpack_publicize_connections":[],"jetpack_featured_media_url":"","jetpack_sharing_enabled":true,"jetpack_shortlink":"https:\/\/wp.me\/p93ZOd-1rf","_links":{"self":[{"href":"https:\/\/www.bambergorthodox.de\/index.php?rest_route=\/wp\/v2\/posts\/5533","targetHints":{"allow":["GET"]}}],"collection":[{"href":"https:\/\/www.bambergorthodox.de\/index.php?rest_route=\/wp\/v2\/posts"}],"about":[{"href":"https:\/\/www.bambergorthodox.de\/index.php?rest_route=\/wp\/v2\/types\/post"}],"author":[{"embeddable":true,"href":"https:\/\/www.bambergorthodox.de\/index.php?rest_route=\/wp\/v2\/users\/4"}],"replies":[{"embeddable":true,"href":"https:\/\/www.bambergorthodox.de\/index.php?rest_route=%2Fwp%2Fv2%2Fcomments&post=5533"}],"version-history":[{"count":6,"href":"https:\/\/www.bambergorthodox.de\/index.php?rest_route=\/wp\/v2\/posts\/5533\/revisions"}],"predecessor-version":[{"id":5558,"href":"https:\/\/www.bambergorthodox.de\/index.php?rest_route=\/wp\/v2\/posts\/5533\/revisions\/5558"}],"wp:attachment":[{"href":"https:\/\/www.bambergorthodox.de\/index.php?rest_route=%2Fwp%2Fv2%2Fmedia&parent=5533"}],"wp:term":[{"taxonomy":"category","embeddable":true,"href":"https:\/\/www.bambergorthodox.de\/index.php?rest_route=%2Fwp%2Fv2%2Fcategories&post=5533"},{"taxonomy":"post_tag","embeddable":true,"href":"https:\/\/www.bambergorthodox.de\/index.php?rest_route=%2Fwp%2Fv2%2Ftags&post=5533"}],"curies":[{"name":"wp","href":"https:\/\/api.w.org\/{rel}","templated":true}]}}