{"id":5398,"date":"2023-05-29T08:45:33","date_gmt":"2023-05-29T06:45:33","guid":{"rendered":"https:\/\/www.bambergorthodox.de\/?p=5398"},"modified":"2023-05-30T07:42:47","modified_gmt":"2023-05-30T05:42:47","slug":"vizita-arhiereasca-si-hirotonie-de-diacon","status":"publish","type":"post","link":"https:\/\/www.bambergorthodox.de\/?p=5398","title":{"rendered":"Vizit\u0103 Arhiereasc\u0103 \u0219i hirotonie de diacon"},"content":{"rendered":"<p style=\"font-weight: 400;\"><a  href=\"https:\/\/www.bambergorthodox.de\/wp-content\/uploads\/2023\/05\/d2e8a89a-e995-4d97-a1aa-d3d9a61ca1bc-1.jpg\" data-rel=\"lightbox-gallery-1\" data-rl_title=\"\" data-rl_caption=\"\" title=\"\"><img loading=\"lazy\" decoding=\"async\" class=\"size-medium wp-image-5454 alignleft\" src=\"https:\/\/www.bambergorthodox.de\/wp-content\/uploads\/2023\/05\/d2e8a89a-e995-4d97-a1aa-d3d9a61ca1bc-1-300x184.jpg\" alt=\"\" width=\"300\" height=\"184\" srcset=\"https:\/\/www.bambergorthodox.de\/wp-content\/uploads\/2023\/05\/d2e8a89a-e995-4d97-a1aa-d3d9a61ca1bc-1-300x184.jpg 300w, https:\/\/www.bambergorthodox.de\/wp-content\/uploads\/2023\/05\/d2e8a89a-e995-4d97-a1aa-d3d9a61ca1bc-1-1024x628.jpg 1024w, https:\/\/www.bambergorthodox.de\/wp-content\/uploads\/2023\/05\/d2e8a89a-e995-4d97-a1aa-d3d9a61ca1bc-1-768x471.jpg 768w, https:\/\/www.bambergorthodox.de\/wp-content\/uploads\/2023\/05\/d2e8a89a-e995-4d97-a1aa-d3d9a61ca1bc-1-1536x943.jpg 1536w, https:\/\/www.bambergorthodox.de\/wp-content\/uploads\/2023\/05\/d2e8a89a-e995-4d97-a1aa-d3d9a61ca1bc-1.jpg 2009w\" sizes=\"auto, (max-width: 300px) 100vw, 300px\" \/><\/a>Sf\u00e2r\u0219itul lunii mai a reprezentat pentru credincio\u0219ii parohiei noastre o mare bucurie duhovniceasc\u0103, prin participarea \u00een Duminica a 7-a dup\u0103 Pa\u0219ti (a Sfin\u021bilor P\u0103rin\u021bi de la Primul Sinod Ecumenic), la Sf\u00e2nta Liturghie Arhiereasc\u0103 s\u0103v\u00e2r\u0219it\u0103 de \u00cenaltpreasfin\u021bitul P\u0103rinte Dr. Serafim, Mitropolitul Germaniei, Europei Centrale \u0219i de Nord. Soborul slujitorilor a fost alc\u0103tuit din: preot Mihai Popia &#8211; paroh al parohiei Coburg, preot Ionu\u021b P\u0103un \u2013 paroh al parohiei noastre din Bamberg, diacon Dumitru Dura \u2013 secretar al Mitropoliei.<!--more--><\/p>\n<p style=\"font-weight: 400;\">Ierarhul a fost \u00eent\u00e2mpinat \u00een mod tradi\u021bional, cu p\u00e2ine \u0219i sare, de c\u0103tre credincio\u0219i \u00eembr\u0103ca\u021bi \u00een costume na\u021bionale. \u00cenaltpreasfin\u021bitul Serafim a \u021binut un cuv\u00e2nt de \u00eenv\u0103\u021b\u0103tur\u0103 foarte profund, f\u0103c\u00e2nd o exegez\u0103 la textul din Ioan 21, 17: \u201eCa to\u0163i s\u0103 fie una, dup\u0103 cum Tu, P\u0103rinte, \u00eentru Mine \u015fi Eu \u00eentru Tine, a\u015fa \u015fi ace\u015ftia \u00een Noi s\u0103 fie una, ca lumea s\u0103 cread\u0103 c\u0103 Tu M-ai trimis\u201c.<\/p>\n<p style=\"font-weight: 400;\">\u00cen cadrul Sfintei Liturghii, la momentul potrivit de dup\u0103 Axion, teologul Florin Ariton Tarnu a fost hirotonit \u00eentru diacon, primind \u00eenainte hirotesia \u00eentru cite\u021b \u0219i ipodiacon. Acesta este absolvent al Facult\u0103\u021bii de Teologie din Sibiu \u0219i a primit ascultarea de a \u00eenfiin\u021ba o nou\u0103 parohie rom\u00e2neasc\u0103 \u00een Schweinfurt. \u00cen perioada urm\u0103toare, p\u00e2n\u0103 la hirotonia lui \u00eentru preot \u0219i p\u00e2n\u0103 la g\u0103sirea unui loc de slujire \u00een Schweinfurt, p\u0103rintele diacon Florin va face practica liturgic\u0103 \u00een cadrul slujbelor noastre din Bamberg.<\/p>\n<div class=\"rl-gallery-container rl-loading\" id=\"rl-gallery-container-1\" data-gallery_id=\"5400\"> <div class=\"rl-gallery rl-basicgrid-gallery \" id=\"rl-gallery-1\" data-gallery_no=\"1\"> <div class=\"rl-gallery-item\"><a href=\"https:\/\/www.bambergorthodox.de\/wp-content\/uploads\/2023\/05\/967d9cb7-7ab8-4b02-9d98-66ef0bc2ec20-1.jpg\" title=\"\" data-rl_title=\"\" class=\"rl-gallery-link\" data-rl_caption=\"\" data-rel=\"lightbox-gallery-bGlnaHRib3gtZ2FsbGVyeS0x\" data-rl_title=\"\" data-rl_caption=\"\"><img loading=\"lazy\" decoding=\"async\" src=\"https:\/\/www.bambergorthodox.de\/wp-content\/uploads\/2023\/05\/967d9cb7-7ab8-4b02-9d98-66ef0bc2ec20-1-300x225.jpg\" width=\"300\" height=\"225\" alt=\"\" \/><\/a><\/div><div class=\"rl-gallery-item\"><a href=\"https:\/\/www.bambergorthodox.de\/wp-content\/uploads\/2023\/05\/f9b0c731-b19b-480a-b742-0cbe697276cb-1.jpg\" title=\"\" data-rl_title=\"\" class=\"rl-gallery-link\" data-rl_caption=\"\" data-rel=\"lightbox-gallery-bGlnaHRib3gtZ2FsbGVyeS0x\" data-rl_title=\"\" data-rl_caption=\"\"><img loading=\"lazy\" decoding=\"async\" src=\"https:\/\/www.bambergorthodox.de\/wp-content\/uploads\/2023\/05\/f9b0c731-b19b-480a-b742-0cbe697276cb-1-300x135.jpg\" width=\"300\" height=\"135\" alt=\"\" \/><\/a><\/div><div class=\"rl-gallery-item\"><a href=\"https:\/\/www.bambergorthodox.de\/wp-content\/uploads\/2023\/05\/03b8515e-5f0d-4096-9d09-27fb592511ff-1.jpg\" title=\"\" data-rl_title=\"\" class=\"rl-gallery-link\" data-rl_caption=\"\" data-rel=\"lightbox-gallery-bGlnaHRib3gtZ2FsbGVyeS0x\" data-rl_title=\"\" data-rl_caption=\"\"><img loading=\"lazy\" decoding=\"async\" src=\"https:\/\/www.bambergorthodox.de\/wp-content\/uploads\/2023\/05\/03b8515e-5f0d-4096-9d09-27fb592511ff-1-225x300.jpg\" width=\"225\" height=\"300\" alt=\"\" \/><\/a><\/div><div class=\"rl-gallery-item\"><a href=\"https:\/\/www.bambergorthodox.de\/wp-content\/uploads\/2023\/05\/2c40f5f4-1275-4556-a804-4a7048649803-1.jpg\" title=\"\" data-rl_title=\"\" class=\"rl-gallery-link\" data-rl_caption=\"\" data-rel=\"lightbox-gallery-bGlnaHRib3gtZ2FsbGVyeS0x\" data-rl_title=\"\" data-rl_caption=\"\"><img loading=\"lazy\" decoding=\"async\" src=\"https:\/\/www.bambergorthodox.de\/wp-content\/uploads\/2023\/05\/2c40f5f4-1275-4556-a804-4a7048649803-1-300x135.jpg\" width=\"300\" height=\"135\" alt=\"\" \/><\/a><\/div><div class=\"rl-gallery-item\"><a href=\"https:\/\/www.bambergorthodox.de\/wp-content\/uploads\/2023\/05\/73fc0ec4-3492-409f-9d77-89136f69ab33-1.jpg\" title=\"\" data-rl_title=\"\" class=\"rl-gallery-link\" data-rl_caption=\"\" data-rel=\"lightbox-gallery-bGlnaHRib3gtZ2FsbGVyeS0x\" data-rl_title=\"\" data-rl_caption=\"\"><img loading=\"lazy\" decoding=\"async\" src=\"https:\/\/www.bambergorthodox.de\/wp-content\/uploads\/2023\/05\/73fc0ec4-3492-409f-9d77-89136f69ab33-1-300x135.jpg\" width=\"300\" height=\"135\" alt=\"\" \/><\/a><\/div><div class=\"rl-gallery-item\"><a href=\"https:\/\/www.bambergorthodox.de\/wp-content\/uploads\/2023\/05\/aba99d4e-3dfa-4f08-8324-2a2a874bc38e-1.jpg\" title=\"\" data-rl_title=\"\" class=\"rl-gallery-link\" data-rl_caption=\"\" data-rel=\"lightbox-gallery-bGlnaHRib3gtZ2FsbGVyeS0x\" data-rl_title=\"\" data-rl_caption=\"\"><img loading=\"lazy\" decoding=\"async\" src=\"https:\/\/www.bambergorthodox.de\/wp-content\/uploads\/2023\/05\/aba99d4e-3dfa-4f08-8324-2a2a874bc38e-1-300x225.jpg\" width=\"300\" height=\"225\" alt=\"\" \/><\/a><\/div><div class=\"rl-gallery-item\"><a href=\"https:\/\/www.bambergorthodox.de\/wp-content\/uploads\/2023\/05\/d4c072a6-8a03-4f93-be46-7cd435616dc4-1.jpg\" title=\"\" data-rl_title=\"\" class=\"rl-gallery-link\" data-rl_caption=\"\" data-rel=\"lightbox-gallery-bGlnaHRib3gtZ2FsbGVyeS0x\" data-rl_title=\"\" data-rl_caption=\"\"><img loading=\"lazy\" decoding=\"async\" src=\"https:\/\/www.bambergorthodox.de\/wp-content\/uploads\/2023\/05\/d4c072a6-8a03-4f93-be46-7cd435616dc4-1-300x225.jpg\" width=\"300\" height=\"225\" alt=\"\" \/><\/a><\/div><div class=\"rl-gallery-item\"><a href=\"https:\/\/www.bambergorthodox.de\/wp-content\/uploads\/2023\/05\/d2e8a89a-e995-4d97-a1aa-d3d9a61ca1bc-1.jpg\" title=\"\" data-rl_title=\"\" class=\"rl-gallery-link\" data-rl_caption=\"\" data-rel=\"lightbox-gallery-bGlnaHRib3gtZ2FsbGVyeS0x\" data-rl_title=\"\" data-rl_caption=\"\"><img loading=\"lazy\" decoding=\"async\" src=\"https:\/\/www.bambergorthodox.de\/wp-content\/uploads\/2023\/05\/d2e8a89a-e995-4d97-a1aa-d3d9a61ca1bc-1-300x184.jpg\" width=\"300\" height=\"184\" alt=\"\" \/><\/a><\/div><div class=\"rl-gallery-item\"><a href=\"https:\/\/www.bambergorthodox.de\/wp-content\/uploads\/2023\/05\/2d2237ab-cada-4d32-9354-50cb67ab0ca1-1.jpg\" title=\"\" data-rl_title=\"\" class=\"rl-gallery-link\" data-rl_caption=\"\" data-rel=\"lightbox-gallery-bGlnaHRib3gtZ2FsbGVyeS0x\" data-rl_title=\"\" data-rl_caption=\"\"><img loading=\"lazy\" decoding=\"async\" src=\"https:\/\/www.bambergorthodox.de\/wp-content\/uploads\/2023\/05\/2d2237ab-cada-4d32-9354-50cb67ab0ca1-1-225x300.jpg\" width=\"225\" height=\"300\" alt=\"\" \/><\/a><\/div><div class=\"rl-gallery-item\"><a href=\"https:\/\/www.bambergorthodox.de\/wp-content\/uploads\/2023\/05\/2481d10e-b222-4cee-978e-54e40fb61f2e-1.jpg\" title=\"\" data-rl_title=\"\" class=\"rl-gallery-link\" data-rl_caption=\"\" data-rel=\"lightbox-gallery-bGlnaHRib3gtZ2FsbGVyeS0x\" data-rl_title=\"\" data-rl_caption=\"\"><img loading=\"lazy\" decoding=\"async\" src=\"https:\/\/www.bambergorthodox.de\/wp-content\/uploads\/2023\/05\/2481d10e-b222-4cee-978e-54e40fb61f2e-1-300x225.jpg\" width=\"300\" height=\"225\" alt=\"\" \/><\/a><\/div><div class=\"rl-gallery-item\"><a href=\"https:\/\/www.bambergorthodox.de\/wp-content\/uploads\/2023\/05\/fd7af8bb-c067-4c2b-87d6-2df1fe986f7b-1.jpg\" title=\"\" data-rl_title=\"\" class=\"rl-gallery-link\" data-rl_caption=\"\" data-rel=\"lightbox-gallery-bGlnaHRib3gtZ2FsbGVyeS0x\" data-rl_title=\"\" data-rl_caption=\"\"><img loading=\"lazy\" decoding=\"async\" src=\"https:\/\/www.bambergorthodox.de\/wp-content\/uploads\/2023\/05\/fd7af8bb-c067-4c2b-87d6-2df1fe986f7b-1-300x225.jpg\" width=\"300\" height=\"225\" alt=\"\" \/><\/a><\/div><div class=\"rl-gallery-item\"><a href=\"https:\/\/www.bambergorthodox.de\/wp-content\/uploads\/2023\/05\/5d66bfa2-6344-44fb-9bc4-4c89168227d0-1.jpg\" title=\"\" data-rl_title=\"\" class=\"rl-gallery-link\" data-rl_caption=\"\" data-rel=\"lightbox-gallery-bGlnaHRib3gtZ2FsbGVyeS0x\" data-rl_title=\"\" data-rl_caption=\"\"><img loading=\"lazy\" decoding=\"async\" src=\"https:\/\/www.bambergorthodox.de\/wp-content\/uploads\/2023\/05\/5d66bfa2-6344-44fb-9bc4-4c89168227d0-1-225x300.jpg\" width=\"225\" height=\"300\" alt=\"\" \/><\/a><\/div><div class=\"rl-gallery-item\"><a href=\"https:\/\/www.bambergorthodox.de\/wp-content\/uploads\/2023\/05\/88a91716-ef3c-44ae-b671-9178060474f2-1.jpg\" title=\"\" data-rl_title=\"\" class=\"rl-gallery-link\" data-rl_caption=\"\" data-rel=\"lightbox-gallery-bGlnaHRib3gtZ2FsbGVyeS0x\" data-rl_title=\"\" data-rl_caption=\"\"><img loading=\"lazy\" decoding=\"async\" src=\"https:\/\/www.bambergorthodox.de\/wp-content\/uploads\/2023\/05\/88a91716-ef3c-44ae-b671-9178060474f2-1-225x300.jpg\" width=\"225\" height=\"300\" alt=\"\" \/><\/a><\/div><div class=\"rl-gallery-item\"><a href=\"https:\/\/www.bambergorthodox.de\/wp-content\/uploads\/2023\/05\/c4be1c69-a0bf-4e6a-b5d0-0f918b7c7f4c-1.jpg\" title=\"\" data-rl_title=\"\" class=\"rl-gallery-link\" data-rl_caption=\"\" data-rel=\"lightbox-gallery-bGlnaHRib3gtZ2FsbGVyeS0x\" data-rl_title=\"\" data-rl_caption=\"\"><img loading=\"lazy\" decoding=\"async\" src=\"https:\/\/www.bambergorthodox.de\/wp-content\/uploads\/2023\/05\/c4be1c69-a0bf-4e6a-b5d0-0f918b7c7f4c-1-300x225.jpg\" width=\"300\" height=\"225\" alt=\"\" \/><\/a><\/div><div class=\"rl-gallery-item\"><a href=\"https:\/\/www.bambergorthodox.de\/wp-content\/uploads\/2023\/05\/c9d1bd8b-1921-4f38-8b2d-9550feabd8e3-1.jpg\" title=\"\" data-rl_title=\"\" class=\"rl-gallery-link\" data-rl_caption=\"\" data-rel=\"lightbox-gallery-bGlnaHRib3gtZ2FsbGVyeS0x\" data-rl_title=\"\" data-rl_caption=\"\"><img loading=\"lazy\" decoding=\"async\" src=\"https:\/\/www.bambergorthodox.de\/wp-content\/uploads\/2023\/05\/c9d1bd8b-1921-4f38-8b2d-9550feabd8e3-1-300x225.jpg\" width=\"300\" height=\"225\" alt=\"\" \/><\/a><\/div><div class=\"rl-gallery-item\"><a href=\"https:\/\/www.bambergorthodox.de\/wp-content\/uploads\/2023\/05\/d64d521d-5630-445e-9924-d2623f7b52cd-1.jpg\" title=\"\" data-rl_title=\"\" class=\"rl-gallery-link\" data-rl_caption=\"\" data-rel=\"lightbox-gallery-bGlnaHRib3gtZ2FsbGVyeS0x\" data-rl_title=\"\" data-rl_caption=\"\"><img loading=\"lazy\" decoding=\"async\" src=\"https:\/\/www.bambergorthodox.de\/wp-content\/uploads\/2023\/05\/d64d521d-5630-445e-9924-d2623f7b52cd-1-300x225.jpg\" width=\"300\" height=\"225\" alt=\"\" \/><\/a><\/div><div class=\"rl-gallery-item\"><a href=\"https:\/\/www.bambergorthodox.de\/wp-content\/uploads\/2023\/05\/9b6a8459-385d-4cc9-99e4-8eecc75a5801-1.jpg\" title=\"\" data-rl_title=\"\" class=\"rl-gallery-link\" data-rl_caption=\"\" data-rel=\"lightbox-gallery-bGlnaHRib3gtZ2FsbGVyeS0x\" data-rl_title=\"\" data-rl_caption=\"\"><img loading=\"lazy\" decoding=\"async\" src=\"https:\/\/www.bambergorthodox.de\/wp-content\/uploads\/2023\/05\/9b6a8459-385d-4cc9-99e4-8eecc75a5801-1-300x225.jpg\" width=\"300\" height=\"225\" alt=\"\" \/><\/a><\/div><div class=\"rl-gallery-item\"><a href=\"https:\/\/www.bambergorthodox.de\/wp-content\/uploads\/2023\/05\/a2f740d2-507e-47f1-a0a0-4f970d1b0450-1.jpg\" title=\"\" data-rl_title=\"\" class=\"rl-gallery-link\" data-rl_caption=\"\" data-rel=\"lightbox-gallery-bGlnaHRib3gtZ2FsbGVyeS0x\" data-rl_title=\"\" data-rl_caption=\"\"><img loading=\"lazy\" decoding=\"async\" src=\"https:\/\/www.bambergorthodox.de\/wp-content\/uploads\/2023\/05\/a2f740d2-507e-47f1-a0a0-4f970d1b0450-1-300x225.jpg\" width=\"300\" height=\"225\" alt=\"\" \/><\/a><\/div><div class=\"rl-gallery-item\"><a href=\"https:\/\/www.bambergorthodox.de\/wp-content\/uploads\/2023\/05\/ffaaeebc-8559-4f53-b3fe-394a7f51dbeb-1.jpg\" title=\"\" data-rl_title=\"\" class=\"rl-gallery-link\" data-rl_caption=\"\" data-rel=\"lightbox-gallery-bGlnaHRib3gtZ2FsbGVyeS0x\" data-rl_title=\"\" data-rl_caption=\"\"><img loading=\"lazy\" decoding=\"async\" src=\"https:\/\/www.bambergorthodox.de\/wp-content\/uploads\/2023\/05\/ffaaeebc-8559-4f53-b3fe-394a7f51dbeb-1-300x225.jpg\" width=\"300\" height=\"225\" alt=\"\" \/><\/a><\/div><div class=\"rl-gallery-item\"><a href=\"https:\/\/www.bambergorthodox.de\/wp-content\/uploads\/2023\/05\/c362fec3-52d1-4d3d-b169-607f18433a74-1.jpg\" title=\"\" data-rl_title=\"\" class=\"rl-gallery-link\" data-rl_caption=\"\" data-rel=\"lightbox-gallery-bGlnaHRib3gtZ2FsbGVyeS0x\" data-rl_title=\"\" data-rl_caption=\"\"><img loading=\"lazy\" decoding=\"async\" src=\"https:\/\/www.bambergorthodox.de\/wp-content\/uploads\/2023\/05\/c362fec3-52d1-4d3d-b169-607f18433a74-1-300x225.jpg\" width=\"300\" height=\"225\" alt=\"\" \/><\/a><\/div><div class=\"rl-gallery-item\"><a href=\"https:\/\/www.bambergorthodox.de\/wp-content\/uploads\/2023\/05\/bf5d1e2d-b834-42e1-aa5b-a85e25542e00-1.jpg\" title=\"\" data-rl_title=\"\" class=\"rl-gallery-link\" data-rl_caption=\"\" data-rel=\"lightbox-gallery-bGlnaHRib3gtZ2FsbGVyeS0x\" data-rl_title=\"\" data-rl_caption=\"\"><img loading=\"lazy\" decoding=\"async\" src=\"https:\/\/www.bambergorthodox.de\/wp-content\/uploads\/2023\/05\/bf5d1e2d-b834-42e1-aa5b-a85e25542e00-1-225x300.jpg\" width=\"225\" height=\"300\" alt=\"\" \/><\/a><\/div><div class=\"rl-gallery-item\"><a href=\"https:\/\/www.bambergorthodox.de\/wp-content\/uploads\/2023\/05\/298e61e0-9085-43f6-ba41-00aa0b60193b-1.jpg\" title=\"\" data-rl_title=\"\" class=\"rl-gallery-link\" data-rl_caption=\"\" data-rel=\"lightbox-gallery-bGlnaHRib3gtZ2FsbGVyeS0x\" data-rl_title=\"\" data-rl_caption=\"\"><img loading=\"lazy\" decoding=\"async\" src=\"https:\/\/www.bambergorthodox.de\/wp-content\/uploads\/2023\/05\/298e61e0-9085-43f6-ba41-00aa0b60193b-1-300x196.jpg\" width=\"300\" height=\"196\" alt=\"\" \/><\/a><\/div><div class=\"rl-gallery-item\"><a href=\"https:\/\/www.bambergorthodox.de\/wp-content\/uploads\/2023\/05\/1c0dd875-e86a-40c7-8f52-16115e6104e7-1.jpg\" title=\"\" data-rl_title=\"\" class=\"rl-gallery-link\" data-rl_caption=\"\" data-rel=\"lightbox-gallery-bGlnaHRib3gtZ2FsbGVyeS0x\" data-rl_title=\"\" data-rl_caption=\"\"><img loading=\"lazy\" decoding=\"async\" src=\"https:\/\/www.bambergorthodox.de\/wp-content\/uploads\/2023\/05\/1c0dd875-e86a-40c7-8f52-16115e6104e7-1-300x202.jpg\" width=\"300\" height=\"202\" alt=\"\" \/><\/a><\/div><div class=\"rl-gallery-item\"><a href=\"https:\/\/www.bambergorthodox.de\/wp-content\/uploads\/2023\/05\/bdf077cc-c71e-47c9-a2e8-e68d72f92e2f-1.jpg\" title=\"\" data-rl_title=\"\" class=\"rl-gallery-link\" data-rl_caption=\"\" data-rel=\"lightbox-gallery-bGlnaHRib3gtZ2FsbGVyeS0x\" data-rl_title=\"\" data-rl_caption=\"\"><img loading=\"lazy\" decoding=\"async\" src=\"https:\/\/www.bambergorthodox.de\/wp-content\/uploads\/2023\/05\/bdf077cc-c71e-47c9-a2e8-e68d72f92e2f-1-300x195.jpg\" width=\"300\" height=\"195\" alt=\"\" \/><\/a><\/div><div class=\"rl-gallery-item\"><a href=\"https:\/\/www.bambergorthodox.de\/wp-content\/uploads\/2023\/05\/9188d5e8-1f49-4271-9408-df3bf7377d89-1.jpg\" title=\"\" data-rl_title=\"\" class=\"rl-gallery-link\" data-rl_caption=\"\" data-rel=\"lightbox-gallery-bGlnaHRib3gtZ2FsbGVyeS0x\" data-rl_title=\"\" data-rl_caption=\"\"><img loading=\"lazy\" decoding=\"async\" src=\"https:\/\/www.bambergorthodox.de\/wp-content\/uploads\/2023\/05\/9188d5e8-1f49-4271-9408-df3bf7377d89-1-300x225.jpg\" width=\"300\" height=\"225\" alt=\"\" \/><\/a><\/div><div class=\"rl-gallery-item\"><a href=\"https:\/\/www.bambergorthodox.de\/wp-content\/uploads\/2023\/05\/f52c511e-e095-46aa-9cf8-889d9b3f5eb9-1.jpg\" title=\"\" data-rl_title=\"\" class=\"rl-gallery-link\" data-rl_caption=\"\" data-rel=\"lightbox-gallery-bGlnaHRib3gtZ2FsbGVyeS0x\" data-rl_title=\"\" data-rl_caption=\"\"><img loading=\"lazy\" decoding=\"async\" src=\"https:\/\/www.bambergorthodox.de\/wp-content\/uploads\/2023\/05\/f52c511e-e095-46aa-9cf8-889d9b3f5eb9-1-300x225.jpg\" width=\"300\" height=\"225\" alt=\"\" \/><\/a><\/div><div class=\"rl-gallery-item\"><a href=\"https:\/\/www.bambergorthodox.de\/wp-content\/uploads\/2023\/05\/221ea187-ac48-450f-824d-81e74f05297f-1.jpg\" title=\"\" data-rl_title=\"\" class=\"rl-gallery-link\" data-rl_caption=\"\" data-rel=\"lightbox-gallery-bGlnaHRib3gtZ2FsbGVyeS0x\" data-rl_title=\"\" data-rl_caption=\"\"><img loading=\"lazy\" decoding=\"async\" src=\"https:\/\/www.bambergorthodox.de\/wp-content\/uploads\/2023\/05\/221ea187-ac48-450f-824d-81e74f05297f-1-300x199.jpg\" width=\"300\" height=\"199\" alt=\"\" \/><\/a><\/div> <\/div> <\/div>","protected":false},"excerpt":{"rendered":"<p>Sf\u00e2r\u0219itul lunii mai a reprezentat pentru credincio\u0219ii parohiei noastre o mare bucurie duhovniceasc\u0103, prin participarea \u00een Duminica a 7-a dup\u0103 Pa\u0219ti (a Sfin\u021bilor P\u0103rin\u021bi de la Primul Sinod Ecumenic), la Sf\u00e2nta Liturghie Arhiereasc\u0103 s\u0103v\u00e2r\u0219it\u0103 de \u00cenaltpreasfin\u021bitul P\u0103rinte Dr. Serafim, Mitropolitul Germaniei, Europei Centrale \u0219i de Nord. Soborul slujitorilor a fost alc\u0103tuit din: preot Mihai Popia &#8230; <a class=\"read-more\" href=\"https:\/\/www.bambergorthodox.de\/?p=5398\">Read more&#8230;<\/a><\/p>\n","protected":false},"author":2,"featured_media":0,"comment_status":"closed","ping_status":"open","sticky":false,"template":"","format":"standard","meta":{"jetpack_post_was_ever_published":false,"_jetpack_newsletter_access":"","_jetpack_dont_email_post_to_subs":false,"_jetpack_newsletter_tier_id":0,"_jetpack_memberships_contains_paywalled_content":false,"_jetpack_memberships_contains_paid_content":false,"footnotes":"","jetpack_publicize_message":"","jetpack_publicize_feature_enabled":true,"jetpack_social_post_already_shared":true,"jetpack_social_options":{"image_generator_settings":{"template":"highway","default_image_id":0,"font":"","enabled":false},"version":2}},"categories":[5],"tags":[],"class_list":["post-5398","post","type-post","status-publish","format-standard","hentry","category-text_menue"],"jetpack_publicize_connections":[],"jetpack_featured_media_url":"","jetpack_sharing_enabled":true,"jetpack_shortlink":"https:\/\/wp.me\/p93ZOd-1p4","_links":{"self":[{"href":"https:\/\/www.bambergorthodox.de\/index.php?rest_route=\/wp\/v2\/posts\/5398","targetHints":{"allow":["GET"]}}],"collection":[{"href":"https:\/\/www.bambergorthodox.de\/index.php?rest_route=\/wp\/v2\/posts"}],"about":[{"href":"https:\/\/www.bambergorthodox.de\/index.php?rest_route=\/wp\/v2\/types\/post"}],"author":[{"embeddable":true,"href":"https:\/\/www.bambergorthodox.de\/index.php?rest_route=\/wp\/v2\/users\/2"}],"replies":[{"embeddable":true,"href":"https:\/\/www.bambergorthodox.de\/index.php?rest_route=%2Fwp%2Fv2%2Fcomments&post=5398"}],"version-history":[{"count":3,"href":"https:\/\/www.bambergorthodox.de\/index.php?rest_route=\/wp\/v2\/posts\/5398\/revisions"}],"predecessor-version":[{"id":5456,"href":"https:\/\/www.bambergorthodox.de\/index.php?rest_route=\/wp\/v2\/posts\/5398\/revisions\/5456"}],"wp:attachment":[{"href":"https:\/\/www.bambergorthodox.de\/index.php?rest_route=%2Fwp%2Fv2%2Fmedia&parent=5398"}],"wp:term":[{"taxonomy":"category","embeddable":true,"href":"https:\/\/www.bambergorthodox.de\/index.php?rest_route=%2Fwp%2Fv2%2Fcategories&post=5398"},{"taxonomy":"post_tag","embeddable":true,"href":"https:\/\/www.bambergorthodox.de\/index.php?rest_route=%2Fwp%2Fv2%2Ftags&post=5398"}],"curies":[{"name":"wp","href":"https:\/\/api.w.org\/{rel}","templated":true}]}}