{"id":5285,"date":"2022-12-19T21:02:37","date_gmt":"2022-12-19T20:02:37","guid":{"rendered":"https:\/\/www.bambergorthodox.de\/?p=5285"},"modified":"2022-12-19T21:03:07","modified_gmt":"2022-12-19T20:03:07","slug":"scoala-parohiala-pregatirea-nasterii-domnului","status":"publish","type":"post","link":"https:\/\/www.bambergorthodox.de\/?p=5285","title":{"rendered":"\u0218coala parohial\u0103 | Preg\u0103tirea Na\u0219terii Domnului"},"content":{"rendered":"<a  href=\"https:\/\/www.bambergorthodox.de\/wp-content\/uploads\/2022\/12\/66417748-490c-408d-88a5-89a3b9182ef9.jpg\" data-rel=\"lightbox-gallery-1\" data-rl_title=\"\" data-rl_caption=\"\" title=\"\"><img loading=\"lazy\" decoding=\"async\" class=\"size-medium wp-image-5279 alignleft\" src=\"https:\/\/www.bambergorthodox.de\/wp-content\/uploads\/2022\/12\/66417748-490c-408d-88a5-89a3b9182ef9-300x224.jpg\" alt=\"\" width=\"300\" height=\"224\" srcset=\"https:\/\/www.bambergorthodox.de\/wp-content\/uploads\/2022\/12\/66417748-490c-408d-88a5-89a3b9182ef9-300x224.jpg 300w, https:\/\/www.bambergorthodox.de\/wp-content\/uploads\/2022\/12\/66417748-490c-408d-88a5-89a3b9182ef9-1024x766.jpg 1024w, https:\/\/www.bambergorthodox.de\/wp-content\/uploads\/2022\/12\/66417748-490c-408d-88a5-89a3b9182ef9-768x575.jpg 768w, https:\/\/www.bambergorthodox.de\/wp-content\/uploads\/2022\/12\/66417748-490c-408d-88a5-89a3b9182ef9-1536x1149.jpg 1536w, https:\/\/www.bambergorthodox.de\/wp-content\/uploads\/2022\/12\/66417748-490c-408d-88a5-89a3b9182ef9.jpg 1600w\" sizes=\"auto, (max-width: 300px) 100vw, 300px\" \/><\/a>Duminica Sfin\u021bilor P\u0103rin\u021bi dup\u0103 trup ai Domnului a fost din nou prilej de bucurie \u00een Biserica noastr\u0103. Ne-am adunat cei mici \u00eempreun\u0103 cu cei mari s\u0103 ne preg\u0103tim pentru marea s\u0103rb\u0103toare care ne st\u0103 \u00eenainte. Bucuria<span class=\"Apple-converted-space\">\u00a0 <\/span>fost cel pu\u021bin \u00een egal\u0103 m\u0103sur\u0103 a p\u0103rin\u021bilor cu cea a copiilor. <!--more-->Micu\u021bii au confec\u021bionat diverse decora\u021biuni de Cr\u0103ciun, omule\u021bi de z\u0103pad\u0103 lumino\u0219i \u0219i haio\u0219i, iar printre sclipici \u0219i perlu\u021be colorate am ascultat colindele noastre rom\u00e2ne\u0219ti. Voio\u0219ia, m\u00e2nu\u021bele h\u0103rnicu\u021be \u0219i glasurile vesele ale copiilor repet\u00e2nd \u0219i ei colinde, ne-au adus mai aproape sensul acestei ultime s\u0103pt\u0103m\u00e2ni dinaintea s\u0103rb\u0103torii Na\u0219terii Domnului ca tem\u0103 de reflec\u021bie, poate, \u00een a\u0219teptarea Copilului M\u00e2ntuitor : dragostea dumnezeiasc\u0103 cu care &#8222;Cel f\u0103r&#8217; de-nceput las\u0103 Slava cereasc\u0103 \u0219i vine plin de bun\u0103tate \u0219i smerenie s\u0103 ia trup omenesc. &#8222;Mare minune s-arat\u0103!&#8221;, s\u0103 ne ajute Bunul Dumnezeu s\u0103 ne \u00eemp\u0103rt\u0103\u0219im \u0219i noi cu adev\u0103rat ca \u0219i copiii, cu ging\u0103\u0219ie \u0219i nevinov\u0103\u021bie, de plin\u0103tatea dragostei Pruncului \u00cemp\u0103rat, care se va na\u0219te \u00een ieslea din Betleem.<\/p>\n<p>Lumini\u021ba Vedina\u0219<span class=\"Apple-converted-space\">\u00a0<\/span><\/p>\n<div class=\"rl-gallery-container rl-loading\" id=\"rl-gallery-container-1\" data-gallery_id=\"5259\"> <div class=\"rl-gallery rl-basicgrid-gallery \" id=\"rl-gallery-1\" data-gallery_no=\"1\"> <div class=\"rl-gallery-item\"><a href=\"https:\/\/www.bambergorthodox.de\/wp-content\/uploads\/2022\/12\/cf142172-5fac-4603-acfb-ac38078331cd.jpg\" title=\"\" data-rl_title=\"\" class=\"rl-gallery-link\" data-rl_caption=\"\" data-rel=\"lightbox-gallery-bGlnaHRib3gtZ2FsbGVyeS0x\" data-rl_title=\"\" data-rl_caption=\"\"><img loading=\"lazy\" decoding=\"async\" src=\"https:\/\/www.bambergorthodox.de\/wp-content\/uploads\/2022\/12\/cf142172-5fac-4603-acfb-ac38078331cd-225x300.jpg\" width=\"225\" height=\"300\" alt=\"\" \/><\/a><\/div><div class=\"rl-gallery-item\"><a href=\"https:\/\/www.bambergorthodox.de\/wp-content\/uploads\/2022\/12\/47356433-7e93-45fd-980d-041ee4526b64.jpg\" title=\"\" data-rl_title=\"\" class=\"rl-gallery-link\" data-rl_caption=\"\" data-rel=\"lightbox-gallery-bGlnaHRib3gtZ2FsbGVyeS0x\" data-rl_title=\"\" data-rl_caption=\"\"><img loading=\"lazy\" decoding=\"async\" src=\"https:\/\/www.bambergorthodox.de\/wp-content\/uploads\/2022\/12\/47356433-7e93-45fd-980d-041ee4526b64-182x300.jpg\" width=\"182\" height=\"300\" alt=\"\" \/><\/a><\/div><div class=\"rl-gallery-item\"><a href=\"https:\/\/www.bambergorthodox.de\/wp-content\/uploads\/2022\/12\/3ebd6c8d-0567-4681-923a-9c79cd765010.jpg\" title=\"\" data-rl_title=\"\" class=\"rl-gallery-link\" data-rl_caption=\"\" data-rel=\"lightbox-gallery-bGlnaHRib3gtZ2FsbGVyeS0x\" data-rl_title=\"\" data-rl_caption=\"\"><img loading=\"lazy\" decoding=\"async\" src=\"https:\/\/www.bambergorthodox.de\/wp-content\/uploads\/2022\/12\/3ebd6c8d-0567-4681-923a-9c79cd765010-238x300.jpg\" width=\"238\" height=\"300\" alt=\"\" \/><\/a><\/div><div class=\"rl-gallery-item\"><a href=\"https:\/\/www.bambergorthodox.de\/wp-content\/uploads\/2022\/12\/9f6b35e3-803d-4d6f-9f91-7667b6ebd381.jpg\" title=\"\" data-rl_title=\"\" class=\"rl-gallery-link\" data-rl_caption=\"\" data-rel=\"lightbox-gallery-bGlnaHRib3gtZ2FsbGVyeS0x\" data-rl_title=\"\" data-rl_caption=\"\"><img loading=\"lazy\" decoding=\"async\" src=\"https:\/\/www.bambergorthodox.de\/wp-content\/uploads\/2022\/12\/9f6b35e3-803d-4d6f-9f91-7667b6ebd381-188x300.jpg\" width=\"188\" height=\"300\" alt=\"\" \/><\/a><\/div><div class=\"rl-gallery-item\"><a href=\"https:\/\/www.bambergorthodox.de\/wp-content\/uploads\/2022\/12\/84c78d9e-a9e5-4e8f-8361-d5e98a01ee1f.jpg\" title=\"\" data-rl_title=\"\" class=\"rl-gallery-link\" data-rl_caption=\"\" data-rel=\"lightbox-gallery-bGlnaHRib3gtZ2FsbGVyeS0x\" data-rl_title=\"\" data-rl_caption=\"\"><img loading=\"lazy\" decoding=\"async\" src=\"https:\/\/www.bambergorthodox.de\/wp-content\/uploads\/2022\/12\/84c78d9e-a9e5-4e8f-8361-d5e98a01ee1f-207x300.jpg\" width=\"207\" height=\"300\" alt=\"\" \/><\/a><\/div><div class=\"rl-gallery-item\"><a href=\"https:\/\/www.bambergorthodox.de\/wp-content\/uploads\/2022\/12\/f45acbba-fb12-4a72-ab2b-e101e9635ca6-1.jpg\" title=\"\" data-rl_title=\"\" class=\"rl-gallery-link\" data-rl_caption=\"\" data-rel=\"lightbox-gallery-bGlnaHRib3gtZ2FsbGVyeS0x\" data-rl_title=\"\" data-rl_caption=\"\"><img loading=\"lazy\" decoding=\"async\" src=\"https:\/\/www.bambergorthodox.de\/wp-content\/uploads\/2022\/12\/f45acbba-fb12-4a72-ab2b-e101e9635ca6-1-224x300.jpg\" width=\"224\" height=\"300\" alt=\"\" \/><\/a><\/div><div class=\"rl-gallery-item\"><a href=\"https:\/\/www.bambergorthodox.de\/wp-content\/uploads\/2022\/12\/b8c8f6d9-d89d-43ab-ae12-436c5aa610e1.jpg\" title=\"\" data-rl_title=\"\" class=\"rl-gallery-link\" data-rl_caption=\"\" data-rel=\"lightbox-gallery-bGlnaHRib3gtZ2FsbGVyeS0x\" data-rl_title=\"\" data-rl_caption=\"\"><img loading=\"lazy\" decoding=\"async\" src=\"https:\/\/www.bambergorthodox.de\/wp-content\/uploads\/2022\/12\/b8c8f6d9-d89d-43ab-ae12-436c5aa610e1-224x300.jpg\" width=\"224\" height=\"300\" alt=\"\" \/><\/a><\/div><div class=\"rl-gallery-item\"><a href=\"https:\/\/www.bambergorthodox.de\/wp-content\/uploads\/2022\/12\/342f960a-dba5-49bb-9dec-17a14f75194c.jpg\" title=\"\" data-rl_title=\"\" class=\"rl-gallery-link\" data-rl_caption=\"\" data-rel=\"lightbox-gallery-bGlnaHRib3gtZ2FsbGVyeS0x\" data-rl_title=\"\" data-rl_caption=\"\"><img loading=\"lazy\" decoding=\"async\" src=\"https:\/\/www.bambergorthodox.de\/wp-content\/uploads\/2022\/12\/342f960a-dba5-49bb-9dec-17a14f75194c-224x300.jpg\" width=\"224\" height=\"300\" alt=\"\" \/><\/a><\/div><div class=\"rl-gallery-item\"><a href=\"https:\/\/www.bambergorthodox.de\/wp-content\/uploads\/2022\/12\/3aba28c5-5d15-4e8b-9acd-8852b844db06.jpg\" title=\"\" data-rl_title=\"\" class=\"rl-gallery-link\" data-rl_caption=\"\" data-rel=\"lightbox-gallery-bGlnaHRib3gtZ2FsbGVyeS0x\" data-rl_title=\"\" data-rl_caption=\"\"><img loading=\"lazy\" decoding=\"async\" src=\"https:\/\/www.bambergorthodox.de\/wp-content\/uploads\/2022\/12\/3aba28c5-5d15-4e8b-9acd-8852b844db06-224x300.jpg\" width=\"224\" height=\"300\" alt=\"\" \/><\/a><\/div><div class=\"rl-gallery-item\"><a href=\"https:\/\/www.bambergorthodox.de\/wp-content\/uploads\/2022\/12\/f23ab31a-34a8-4111-9840-0ed15fb7e2e4.jpg\" title=\"\" data-rl_title=\"\" class=\"rl-gallery-link\" data-rl_caption=\"\" data-rel=\"lightbox-gallery-bGlnaHRib3gtZ2FsbGVyeS0x\" data-rl_title=\"\" data-rl_caption=\"\"><img loading=\"lazy\" decoding=\"async\" src=\"https:\/\/www.bambergorthodox.de\/wp-content\/uploads\/2022\/12\/f23ab31a-34a8-4111-9840-0ed15fb7e2e4-224x300.jpg\" width=\"224\" height=\"300\" alt=\"\" \/><\/a><\/div><div class=\"rl-gallery-item\"><a href=\"https:\/\/www.bambergorthodox.de\/wp-content\/uploads\/2022\/12\/acf6e4e0-4de2-42ac-bff8-9cf201c7b6e2.jpg\" title=\"\" data-rl_title=\"\" class=\"rl-gallery-link\" data-rl_caption=\"\" data-rel=\"lightbox-gallery-bGlnaHRib3gtZ2FsbGVyeS0x\" data-rl_title=\"\" data-rl_caption=\"\"><img loading=\"lazy\" decoding=\"async\" src=\"https:\/\/www.bambergorthodox.de\/wp-content\/uploads\/2022\/12\/acf6e4e0-4de2-42ac-bff8-9cf201c7b6e2-300x224.jpg\" width=\"300\" height=\"224\" alt=\"\" \/><\/a><\/div><div class=\"rl-gallery-item\"><a href=\"https:\/\/www.bambergorthodox.de\/wp-content\/uploads\/2022\/12\/b25d5ffa-9cb2-4581-8a77-7166fc8024e3.jpg\" title=\"\" data-rl_title=\"\" class=\"rl-gallery-link\" data-rl_caption=\"\" data-rel=\"lightbox-gallery-bGlnaHRib3gtZ2FsbGVyeS0x\" data-rl_title=\"\" data-rl_caption=\"\"><img loading=\"lazy\" decoding=\"async\" src=\"https:\/\/www.bambergorthodox.de\/wp-content\/uploads\/2022\/12\/b25d5ffa-9cb2-4581-8a77-7166fc8024e3-300x224.jpg\" width=\"300\" height=\"224\" alt=\"\" \/><\/a><\/div><div class=\"rl-gallery-item\"><a href=\"https:\/\/www.bambergorthodox.de\/wp-content\/uploads\/2022\/12\/05c5dff2-13fd-4fd7-8703-94fdd223f76b.jpg\" title=\"\" data-rl_title=\"\" class=\"rl-gallery-link\" data-rl_caption=\"\" data-rel=\"lightbox-gallery-bGlnaHRib3gtZ2FsbGVyeS0x\" data-rl_title=\"\" data-rl_caption=\"\"><img loading=\"lazy\" decoding=\"async\" src=\"https:\/\/www.bambergorthodox.de\/wp-content\/uploads\/2022\/12\/05c5dff2-13fd-4fd7-8703-94fdd223f76b-224x300.jpg\" width=\"224\" height=\"300\" alt=\"\" \/><\/a><\/div><div class=\"rl-gallery-item\"><a href=\"https:\/\/www.bambergorthodox.de\/wp-content\/uploads\/2022\/12\/cab46033-912f-4556-8040-b08ad74a8960.jpg\" title=\"\" data-rl_title=\"\" class=\"rl-gallery-link\" data-rl_caption=\"\" data-rel=\"lightbox-gallery-bGlnaHRib3gtZ2FsbGVyeS0x\" data-rl_title=\"\" data-rl_caption=\"\"><img loading=\"lazy\" decoding=\"async\" src=\"https:\/\/www.bambergorthodox.de\/wp-content\/uploads\/2022\/12\/cab46033-912f-4556-8040-b08ad74a8960-300x224.jpg\" width=\"300\" height=\"224\" alt=\"\" \/><\/a><\/div><div class=\"rl-gallery-item\"><a href=\"https:\/\/www.bambergorthodox.de\/wp-content\/uploads\/2022\/12\/36ae480e-db77-4bb0-bf60-ed88a259c2a1.jpg\" title=\"\" data-rl_title=\"\" class=\"rl-gallery-link\" data-rl_caption=\"\" data-rel=\"lightbox-gallery-bGlnaHRib3gtZ2FsbGVyeS0x\" data-rl_title=\"\" data-rl_caption=\"\"><img loading=\"lazy\" decoding=\"async\" src=\"https:\/\/www.bambergorthodox.de\/wp-content\/uploads\/2022\/12\/36ae480e-db77-4bb0-bf60-ed88a259c2a1-224x300.jpg\" width=\"224\" height=\"300\" alt=\"\" \/><\/a><\/div><div class=\"rl-gallery-item\"><a href=\"https:\/\/www.bambergorthodox.de\/wp-content\/uploads\/2022\/12\/9fab73b4-208e-49f3-8035-cf685fd8de06.jpg\" title=\"\" data-rl_title=\"\" class=\"rl-gallery-link\" data-rl_caption=\"\" data-rel=\"lightbox-gallery-bGlnaHRib3gtZ2FsbGVyeS0x\" data-rl_title=\"\" data-rl_caption=\"\"><img loading=\"lazy\" decoding=\"async\" src=\"https:\/\/www.bambergorthodox.de\/wp-content\/uploads\/2022\/12\/9fab73b4-208e-49f3-8035-cf685fd8de06-224x300.jpg\" width=\"224\" height=\"300\" alt=\"\" \/><\/a><\/div><div class=\"rl-gallery-item\"><a href=\"https:\/\/www.bambergorthodox.de\/wp-content\/uploads\/2022\/12\/9d047e4d-09bb-4c10-bc4e-5730528b6933.jpg\" title=\"\" data-rl_title=\"\" class=\"rl-gallery-link\" data-rl_caption=\"\" data-rel=\"lightbox-gallery-bGlnaHRib3gtZ2FsbGVyeS0x\" data-rl_title=\"\" data-rl_caption=\"\"><img loading=\"lazy\" decoding=\"async\" src=\"https:\/\/www.bambergorthodox.de\/wp-content\/uploads\/2022\/12\/9d047e4d-09bb-4c10-bc4e-5730528b6933-224x300.jpg\" width=\"224\" height=\"300\" alt=\"\" \/><\/a><\/div><div class=\"rl-gallery-item\"><a href=\"https:\/\/www.bambergorthodox.de\/wp-content\/uploads\/2022\/12\/c7b8be1b-fcef-4c7c-97bc-bee5667c1ffb-1.jpg\" title=\"\" data-rl_title=\"\" class=\"rl-gallery-link\" data-rl_caption=\"\" data-rel=\"lightbox-gallery-bGlnaHRib3gtZ2FsbGVyeS0x\" data-rl_title=\"\" data-rl_caption=\"\"><img loading=\"lazy\" decoding=\"async\" src=\"https:\/\/www.bambergorthodox.de\/wp-content\/uploads\/2022\/12\/c7b8be1b-fcef-4c7c-97bc-bee5667c1ffb-1-224x300.jpg\" width=\"224\" height=\"300\" alt=\"\" \/><\/a><\/div><div class=\"rl-gallery-item\"><a href=\"https:\/\/www.bambergorthodox.de\/wp-content\/uploads\/2022\/12\/8054b55e-9f02-434a-a757-779a3680c1fb-1.jpg\" title=\"\" data-rl_title=\"\" class=\"rl-gallery-link\" data-rl_caption=\"\" data-rel=\"lightbox-gallery-bGlnaHRib3gtZ2FsbGVyeS0x\" data-rl_title=\"\" data-rl_caption=\"\"><img loading=\"lazy\" decoding=\"async\" src=\"https:\/\/www.bambergorthodox.de\/wp-content\/uploads\/2022\/12\/8054b55e-9f02-434a-a757-779a3680c1fb-1-300x224.jpg\" width=\"300\" height=\"224\" alt=\"\" \/><\/a><\/div><div class=\"rl-gallery-item\"><a href=\"https:\/\/www.bambergorthodox.de\/wp-content\/uploads\/2022\/12\/66417748-490c-408d-88a5-89a3b9182ef9.jpg\" title=\"\" data-rl_title=\"\" class=\"rl-gallery-link\" data-rl_caption=\"\" data-rel=\"lightbox-gallery-bGlnaHRib3gtZ2FsbGVyeS0x\" data-rl_title=\"\" data-rl_caption=\"\"><img loading=\"lazy\" decoding=\"async\" src=\"https:\/\/www.bambergorthodox.de\/wp-content\/uploads\/2022\/12\/66417748-490c-408d-88a5-89a3b9182ef9-300x224.jpg\" width=\"300\" height=\"224\" alt=\"\" \/><\/a><\/div><div class=\"rl-gallery-item\"><a href=\"https:\/\/www.bambergorthodox.de\/wp-content\/uploads\/2022\/12\/0b2f2de3-607c-4df6-9635-0864d96dd7c7.jpg\" title=\"\" data-rl_title=\"\" class=\"rl-gallery-link\" data-rl_caption=\"\" data-rel=\"lightbox-gallery-bGlnaHRib3gtZ2FsbGVyeS0x\" data-rl_title=\"\" data-rl_caption=\"\"><img loading=\"lazy\" decoding=\"async\" src=\"https:\/\/www.bambergorthodox.de\/wp-content\/uploads\/2022\/12\/0b2f2de3-607c-4df6-9635-0864d96dd7c7-224x300.jpg\" width=\"224\" height=\"300\" alt=\"\" \/><\/a><\/div><div class=\"rl-gallery-item\"><a href=\"https:\/\/www.bambergorthodox.de\/wp-content\/uploads\/2022\/12\/b24b1952-8a29-43e0-b008-f7fa1745abb0.jpg\" title=\"\" data-rl_title=\"\" class=\"rl-gallery-link\" data-rl_caption=\"\" data-rel=\"lightbox-gallery-bGlnaHRib3gtZ2FsbGVyeS0x\" data-rl_title=\"\" data-rl_caption=\"\"><img loading=\"lazy\" decoding=\"async\" src=\"https:\/\/www.bambergorthodox.de\/wp-content\/uploads\/2022\/12\/b24b1952-8a29-43e0-b008-f7fa1745abb0-300x224.jpg\" width=\"300\" height=\"224\" alt=\"\" \/><\/a><\/div><div class=\"rl-gallery-item\"><a href=\"https:\/\/www.bambergorthodox.de\/wp-content\/uploads\/2022\/12\/075d4259-9f92-42c9-90b6-1f03b2492053-1.jpg\" title=\"\" data-rl_title=\"\" class=\"rl-gallery-link\" data-rl_caption=\"\" data-rel=\"lightbox-gallery-bGlnaHRib3gtZ2FsbGVyeS0x\" data-rl_title=\"\" data-rl_caption=\"\"><img loading=\"lazy\" decoding=\"async\" src=\"https:\/\/www.bambergorthodox.de\/wp-content\/uploads\/2022\/12\/075d4259-9f92-42c9-90b6-1f03b2492053-1-224x300.jpg\" width=\"224\" height=\"300\" alt=\"\" \/><\/a><\/div><div class=\"rl-gallery-item\"><a href=\"https:\/\/www.bambergorthodox.de\/wp-content\/uploads\/2022\/12\/1fc9d771-4574-4fc3-98b1-9c5b0da45bc6-1.jpg\" title=\"\" data-rl_title=\"\" class=\"rl-gallery-link\" data-rl_caption=\"\" data-rel=\"lightbox-gallery-bGlnaHRib3gtZ2FsbGVyeS0x\" data-rl_title=\"\" data-rl_caption=\"\"><img loading=\"lazy\" decoding=\"async\" src=\"https:\/\/www.bambergorthodox.de\/wp-content\/uploads\/2022\/12\/1fc9d771-4574-4fc3-98b1-9c5b0da45bc6-1-224x300.jpg\" width=\"224\" height=\"300\" alt=\"\" \/><\/a><\/div><div class=\"rl-gallery-item\"><a href=\"https:\/\/www.bambergorthodox.de\/wp-content\/uploads\/2022\/12\/7c64f2c1-71e0-4243-baa1-cff0f91c6acb.jpg\" title=\"\" data-rl_title=\"\" class=\"rl-gallery-link\" data-rl_caption=\"\" data-rel=\"lightbox-gallery-bGlnaHRib3gtZ2FsbGVyeS0x\" data-rl_title=\"\" data-rl_caption=\"\"><img loading=\"lazy\" decoding=\"async\" src=\"https:\/\/www.bambergorthodox.de\/wp-content\/uploads\/2022\/12\/7c64f2c1-71e0-4243-baa1-cff0f91c6acb-224x300.jpg\" width=\"224\" height=\"300\" alt=\"\" \/><\/a><\/div> <\/div> <\/div>","protected":false},"excerpt":{"rendered":"<p>Duminica Sfin\u021bilor P\u0103rin\u021bi dup\u0103 trup ai Domnului a fost din nou prilej de bucurie \u00een Biserica noastr\u0103. Ne-am adunat cei mici \u00eempreun\u0103 cu cei mari s\u0103 ne preg\u0103tim pentru marea s\u0103rb\u0103toare care ne st\u0103 \u00eenainte. Bucuria\u00a0 fost cel pu\u021bin \u00een egal\u0103 m\u0103sur\u0103 a p\u0103rin\u021bilor cu cea a copiilor.<\/p>\n","protected":false},"author":1,"featured_media":0,"comment_status":"closed","ping_status":"open","sticky":false,"template":"","format":"standard","meta":{"jetpack_post_was_ever_published":false,"_jetpack_newsletter_access":"","_jetpack_dont_email_post_to_subs":false,"_jetpack_newsletter_tier_id":0,"_jetpack_memberships_contains_paywalled_content":false,"_jetpack_memberships_contains_paid_content":false,"footnotes":"","jetpack_publicize_message":"","jetpack_publicize_feature_enabled":true,"jetpack_social_post_already_shared":false,"jetpack_social_options":{"image_generator_settings":{"template":"highway","default_image_id":0,"font":"","enabled":false},"version":2}},"categories":[5],"tags":[],"class_list":["post-5285","post","type-post","status-publish","format-standard","hentry","category-text_menue"],"jetpack_publicize_connections":[],"jetpack_featured_media_url":"","jetpack_sharing_enabled":true,"jetpack_shortlink":"https:\/\/wp.me\/p93ZOd-1nf","_links":{"self":[{"href":"https:\/\/www.bambergorthodox.de\/index.php?rest_route=\/wp\/v2\/posts\/5285","targetHints":{"allow":["GET"]}}],"collection":[{"href":"https:\/\/www.bambergorthodox.de\/index.php?rest_route=\/wp\/v2\/posts"}],"about":[{"href":"https:\/\/www.bambergorthodox.de\/index.php?rest_route=\/wp\/v2\/types\/post"}],"author":[{"embeddable":true,"href":"https:\/\/www.bambergorthodox.de\/index.php?rest_route=\/wp\/v2\/users\/1"}],"replies":[{"embeddable":true,"href":"https:\/\/www.bambergorthodox.de\/index.php?rest_route=%2Fwp%2Fv2%2Fcomments&post=5285"}],"version-history":[{"count":2,"href":"https:\/\/www.bambergorthodox.de\/index.php?rest_route=\/wp\/v2\/posts\/5285\/revisions"}],"predecessor-version":[{"id":5287,"href":"https:\/\/www.bambergorthodox.de\/index.php?rest_route=\/wp\/v2\/posts\/5285\/revisions\/5287"}],"wp:attachment":[{"href":"https:\/\/www.bambergorthodox.de\/index.php?rest_route=%2Fwp%2Fv2%2Fmedia&parent=5285"}],"wp:term":[{"taxonomy":"category","embeddable":true,"href":"https:\/\/www.bambergorthodox.de\/index.php?rest_route=%2Fwp%2Fv2%2Fcategories&post=5285"},{"taxonomy":"post_tag","embeddable":true,"href":"https:\/\/www.bambergorthodox.de\/index.php?rest_route=%2Fwp%2Fv2%2Ftags&post=5285"}],"curies":[{"name":"wp","href":"https:\/\/api.w.org\/{rel}","templated":true}]}}