{"id":5170,"date":"2022-10-11T20:50:19","date_gmt":"2022-10-11T18:50:19","guid":{"rendered":"https:\/\/www.bambergorthodox.de\/?p=5170"},"modified":"2022-10-11T21:02:25","modified_gmt":"2022-10-11T19:02:25","slug":"5170","status":"publish","type":"post","link":"https:\/\/www.bambergorthodox.de\/?p=5170","title":{"rendered":"\u0218coala parohial\u0103 | Hramul parohiei s\u0103rb\u0103torit anticipat"},"content":{"rendered":"<a  href=\"https:\/\/www.bambergorthodox.de\/wp-content\/uploads\/2022\/10\/3142e308-b6e9-4e85-8577-3441151bf014.jpg\" data-rel=\"lightbox-gallery-1\" data-rl_title=\"\" data-rl_caption=\"\" title=\"\"><img loading=\"lazy\" decoding=\"async\" class=\"size-medium wp-image-5169 alignleft\" src=\"https:\/\/www.bambergorthodox.de\/wp-content\/uploads\/2022\/10\/3142e308-b6e9-4e85-8577-3441151bf014-225x300.jpg\" alt=\"\" width=\"225\" height=\"300\" srcset=\"https:\/\/www.bambergorthodox.de\/wp-content\/uploads\/2022\/10\/3142e308-b6e9-4e85-8577-3441151bf014-225x300.jpg 225w, https:\/\/www.bambergorthodox.de\/wp-content\/uploads\/2022\/10\/3142e308-b6e9-4e85-8577-3441151bf014-769x1024.jpg 769w, https:\/\/www.bambergorthodox.de\/wp-content\/uploads\/2022\/10\/3142e308-b6e9-4e85-8577-3441151bf014-768x1023.jpg 768w, https:\/\/www.bambergorthodox.de\/wp-content\/uploads\/2022\/10\/3142e308-b6e9-4e85-8577-3441151bf014-1153x1536.jpg 1153w, https:\/\/www.bambergorthodox.de\/wp-content\/uploads\/2022\/10\/3142e308-b6e9-4e85-8577-3441151bf014.jpg 1201w\" sizes=\"auto, (max-width: 225px) 100vw, 225px\" \/><\/a>\u00cen ajunul s\u0103rb\u0103torii Sfintei Parascheva (Hramul Bisericii noastre) copiii s-au reunit pentru a crea \u00eempreun\u0103 mici candele.\u00a0Au ar\u0103tat o r\u0103bdare deosebita \u00een a zugr\u0103vi chipul Sfintei pe h\u00e2rtie transparent\u0103, dup\u0103 care au \u00eempodobit candelele cu flori \u0219i stele.\u00a0Mul\u021bumim p\u0103rin\u021bilor c\u0103 au fost al\u0103turi \u0219i s-au implicat cu bucurie \u00een momentele \u00een care copiii au avut nevoie de pu\u021bin ajutor la decupat \u0219i lipit. <!--more-->De asemenea, am avut ocazia s\u0103-i ascult\u0103m pe copiii no\u0219tri c\u00e2nt\u00e2nd c\u00e2ntece religioase \u0219i rug\u0103ciuni, precum: \u201ePentru Tine, Doamne\u201c, \u201ePe Domnul l\u0103uda\u021bi-L\u201c, \u201eCuvine-se cu adev\u0103rat\u201c, uni\u021bi \u00eentr-un glas spre p\u0103strarea vie a credin\u021bei noastre cre\u0219tine.\u00a0\u00cei mul\u021bumim Sfintei Parascheva c\u0103 ne-a adus \u00eempreun\u0103, cu mic cu mare, pe drumul m\u00e2ntuirii.\u00a0S\u0103 ne revedem cu bucurie \u00a0la urm\u0103toarea activitate.<\/p>\n<p>Ana Elena Dumitrescu<\/p>\n<div class=\"rl-gallery-container rl-loading\" id=\"rl-gallery-container-1\" data-gallery_id=\"5146\"> <div class=\"rl-gallery rl-basicgrid-gallery \" id=\"rl-gallery-1\" data-gallery_no=\"1\"> <div class=\"rl-gallery-item\"><a href=\"https:\/\/www.bambergorthodox.de\/wp-content\/uploads\/2022\/10\/d75f4ff2-dd7a-415b-85b5-dd033b9c9164.jpg\" title=\"\" data-rl_title=\"\" class=\"rl-gallery-link\" data-rl_caption=\"\" data-rel=\"lightbox-gallery-bGlnaHRib3gtZ2FsbGVyeS0x\" data-rl_title=\"\" data-rl_caption=\"\"><img loading=\"lazy\" decoding=\"async\" src=\"https:\/\/www.bambergorthodox.de\/wp-content\/uploads\/2022\/10\/d75f4ff2-dd7a-415b-85b5-dd033b9c9164-225x300.jpg\" width=\"225\" height=\"300\" alt=\"\" \/><\/a><\/div><div class=\"rl-gallery-item\"><a href=\"https:\/\/www.bambergorthodox.de\/wp-content\/uploads\/2022\/10\/3142e308-b6e9-4e85-8577-3441151bf014.jpg\" title=\"\" data-rl_title=\"\" class=\"rl-gallery-link\" data-rl_caption=\"\" data-rel=\"lightbox-gallery-bGlnaHRib3gtZ2FsbGVyeS0x\" data-rl_title=\"\" data-rl_caption=\"\"><img loading=\"lazy\" decoding=\"async\" src=\"https:\/\/www.bambergorthodox.de\/wp-content\/uploads\/2022\/10\/3142e308-b6e9-4e85-8577-3441151bf014-225x300.jpg\" width=\"225\" height=\"300\" alt=\"\" \/><\/a><\/div><div class=\"rl-gallery-item\"><a href=\"https:\/\/www.bambergorthodox.de\/wp-content\/uploads\/2022\/10\/b90c3be7-4a66-4303-b497-9cd5451b2737.jpg\" title=\"\" data-rl_title=\"\" class=\"rl-gallery-link\" data-rl_caption=\"\" data-rel=\"lightbox-gallery-bGlnaHRib3gtZ2FsbGVyeS0x\" data-rl_title=\"\" data-rl_caption=\"\"><img loading=\"lazy\" decoding=\"async\" src=\"https:\/\/www.bambergorthodox.de\/wp-content\/uploads\/2022\/10\/b90c3be7-4a66-4303-b497-9cd5451b2737-225x300.jpg\" width=\"225\" height=\"300\" alt=\"\" \/><\/a><\/div><div class=\"rl-gallery-item\"><a href=\"https:\/\/www.bambergorthodox.de\/wp-content\/uploads\/2022\/10\/24510fa9-efc3-45f6-ac22-ca0f4d26f8f6.jpg\" title=\"\" data-rl_title=\"\" class=\"rl-gallery-link\" data-rl_caption=\"\" data-rel=\"lightbox-gallery-bGlnaHRib3gtZ2FsbGVyeS0x\" data-rl_title=\"\" data-rl_caption=\"\"><img loading=\"lazy\" decoding=\"async\" src=\"https:\/\/www.bambergorthodox.de\/wp-content\/uploads\/2022\/10\/24510fa9-efc3-45f6-ac22-ca0f4d26f8f6-225x300.jpg\" width=\"225\" height=\"300\" alt=\"\" \/><\/a><\/div><div class=\"rl-gallery-item\"><a href=\"https:\/\/www.bambergorthodox.de\/wp-content\/uploads\/2022\/10\/cf4e7990-ed29-41d1-af89-2053db89338d.jpg\" title=\"\" data-rl_title=\"\" class=\"rl-gallery-link\" data-rl_caption=\"\" data-rel=\"lightbox-gallery-bGlnaHRib3gtZ2FsbGVyeS0x\" data-rl_title=\"\" data-rl_caption=\"\"><img loading=\"lazy\" decoding=\"async\" src=\"https:\/\/www.bambergorthodox.de\/wp-content\/uploads\/2022\/10\/cf4e7990-ed29-41d1-af89-2053db89338d-225x300.jpg\" width=\"225\" height=\"300\" alt=\"\" \/><\/a><\/div><div class=\"rl-gallery-item\"><a href=\"https:\/\/www.bambergorthodox.de\/wp-content\/uploads\/2022\/10\/IMG_8565.jpg\" title=\"\" data-rl_title=\"\" class=\"rl-gallery-link\" data-rl_caption=\"\" data-rel=\"lightbox-gallery-bGlnaHRib3gtZ2FsbGVyeS0x\" data-rl_title=\"\" data-rl_caption=\"\"><img loading=\"lazy\" decoding=\"async\" src=\"https:\/\/www.bambergorthodox.de\/wp-content\/uploads\/2022\/10\/IMG_8565-225x300.jpg\" width=\"225\" height=\"300\" alt=\"\" \/><\/a><\/div><div class=\"rl-gallery-item\"><a href=\"https:\/\/www.bambergorthodox.de\/wp-content\/uploads\/2022\/10\/IMG_8564.jpg\" title=\"\" data-rl_title=\"\" class=\"rl-gallery-link\" data-rl_caption=\"\" data-rel=\"lightbox-gallery-bGlnaHRib3gtZ2FsbGVyeS0x\" data-rl_title=\"\" data-rl_caption=\"\"><img loading=\"lazy\" decoding=\"async\" src=\"https:\/\/www.bambergorthodox.de\/wp-content\/uploads\/2022\/10\/IMG_8564-225x300.jpg\" width=\"225\" height=\"300\" alt=\"\" \/><\/a><\/div><div class=\"rl-gallery-item\"><a href=\"https:\/\/www.bambergorthodox.de\/wp-content\/uploads\/2022\/10\/IMG_8563.jpg\" title=\"\" data-rl_title=\"\" class=\"rl-gallery-link\" data-rl_caption=\"\" data-rel=\"lightbox-gallery-bGlnaHRib3gtZ2FsbGVyeS0x\" data-rl_title=\"\" data-rl_caption=\"\"><img loading=\"lazy\" decoding=\"async\" src=\"https:\/\/www.bambergorthodox.de\/wp-content\/uploads\/2022\/10\/IMG_8563-225x300.jpg\" width=\"225\" height=\"300\" alt=\"\" \/><\/a><\/div><div class=\"rl-gallery-item\"><a href=\"https:\/\/www.bambergorthodox.de\/wp-content\/uploads\/2022\/10\/IMG_8562.jpg\" title=\"\" data-rl_title=\"\" class=\"rl-gallery-link\" data-rl_caption=\"\" data-rel=\"lightbox-gallery-bGlnaHRib3gtZ2FsbGVyeS0x\" data-rl_title=\"\" data-rl_caption=\"\"><img loading=\"lazy\" decoding=\"async\" src=\"https:\/\/www.bambergorthodox.de\/wp-content\/uploads\/2022\/10\/IMG_8562-225x300.jpg\" width=\"225\" height=\"300\" alt=\"\" \/><\/a><\/div><div class=\"rl-gallery-item\"><a href=\"https:\/\/www.bambergorthodox.de\/wp-content\/uploads\/2022\/10\/IMG_8561.jpg\" title=\"\" data-rl_title=\"\" class=\"rl-gallery-link\" data-rl_caption=\"\" data-rel=\"lightbox-gallery-bGlnaHRib3gtZ2FsbGVyeS0x\" data-rl_title=\"\" data-rl_caption=\"\"><img loading=\"lazy\" decoding=\"async\" src=\"https:\/\/www.bambergorthodox.de\/wp-content\/uploads\/2022\/10\/IMG_8561-225x300.jpg\" width=\"225\" height=\"300\" alt=\"\" \/><\/a><\/div><div class=\"rl-gallery-item\"><a href=\"https:\/\/www.bambergorthodox.de\/wp-content\/uploads\/2022\/10\/a8cc8f71-3e45-4c11-9c4d-f53f080aa009.jpg\" title=\"\" data-rl_title=\"\" class=\"rl-gallery-link\" data-rl_caption=\"\" data-rel=\"lightbox-gallery-bGlnaHRib3gtZ2FsbGVyeS0x\" data-rl_title=\"\" data-rl_caption=\"\"><img loading=\"lazy\" decoding=\"async\" src=\"https:\/\/www.bambergorthodox.de\/wp-content\/uploads\/2022\/10\/a8cc8f71-3e45-4c11-9c4d-f53f080aa009-300x225.jpg\" width=\"300\" height=\"225\" alt=\"\" \/><\/a><\/div><div class=\"rl-gallery-item\"><a href=\"https:\/\/www.bambergorthodox.de\/wp-content\/uploads\/2022\/10\/0457ab3d-69aa-427f-8c2e-c67ae88b5d3d.jpg\" title=\"\" data-rl_title=\"\" class=\"rl-gallery-link\" data-rl_caption=\"\" data-rel=\"lightbox-gallery-bGlnaHRib3gtZ2FsbGVyeS0x\" data-rl_title=\"\" data-rl_caption=\"\"><img loading=\"lazy\" decoding=\"async\" src=\"https:\/\/www.bambergorthodox.de\/wp-content\/uploads\/2022\/10\/0457ab3d-69aa-427f-8c2e-c67ae88b5d3d-225x300.jpg\" width=\"225\" height=\"300\" alt=\"\" \/><\/a><\/div><div class=\"rl-gallery-item\"><a href=\"https:\/\/www.bambergorthodox.de\/wp-content\/uploads\/2022\/10\/62e9d822-47f9-43e3-be09-87c4eb8eae63.jpg\" title=\"\" data-rl_title=\"\" class=\"rl-gallery-link\" data-rl_caption=\"\" data-rel=\"lightbox-gallery-bGlnaHRib3gtZ2FsbGVyeS0x\" data-rl_title=\"\" data-rl_caption=\"\"><img loading=\"lazy\" decoding=\"async\" src=\"https:\/\/www.bambergorthodox.de\/wp-content\/uploads\/2022\/10\/62e9d822-47f9-43e3-be09-87c4eb8eae63-225x300.jpg\" width=\"225\" height=\"300\" alt=\"\" \/><\/a><\/div><div class=\"rl-gallery-item\"><a href=\"https:\/\/www.bambergorthodox.de\/wp-content\/uploads\/2022\/10\/c2e7c5d6-7bb3-42fe-81db-a49d51c36b60.jpg\" title=\"\" data-rl_title=\"\" class=\"rl-gallery-link\" data-rl_caption=\"\" data-rel=\"lightbox-gallery-bGlnaHRib3gtZ2FsbGVyeS0x\" data-rl_title=\"\" data-rl_caption=\"\"><img loading=\"lazy\" decoding=\"async\" src=\"https:\/\/www.bambergorthodox.de\/wp-content\/uploads\/2022\/10\/c2e7c5d6-7bb3-42fe-81db-a49d51c36b60-300x225.jpg\" width=\"300\" height=\"225\" alt=\"\" \/><\/a><\/div><div class=\"rl-gallery-item\"><a href=\"https:\/\/www.bambergorthodox.de\/wp-content\/uploads\/2022\/10\/9c488e55-e7c6-4b5c-b343-5cc354711443.jpg\" title=\"\" data-rl_title=\"\" class=\"rl-gallery-link\" data-rl_caption=\"\" data-rel=\"lightbox-gallery-bGlnaHRib3gtZ2FsbGVyeS0x\" data-rl_title=\"\" data-rl_caption=\"\"><img loading=\"lazy\" decoding=\"async\" src=\"https:\/\/www.bambergorthodox.de\/wp-content\/uploads\/2022\/10\/9c488e55-e7c6-4b5c-b343-5cc354711443-300x225.jpg\" width=\"300\" height=\"225\" alt=\"\" \/><\/a><\/div><div class=\"rl-gallery-item\"><a href=\"https:\/\/www.bambergorthodox.de\/wp-content\/uploads\/2022\/10\/b07c2dd0-e4dd-4d95-a22f-b1f113f86b79.jpg\" title=\"\" data-rl_title=\"\" class=\"rl-gallery-link\" data-rl_caption=\"\" data-rel=\"lightbox-gallery-bGlnaHRib3gtZ2FsbGVyeS0x\" data-rl_title=\"\" data-rl_caption=\"\"><img loading=\"lazy\" decoding=\"async\" src=\"https:\/\/www.bambergorthodox.de\/wp-content\/uploads\/2022\/10\/b07c2dd0-e4dd-4d95-a22f-b1f113f86b79-225x300.jpg\" width=\"225\" height=\"300\" alt=\"\" \/><\/a><\/div><div class=\"rl-gallery-item\"><a href=\"https:\/\/www.bambergorthodox.de\/wp-content\/uploads\/2022\/10\/61475210-b4aa-460e-98dc-0938806de06d.jpg\" title=\"\" data-rl_title=\"\" class=\"rl-gallery-link\" data-rl_caption=\"\" data-rel=\"lightbox-gallery-bGlnaHRib3gtZ2FsbGVyeS0x\" data-rl_title=\"\" data-rl_caption=\"\"><img loading=\"lazy\" decoding=\"async\" src=\"https:\/\/www.bambergorthodox.de\/wp-content\/uploads\/2022\/10\/61475210-b4aa-460e-98dc-0938806de06d-300x225.jpg\" width=\"300\" height=\"225\" alt=\"\" \/><\/a><\/div><div class=\"rl-gallery-item\"><a href=\"https:\/\/www.bambergorthodox.de\/wp-content\/uploads\/2022\/10\/93ea926f-cfea-4615-86df-ef99119a3019.jpg\" title=\"\" data-rl_title=\"\" class=\"rl-gallery-link\" data-rl_caption=\"\" data-rel=\"lightbox-gallery-bGlnaHRib3gtZ2FsbGVyeS0x\" data-rl_title=\"\" data-rl_caption=\"\"><img loading=\"lazy\" decoding=\"async\" src=\"https:\/\/www.bambergorthodox.de\/wp-content\/uploads\/2022\/10\/93ea926f-cfea-4615-86df-ef99119a3019-225x300.jpg\" width=\"225\" height=\"300\" alt=\"\" \/><\/a><\/div><div class=\"rl-gallery-item\"><a href=\"https:\/\/www.bambergorthodox.de\/wp-content\/uploads\/2022\/10\/ddaf3787-0368-41eb-8011-4d76f29edbc2.jpg\" title=\"\" data-rl_title=\"\" class=\"rl-gallery-link\" data-rl_caption=\"\" data-rel=\"lightbox-gallery-bGlnaHRib3gtZ2FsbGVyeS0x\" data-rl_title=\"\" data-rl_caption=\"\"><img loading=\"lazy\" decoding=\"async\" src=\"https:\/\/www.bambergorthodox.de\/wp-content\/uploads\/2022\/10\/ddaf3787-0368-41eb-8011-4d76f29edbc2-225x300.jpg\" width=\"225\" height=\"300\" alt=\"\" \/><\/a><\/div><div class=\"rl-gallery-item\"><a href=\"https:\/\/www.bambergorthodox.de\/wp-content\/uploads\/2022\/10\/b369f936-290c-48b1-a766-ce23c7e88963.jpg\" title=\"\" data-rl_title=\"\" class=\"rl-gallery-link\" data-rl_caption=\"\" data-rel=\"lightbox-gallery-bGlnaHRib3gtZ2FsbGVyeS0x\" data-rl_title=\"\" data-rl_caption=\"\"><img loading=\"lazy\" decoding=\"async\" src=\"https:\/\/www.bambergorthodox.de\/wp-content\/uploads\/2022\/10\/b369f936-290c-48b1-a766-ce23c7e88963-225x300.jpg\" width=\"225\" height=\"300\" alt=\"\" \/><\/a><\/div><div class=\"rl-gallery-item\"><a href=\"https:\/\/www.bambergorthodox.de\/wp-content\/uploads\/2022\/10\/c67d84a1-5c0e-49c2-a631-71156706dcab.jpg\" title=\"\" data-rl_title=\"\" class=\"rl-gallery-link\" data-rl_caption=\"\" data-rel=\"lightbox-gallery-bGlnaHRib3gtZ2FsbGVyeS0x\" data-rl_title=\"\" data-rl_caption=\"\"><img loading=\"lazy\" decoding=\"async\" src=\"https:\/\/www.bambergorthodox.de\/wp-content\/uploads\/2022\/10\/c67d84a1-5c0e-49c2-a631-71156706dcab-225x300.jpg\" width=\"225\" height=\"300\" alt=\"\" \/><\/a><\/div><div class=\"rl-gallery-item\"><a href=\"https:\/\/www.bambergorthodox.de\/wp-content\/uploads\/2022\/10\/87a2117a-2e44-410e-af1f-1c609895f948.jpg\" title=\"\" data-rl_title=\"\" class=\"rl-gallery-link\" data-rl_caption=\"\" data-rel=\"lightbox-gallery-bGlnaHRib3gtZ2FsbGVyeS0x\" data-rl_title=\"\" data-rl_caption=\"\"><img loading=\"lazy\" decoding=\"async\" src=\"https:\/\/www.bambergorthodox.de\/wp-content\/uploads\/2022\/10\/87a2117a-2e44-410e-af1f-1c609895f948-225x300.jpg\" width=\"225\" height=\"300\" alt=\"\" \/><\/a><\/div><div class=\"rl-gallery-item\"><a href=\"https:\/\/www.bambergorthodox.de\/wp-content\/uploads\/2022\/10\/ce4003d1-3327-4dd9-8de6-8eaf0e839892.jpg\" title=\"\" data-rl_title=\"\" class=\"rl-gallery-link\" data-rl_caption=\"\" data-rel=\"lightbox-gallery-bGlnaHRib3gtZ2FsbGVyeS0x\" data-rl_title=\"\" data-rl_caption=\"\"><img loading=\"lazy\" decoding=\"async\" src=\"https:\/\/www.bambergorthodox.de\/wp-content\/uploads\/2022\/10\/ce4003d1-3327-4dd9-8de6-8eaf0e839892-225x300.jpg\" width=\"225\" height=\"300\" alt=\"\" \/><\/a><\/div> <\/div> <\/div>","protected":false},"excerpt":{"rendered":"<p>\u00cen ajunul s\u0103rb\u0103torii Sfintei Parascheva (Hramul Bisericii noastre) copiii s-au reunit pentru a crea \u00eempreun\u0103 mici candele.\u00a0Au ar\u0103tat o r\u0103bdare deosebita \u00een a zugr\u0103vi chipul Sfintei pe h\u00e2rtie transparent\u0103, dup\u0103 care au \u00eempodobit candelele cu flori \u0219i stele.\u00a0Mul\u021bumim p\u0103rin\u021bilor c\u0103 au fost al\u0103turi \u0219i s-au implicat cu bucurie \u00een momentele \u00een care copiii au avut &#8230; <a class=\"read-more\" href=\"https:\/\/www.bambergorthodox.de\/?p=5170\">Read more&#8230;<\/a><\/p>\n","protected":false},"author":1,"featured_media":0,"comment_status":"closed","ping_status":"open","sticky":false,"template":"","format":"standard","meta":{"jetpack_post_was_ever_published":false,"_jetpack_newsletter_access":"","_jetpack_dont_email_post_to_subs":false,"_jetpack_newsletter_tier_id":0,"_jetpack_memberships_contains_paywalled_content":false,"_jetpack_memberships_contains_paid_content":false,"footnotes":"","jetpack_publicize_message":"","jetpack_publicize_feature_enabled":true,"jetpack_social_post_already_shared":false,"jetpack_social_options":{"image_generator_settings":{"template":"highway","default_image_id":0,"font":"","enabled":false},"version":2}},"categories":[5],"tags":[],"class_list":["post-5170","post","type-post","status-publish","format-standard","hentry","category-text_menue"],"jetpack_publicize_connections":[],"jetpack_featured_media_url":"","jetpack_sharing_enabled":true,"jetpack_shortlink":"https:\/\/wp.me\/s93ZOd-5170","_links":{"self":[{"href":"https:\/\/www.bambergorthodox.de\/index.php?rest_route=\/wp\/v2\/posts\/5170","targetHints":{"allow":["GET"]}}],"collection":[{"href":"https:\/\/www.bambergorthodox.de\/index.php?rest_route=\/wp\/v2\/posts"}],"about":[{"href":"https:\/\/www.bambergorthodox.de\/index.php?rest_route=\/wp\/v2\/types\/post"}],"author":[{"embeddable":true,"href":"https:\/\/www.bambergorthodox.de\/index.php?rest_route=\/wp\/v2\/users\/1"}],"replies":[{"embeddable":true,"href":"https:\/\/www.bambergorthodox.de\/index.php?rest_route=%2Fwp%2Fv2%2Fcomments&post=5170"}],"version-history":[{"count":4,"href":"https:\/\/www.bambergorthodox.de\/index.php?rest_route=\/wp\/v2\/posts\/5170\/revisions"}],"predecessor-version":[{"id":5174,"href":"https:\/\/www.bambergorthodox.de\/index.php?rest_route=\/wp\/v2\/posts\/5170\/revisions\/5174"}],"wp:attachment":[{"href":"https:\/\/www.bambergorthodox.de\/index.php?rest_route=%2Fwp%2Fv2%2Fmedia&parent=5170"}],"wp:term":[{"taxonomy":"category","embeddable":true,"href":"https:\/\/www.bambergorthodox.de\/index.php?rest_route=%2Fwp%2Fv2%2Fcategories&post=5170"},{"taxonomy":"post_tag","embeddable":true,"href":"https:\/\/www.bambergorthodox.de\/index.php?rest_route=%2Fwp%2Fv2%2Ftags&post=5170"}],"curies":[{"name":"wp","href":"https:\/\/api.w.org\/{rel}","templated":true}]}}