{"id":5116,"date":"2022-07-17T21:54:30","date_gmt":"2022-07-17T19:54:30","guid":{"rendered":"https:\/\/www.bambergorthodox.de\/?p=5116"},"modified":"2022-07-19T18:51:00","modified_gmt":"2022-07-19T16:51:00","slug":"pelerinaj-la-wurzburg-pe-urmele-sfintilor-ocrotitori","status":"publish","type":"post","link":"https:\/\/www.bambergorthodox.de\/?p=5116","title":{"rendered":"Pelerinaj la W\u00fcrzburg | Pe urmele sfin\u021bilor ocrotitori"},"content":{"rendered":"<a  href=\"https:\/\/www.bambergorthodox.de\/wp-content\/uploads\/2022\/07\/41331a89-b842-4285-8234-da040f3a4a0d.jpg\" data-rel=\"lightbox-gallery-2\" data-rl_title=\"\" data-rl_caption=\"\" title=\"\"><img loading=\"lazy\" decoding=\"async\" class=\"size-medium wp-image-5117 alignleft\" src=\"https:\/\/www.bambergorthodox.de\/wp-content\/uploads\/2022\/07\/41331a89-b842-4285-8234-da040f3a4a0d-300x225.jpg\" alt=\"\" width=\"300\" height=\"225\" srcset=\"https:\/\/www.bambergorthodox.de\/wp-content\/uploads\/2022\/07\/41331a89-b842-4285-8234-da040f3a4a0d-300x225.jpg 300w, https:\/\/www.bambergorthodox.de\/wp-content\/uploads\/2022\/07\/41331a89-b842-4285-8234-da040f3a4a0d-1024x768.jpg 1024w, https:\/\/www.bambergorthodox.de\/wp-content\/uploads\/2022\/07\/41331a89-b842-4285-8234-da040f3a4a0d-768x576.jpg 768w, https:\/\/www.bambergorthodox.de\/wp-content\/uploads\/2022\/07\/41331a89-b842-4285-8234-da040f3a4a0d-1536x1152.jpg 1536w, https:\/\/www.bambergorthodox.de\/wp-content\/uploads\/2022\/07\/41331a89-b842-4285-8234-da040f3a4a0d.jpg 1600w\" sizes=\"auto, (max-width: 300px) 100vw, 300px\" \/><\/a>S\u00e2mb\u0103t\u0103, 16 iulie 2022, s-a \u00eemplinit o dorin\u021b\u0103 mai veche a comunit\u0103\u021bii noastre, aceea de a ajunge \u00eempreun\u0103 la W\u00fcrzburg, la moa\u0219tele sfin\u021bilor ocrotitori Kilian, Kolonat \u0219i Totnan. Ne afl\u0103m \u00eenc\u0103 sub impresia duhovniceasc\u0103 a hramului de var\u0103, \u00een preajma zilei sfin\u021bilor.<span class=\"Apple-converted-space\">\u00a0<\/span><\/p>\n<p>Pelerinajul a inclus cele dou\u0103 biserici principale ale ora\u0219ului, Dom \u0219i Neum\u00fcnster, legate str\u00e2ns de via\u021ba \u0219i lucrarea acestor martiri ai bisericii cre\u0219tine.\u00a0Fiind circa 35 de pelerini, ne-am \u00eemp\u0103r\u021bit in dou\u0103 grupe ghidate profesionist de doi angaja\u021bi ai biroului de turism al ora\u0219ului.<span class=\"Apple-converted-space\">\u00a0<\/span><!--more--><\/p>\n<p>Dac\u0103 Dom-ul din W\u00fcrzburg p\u0103streaz\u0103 \u00een altar la loc de cinste racla cu capetele celor trei martiri, \u00een Neum\u00fcnster ne-am putut \u00eenchina \u0219i ruga \u00een capela Sf. Kilian, unde se afla o parte din moa\u0219tele Sf\u00e2ntului. Aici, grupurile reunite s-au rugat \u00eempreun\u0103 \u0219i au c\u00e2ntat troparul sfin\u021bilor \u0219i Ap\u0103r\u0103toare Doamn\u0103.<\/p>\n<p>Ne-am l\u0103sat purta\u021bi de profunzimea credin\u021bei \u0219i a culturii, care au produs o civiliza\u021bie cre\u0219tin\u0103 at\u00e2t de \u00eenalt\u0103, ce nu va fi biruit\u0103 \u00een veac.\u00a0Astfel s-a \u00eencheiat primul pelerinaj al comunit\u0103\u021bii noastre, cu convingerea de a instaura o tradi\u021bie \u0219i \u00een aceast\u0103 privin\u021b\u0103. Vom descoperi cu siguran\u021b\u0103 frumuse\u021bi \u0219i locuri noi, unele chiar \u00een imediata noastr\u0103 apropiere.<span class=\"Apple-converted-space\">\u00a0<\/span><\/p>\n<p>Slav\u0103 \u021bie Doamne pentru toate, Slav\u0103 \u021aie!<\/p>\n<p>Aurelian Gurgu\u021b\u0103<\/p>\n<div class=\"rl-gallery-container rl-loading\" id=\"rl-gallery-container-1\" data-gallery_id=\"5119\"> <div class=\"rl-gallery rl-basicgrid-gallery \" id=\"rl-gallery-1\" data-gallery_no=\"1\"> <div class=\"rl-gallery-item\"><a href=\"https:\/\/www.bambergorthodox.de\/wp-content\/uploads\/2022\/07\/932dbb6f-78a5-4dcd-8a24-f7158555a90e.jpg\" title=\"\" data-rl_title=\"\" class=\"rl-gallery-link\" data-rl_caption=\"\" data-rel=\"lightbox-gallery-bGlnaHRib3gtZ2FsbGVyeS0x\" data-rl_title=\"\" data-rl_caption=\"\"><img loading=\"lazy\" decoding=\"async\" src=\"https:\/\/www.bambergorthodox.de\/wp-content\/uploads\/2022\/07\/932dbb6f-78a5-4dcd-8a24-f7158555a90e-225x300.jpg\" width=\"225\" height=\"300\" alt=\"\" \/><\/a><\/div><div class=\"rl-gallery-item\"><a href=\"https:\/\/www.bambergorthodox.de\/wp-content\/uploads\/2022\/07\/2e74cf48-3869-4abc-b292-66bf45decada.jpg\" title=\"\" data-rl_title=\"\" class=\"rl-gallery-link\" data-rl_caption=\"\" data-rel=\"lightbox-gallery-bGlnaHRib3gtZ2FsbGVyeS0x\" data-rl_title=\"\" data-rl_caption=\"\"><img loading=\"lazy\" decoding=\"async\" src=\"https:\/\/www.bambergorthodox.de\/wp-content\/uploads\/2022\/07\/2e74cf48-3869-4abc-b292-66bf45decada-300x169.jpg\" width=\"300\" height=\"169\" alt=\"\" \/><\/a><\/div><div class=\"rl-gallery-item\"><a href=\"https:\/\/www.bambergorthodox.de\/wp-content\/uploads\/2022\/07\/96ed0afa-d15b-432f-8010-671dc1a21148.jpg\" title=\"\" data-rl_title=\"\" class=\"rl-gallery-link\" data-rl_caption=\"\" data-rel=\"lightbox-gallery-bGlnaHRib3gtZ2FsbGVyeS0x\" data-rl_title=\"\" data-rl_caption=\"\"><img loading=\"lazy\" decoding=\"async\" src=\"https:\/\/www.bambergorthodox.de\/wp-content\/uploads\/2022\/07\/96ed0afa-d15b-432f-8010-671dc1a21148-225x300.jpg\" width=\"225\" height=\"300\" alt=\"\" \/><\/a><\/div><div class=\"rl-gallery-item\"><a href=\"https:\/\/www.bambergorthodox.de\/wp-content\/uploads\/2022\/07\/8638cfa8-134b-418e-9fd8-146513b77686.jpg\" title=\"\" data-rl_title=\"\" class=\"rl-gallery-link\" data-rl_caption=\"\" data-rel=\"lightbox-gallery-bGlnaHRib3gtZ2FsbGVyeS0x\" data-rl_title=\"\" data-rl_caption=\"\"><img loading=\"lazy\" decoding=\"async\" src=\"https:\/\/www.bambergorthodox.de\/wp-content\/uploads\/2022\/07\/8638cfa8-134b-418e-9fd8-146513b77686-225x300.jpg\" width=\"225\" height=\"300\" alt=\"\" \/><\/a><\/div><div class=\"rl-gallery-item\"><a href=\"https:\/\/www.bambergorthodox.de\/wp-content\/uploads\/2022\/07\/a36a05e6-266d-46bb-b284-d4fec17d2037.jpg\" title=\"\" data-rl_title=\"\" class=\"rl-gallery-link\" data-rl_caption=\"\" data-rel=\"lightbox-gallery-bGlnaHRib3gtZ2FsbGVyeS0x\" data-rl_title=\"\" data-rl_caption=\"\"><img loading=\"lazy\" decoding=\"async\" src=\"https:\/\/www.bambergorthodox.de\/wp-content\/uploads\/2022\/07\/a36a05e6-266d-46bb-b284-d4fec17d2037-225x300.jpg\" width=\"225\" height=\"300\" alt=\"\" \/><\/a><\/div><div class=\"rl-gallery-item\"><a href=\"https:\/\/www.bambergorthodox.de\/wp-content\/uploads\/2022\/07\/bc0ed400-5d98-40e9-b578-bd8c1c1b64b1.jpg\" title=\"\" data-rl_title=\"\" class=\"rl-gallery-link\" data-rl_caption=\"\" data-rel=\"lightbox-gallery-bGlnaHRib3gtZ2FsbGVyeS0x\" data-rl_title=\"\" data-rl_caption=\"\"><img loading=\"lazy\" decoding=\"async\" src=\"https:\/\/www.bambergorthodox.de\/wp-content\/uploads\/2022\/07\/bc0ed400-5d98-40e9-b578-bd8c1c1b64b1-225x300.jpg\" width=\"225\" height=\"300\" alt=\"\" \/><\/a><\/div><div class=\"rl-gallery-item\"><a href=\"https:\/\/www.bambergorthodox.de\/wp-content\/uploads\/2022\/07\/41331a89-b842-4285-8234-da040f3a4a0d-1.jpg\" title=\"\" data-rl_title=\"\" class=\"rl-gallery-link\" data-rl_caption=\"\" data-rel=\"lightbox-gallery-bGlnaHRib3gtZ2FsbGVyeS0x\" data-rl_title=\"\" data-rl_caption=\"\"><img loading=\"lazy\" decoding=\"async\" src=\"https:\/\/www.bambergorthodox.de\/wp-content\/uploads\/2022\/07\/41331a89-b842-4285-8234-da040f3a4a0d-1-300x225.jpg\" width=\"300\" height=\"225\" alt=\"\" \/><\/a><\/div><div class=\"rl-gallery-item\"><a href=\"https:\/\/www.bambergorthodox.de\/wp-content\/uploads\/2022\/07\/c48bc2bd-65ac-4a27-a312-8fd6cbe9d548.jpg\" title=\"\" data-rl_title=\"\" class=\"rl-gallery-link\" data-rl_caption=\"\" data-rel=\"lightbox-gallery-bGlnaHRib3gtZ2FsbGVyeS0x\" data-rl_title=\"\" data-rl_caption=\"\"><img loading=\"lazy\" decoding=\"async\" src=\"https:\/\/www.bambergorthodox.de\/wp-content\/uploads\/2022\/07\/c48bc2bd-65ac-4a27-a312-8fd6cbe9d548-300x135.jpg\" width=\"300\" height=\"135\" alt=\"\" \/><\/a><\/div><div class=\"rl-gallery-item\"><a href=\"https:\/\/www.bambergorthodox.de\/wp-content\/uploads\/2022\/07\/a6a44680-a69a-481e-bfd4-3393aefa5b41.jpg\" title=\"\" data-rl_title=\"\" class=\"rl-gallery-link\" data-rl_caption=\"\" data-rel=\"lightbox-gallery-bGlnaHRib3gtZ2FsbGVyeS0x\" data-rl_title=\"\" data-rl_caption=\"\"><img loading=\"lazy\" decoding=\"async\" src=\"https:\/\/www.bambergorthodox.de\/wp-content\/uploads\/2022\/07\/a6a44680-a69a-481e-bfd4-3393aefa5b41-300x135.jpg\" width=\"300\" height=\"135\" alt=\"\" \/><\/a><\/div><div class=\"rl-gallery-item\"><a href=\"https:\/\/www.bambergorthodox.de\/wp-content\/uploads\/2022\/07\/ebd717c2-c21f-4d0f-9e0f-1bacd590348e.jpg\" title=\"\" data-rl_title=\"\" class=\"rl-gallery-link\" data-rl_caption=\"\" data-rel=\"lightbox-gallery-bGlnaHRib3gtZ2FsbGVyeS0x\" data-rl_title=\"\" data-rl_caption=\"\"><img loading=\"lazy\" decoding=\"async\" src=\"https:\/\/www.bambergorthodox.de\/wp-content\/uploads\/2022\/07\/ebd717c2-c21f-4d0f-9e0f-1bacd590348e-300x135.jpg\" width=\"300\" height=\"135\" alt=\"\" \/><\/a><\/div><div class=\"rl-gallery-item\"><a href=\"https:\/\/www.bambergorthodox.de\/wp-content\/uploads\/2022\/07\/f9fb9922-6858-4818-8d2a-90857fab256e.jpg\" title=\"\" data-rl_title=\"\" class=\"rl-gallery-link\" data-rl_caption=\"\" data-rel=\"lightbox-gallery-bGlnaHRib3gtZ2FsbGVyeS0x\" data-rl_title=\"\" data-rl_caption=\"\"><img loading=\"lazy\" decoding=\"async\" src=\"https:\/\/www.bambergorthodox.de\/wp-content\/uploads\/2022\/07\/f9fb9922-6858-4818-8d2a-90857fab256e-135x300.jpg\" width=\"135\" height=\"300\" alt=\"\" \/><\/a><\/div><div class=\"rl-gallery-item\"><a href=\"https:\/\/www.bambergorthodox.de\/wp-content\/uploads\/2022\/07\/0ad4ec2c-f482-4e54-8128-693c7ccfb8e1.jpg\" title=\"\" data-rl_title=\"\" class=\"rl-gallery-link\" data-rl_caption=\"\" data-rel=\"lightbox-gallery-bGlnaHRib3gtZ2FsbGVyeS0x\" data-rl_title=\"\" data-rl_caption=\"\"><img loading=\"lazy\" decoding=\"async\" src=\"https:\/\/www.bambergorthodox.de\/wp-content\/uploads\/2022\/07\/0ad4ec2c-f482-4e54-8128-693c7ccfb8e1-300x135.jpg\" width=\"300\" height=\"135\" alt=\"\" \/><\/a><\/div><div class=\"rl-gallery-item\"><a href=\"https:\/\/www.bambergorthodox.de\/wp-content\/uploads\/2022\/07\/1affe715-5a32-4807-bb40-ab840533d580.jpg\" title=\"\" data-rl_title=\"\" class=\"rl-gallery-link\" data-rl_caption=\"\" data-rel=\"lightbox-gallery-bGlnaHRib3gtZ2FsbGVyeS0x\" data-rl_title=\"\" data-rl_caption=\"\"><img loading=\"lazy\" decoding=\"async\" src=\"https:\/\/www.bambergorthodox.de\/wp-content\/uploads\/2022\/07\/1affe715-5a32-4807-bb40-ab840533d580-225x300.jpg\" width=\"225\" height=\"300\" alt=\"\" \/><\/a><\/div><div class=\"rl-gallery-item\"><a href=\"https:\/\/www.bambergorthodox.de\/wp-content\/uploads\/2022\/07\/47891f24-2300-49a9-a63e-27fd234a1ea0.jpg\" title=\"\" data-rl_title=\"\" class=\"rl-gallery-link\" data-rl_caption=\"\" data-rel=\"lightbox-gallery-bGlnaHRib3gtZ2FsbGVyeS0x\" data-rl_title=\"\" data-rl_caption=\"\"><img loading=\"lazy\" decoding=\"async\" src=\"https:\/\/www.bambergorthodox.de\/wp-content\/uploads\/2022\/07\/47891f24-2300-49a9-a63e-27fd234a1ea0-300x225.jpg\" width=\"300\" height=\"225\" alt=\"\" \/><\/a><\/div><div class=\"rl-gallery-item\"><a href=\"https:\/\/www.bambergorthodox.de\/wp-content\/uploads\/2022\/07\/18d4792d-a0f0-4f15-b22a-ccb87684d850.jpg\" title=\"\" data-rl_title=\"\" class=\"rl-gallery-link\" data-rl_caption=\"\" data-rel=\"lightbox-gallery-bGlnaHRib3gtZ2FsbGVyeS0x\" data-rl_title=\"\" data-rl_caption=\"\"><img loading=\"lazy\" decoding=\"async\" src=\"https:\/\/www.bambergorthodox.de\/wp-content\/uploads\/2022\/07\/18d4792d-a0f0-4f15-b22a-ccb87684d850-225x300.jpg\" width=\"225\" height=\"300\" alt=\"\" \/><\/a><\/div><div class=\"rl-gallery-item\"><a href=\"https:\/\/www.bambergorthodox.de\/wp-content\/uploads\/2022\/07\/f36df99d-041f-4138-b2c1-b36fb1a1cd3e.jpg\" title=\"\" data-rl_title=\"\" class=\"rl-gallery-link\" data-rl_caption=\"\" data-rel=\"lightbox-gallery-bGlnaHRib3gtZ2FsbGVyeS0x\" data-rl_title=\"\" data-rl_caption=\"\"><img loading=\"lazy\" decoding=\"async\" src=\"https:\/\/www.bambergorthodox.de\/wp-content\/uploads\/2022\/07\/f36df99d-041f-4138-b2c1-b36fb1a1cd3e-225x300.jpg\" width=\"225\" height=\"300\" alt=\"\" \/><\/a><\/div><div class=\"rl-gallery-item\"><a href=\"https:\/\/www.bambergorthodox.de\/wp-content\/uploads\/2022\/07\/fa75e9ed-4309-4f78-b217-4f862013bbf9.jpg\" title=\"\" data-rl_title=\"\" class=\"rl-gallery-link\" data-rl_caption=\"\" data-rel=\"lightbox-gallery-bGlnaHRib3gtZ2FsbGVyeS0x\" data-rl_title=\"\" data-rl_caption=\"\"><img loading=\"lazy\" decoding=\"async\" src=\"https:\/\/www.bambergorthodox.de\/wp-content\/uploads\/2022\/07\/fa75e9ed-4309-4f78-b217-4f862013bbf9-225x300.jpg\" width=\"225\" height=\"300\" alt=\"\" \/><\/a><\/div> <\/div> <\/div>","protected":false},"excerpt":{"rendered":"<p>S\u00e2mb\u0103t\u0103, 16 iulie 2022, s-a \u00eemplinit o dorin\u021b\u0103 mai veche a comunit\u0103\u021bii noastre, aceea de a ajunge \u00eempreun\u0103 la W\u00fcrzburg, la moa\u0219tele sfin\u021bilor ocrotitori Kilian, Kolonat \u0219i Totnan. Ne afl\u0103m \u00eenc\u0103 sub impresia duhovniceasc\u0103 a hramului de var\u0103, \u00een preajma zilei sfin\u021bilor.\u00a0 Pelerinajul a inclus cele dou\u0103 biserici principale ale ora\u0219ului, Dom \u0219i Neum\u00fcnster, legate &#8230; <a class=\"read-more\" href=\"https:\/\/www.bambergorthodox.de\/?p=5116\">Read more&#8230;<\/a><\/p>\n","protected":false},"author":1,"featured_media":0,"comment_status":"closed","ping_status":"open","sticky":false,"template":"","format":"standard","meta":{"jetpack_post_was_ever_published":false,"_jetpack_newsletter_access":"","_jetpack_dont_email_post_to_subs":false,"_jetpack_newsletter_tier_id":0,"_jetpack_memberships_contains_paywalled_content":false,"_jetpack_memberships_contains_paid_content":false,"footnotes":"","jetpack_publicize_message":"","jetpack_publicize_feature_enabled":true,"jetpack_social_post_already_shared":false,"jetpack_social_options":{"image_generator_settings":{"template":"highway","default_image_id":0,"font":"","enabled":false},"version":2}},"categories":[5],"tags":[],"class_list":["post-5116","post","type-post","status-publish","format-standard","hentry","category-text_menue"],"jetpack_publicize_connections":[],"jetpack_featured_media_url":"","jetpack_sharing_enabled":true,"jetpack_shortlink":"https:\/\/wp.me\/p93ZOd-1kw","_links":{"self":[{"href":"https:\/\/www.bambergorthodox.de\/index.php?rest_route=\/wp\/v2\/posts\/5116","targetHints":{"allow":["GET"]}}],"collection":[{"href":"https:\/\/www.bambergorthodox.de\/index.php?rest_route=\/wp\/v2\/posts"}],"about":[{"href":"https:\/\/www.bambergorthodox.de\/index.php?rest_route=\/wp\/v2\/types\/post"}],"author":[{"embeddable":true,"href":"https:\/\/www.bambergorthodox.de\/index.php?rest_route=\/wp\/v2\/users\/1"}],"replies":[{"embeddable":true,"href":"https:\/\/www.bambergorthodox.de\/index.php?rest_route=%2Fwp%2Fv2%2Fcomments&post=5116"}],"version-history":[{"count":4,"href":"https:\/\/www.bambergorthodox.de\/index.php?rest_route=\/wp\/v2\/posts\/5116\/revisions"}],"predecessor-version":[{"id":5140,"href":"https:\/\/www.bambergorthodox.de\/index.php?rest_route=\/wp\/v2\/posts\/5116\/revisions\/5140"}],"wp:attachment":[{"href":"https:\/\/www.bambergorthodox.de\/index.php?rest_route=%2Fwp%2Fv2%2Fmedia&parent=5116"}],"wp:term":[{"taxonomy":"category","embeddable":true,"href":"https:\/\/www.bambergorthodox.de\/index.php?rest_route=%2Fwp%2Fv2%2Fcategories&post=5116"},{"taxonomy":"post_tag","embeddable":true,"href":"https:\/\/www.bambergorthodox.de\/index.php?rest_route=%2Fwp%2Fv2%2Ftags&post=5116"}],"curies":[{"name":"wp","href":"https:\/\/api.w.org\/{rel}","templated":true}]}}