{"id":507,"date":"2016-03-15T08:01:22","date_gmt":"2016-03-15T07:01:22","guid":{"rendered":"http:\/\/www.bambergorthodox.de\/?p=507"},"modified":"2018-02-17T09:57:48","modified_gmt":"2018-02-17T08:57:48","slug":"liturghia-baptismala-la-inceput-de-post-mare-in-bamberg","status":"publish","type":"post","link":"https:\/\/www.bambergorthodox.de\/?p=507","title":{"rendered":"Liturghia baptismal\u0103 &#8211; la \u00eenceput de Post Mare \u00een Bamberg"},"content":{"rendered":"<p style=\"text-align: left;\"><em><a  href=\"https:\/\/www.bambergorthodox.de\/wp-content\/uploads\/2016\/03\/DSC02438.jpg\" data-rel=\"lightbox-gallery-0\" data-rl_title=\"\" data-rl_caption=\"\" title=\"\"><img loading=\"lazy\" decoding=\"async\" class=\"size-medium wp-image-508 alignleft\" src=\"https:\/\/www.bambergorthodox.de\/wp-content\/uploads\/2016\/03\/DSC02438-300x200.jpg\" alt=\"DSC02438\" width=\"300\" height=\"200\" srcset=\"https:\/\/www.bambergorthodox.de\/wp-content\/uploads\/2016\/03\/DSC02438-300x200.jpg 300w, https:\/\/www.bambergorthodox.de\/wp-content\/uploads\/2016\/03\/DSC02438-1024x682.jpg 1024w\" sizes=\"auto, (max-width: 300px) 100vw, 300px\" \/><\/a>Parohia ortodox\u0103 rom\u00e2n\u0103 cu hramul \u201eSf. Cuv. Parascheva\u201d din Bamberg a avut s\u00e2mb\u0103t\u0103, 12 martie, bucuria de a tr\u0103i momente duhovnice\u0219ti deosebite prilejuite de vizita \u00cenaltpreasfin\u021bitului P\u0103rinte Dr. Serafim, Mitropolitul Germaniei, Europei Centrale \u0219i de Nord. \u00cenaltpreasfin\u021bia Sa a slujit Sf\u00e2nta Liturghie baptismal\u0103, \u00eenconjurat de un sobor de preo\u021bi \u0219i diaconi, \u00een cadrul c\u0103reia a botezat pe prunca Ioana, al doilea copil al familiei p\u0103rintelui paroh drd. Ionu\u021b P\u0103un.<\/em><!--more--><\/p>\n<p>La sf\u00e2r\u0219itul slujbei P\u0103rintele Mitropolit a predicat oamenilor despre na\u0219terea de prunci ca rod al rug\u0103ciunii curate \u0219i st\u0103ruitoare \u0219i a felicitat pe p\u0103rintele paroh \u0219i pe doamna preoteas\u0103 Mihaela pentru darul primit de la Dumnezeu. \u00cen continuare a vorbit \u0219i despre postul cre\u0219tinului, \u00eendemn\u00e2nd pe credincio\u0219i s\u0103 asculte cu mare aten\u021bie pastorala de a doua zi, \u00een care se men\u021bioneaz\u0103 persecu\u021biile cre\u0219tinilor \u00een lume. Apoi a citit rug\u0103ciunea de dezlegare tuturor celor prezen\u021bi pentru \u00eenceputul de Post Mare.<\/p>\n<p>La acest eveniment deosebit pentru comunitate, credincio\u0219ii parohiei au participat \u00een num\u0103r mare, dorind astfel s\u0103-\u0219i manifeste dragostea pentru familia p\u0103rintelui. R\u0103spunsurile liturgice la Sf\u00e2nta Liturghie au fost date de corul mitropolitan &#8222;Sfin\u021bii Martiri Br\u00e2ncoveni&#8221; din N\u00fcrnberg, dirijat de dr. Claudiu P\u0103tra\u0219cu.<\/p>\n<p>A doua zi, \u00een duminica Izgonirii lui Adam din Rai, numit\u0103 \u0219i a iert\u0103rii, Sf\u00e2nta Liturghie a fost slujit\u0103 tot \u00een sobor de preo\u021bi, al\u0103turi de p\u0103rintele paroh slujind p\u0103rintele Cosmin Laz\u0103r, bursier la Institutul din Paderborn.<\/p>\n<p><a  href=\"https:\/\/www.bambergorthodox.de\/wp-content\/uploads\/2016\/03\/DSC02399.jpg\" data-rel=\"lightbox-gallery-0\" data-rl_title=\"\" data-rl_caption=\"\" title=\"\"><img loading=\"lazy\" decoding=\"async\" class=\"alignnone wp-image-511 size-thumbnail\" src=\"https:\/\/www.bambergorthodox.de\/wp-content\/uploads\/2016\/03\/DSC02399-150x150.jpg\" alt=\"DSC02399\" width=\"150\" height=\"150\" \/><\/a> <a  href=\"https:\/\/www.bambergorthodox.de\/wp-content\/uploads\/2016\/03\/DSC02402.jpg\" data-rel=\"lightbox-gallery-0\" data-rl_title=\"\" data-rl_caption=\"\" title=\"\"><img loading=\"lazy\" decoding=\"async\" class=\"alignnone wp-image-512 size-thumbnail\" src=\"https:\/\/www.bambergorthodox.de\/wp-content\/uploads\/2016\/03\/DSC02402-150x150.jpg\" alt=\"DSC02402\" width=\"150\" height=\"150\" \/><\/a> <a  href=\"https:\/\/www.bambergorthodox.de\/wp-content\/uploads\/2016\/03\/DSC02433.jpg\" data-rel=\"lightbox-gallery-0\" data-rl_title=\"\" data-rl_caption=\"\" title=\"\"><img loading=\"lazy\" decoding=\"async\" class=\"alignnone wp-image-513 size-thumbnail\" src=\"https:\/\/www.bambergorthodox.de\/wp-content\/uploads\/2016\/03\/DSC02433-150x150.jpg\" alt=\"DSC02433\" width=\"150\" height=\"150\" \/><\/a> <a  href=\"https:\/\/www.bambergorthodox.de\/wp-content\/uploads\/2016\/03\/DSC02441.jpg\" data-rel=\"lightbox-gallery-0\" data-rl_title=\"\" data-rl_caption=\"\" title=\"\"><img loading=\"lazy\" decoding=\"async\" class=\"alignnone wp-image-514 size-thumbnail\" src=\"https:\/\/www.bambergorthodox.de\/wp-content\/uploads\/2016\/03\/DSC02441-150x150.jpg\" alt=\"DSC02441\" width=\"150\" height=\"150\" \/><\/a> <a  href=\"https:\/\/www.bambergorthodox.de\/wp-content\/uploads\/2016\/03\/DSC02453.jpg\" data-rel=\"lightbox-gallery-0\" data-rl_title=\"\" data-rl_caption=\"\" title=\"\"><img loading=\"lazy\" decoding=\"async\" class=\"alignnone wp-image-515 size-thumbnail\" src=\"https:\/\/www.bambergorthodox.de\/wp-content\/uploads\/2016\/03\/DSC02453-150x150.jpg\" alt=\"DSC02453\" width=\"150\" height=\"150\" \/><\/a> <a  href=\"https:\/\/www.bambergorthodox.de\/wp-content\/uploads\/2016\/03\/DSC02585.jpg\" data-rel=\"lightbox-gallery-0\" data-rl_title=\"\" data-rl_caption=\"\" title=\"\"><img loading=\"lazy\" decoding=\"async\" class=\"alignnone wp-image-516 size-thumbnail\" src=\"https:\/\/www.bambergorthodox.de\/wp-content\/uploads\/2016\/03\/DSC02585-150x150.jpg\" alt=\"DSC02585\" width=\"150\" height=\"150\" \/><\/a> <a  href=\"https:\/\/www.bambergorthodox.de\/wp-content\/uploads\/2016\/03\/DSC02599.jpg\" data-rel=\"lightbox-gallery-0\" data-rl_title=\"\" data-rl_caption=\"\" title=\"\"><img loading=\"lazy\" decoding=\"async\" class=\"alignnone wp-image-517 size-thumbnail\" src=\"https:\/\/www.bambergorthodox.de\/wp-content\/uploads\/2016\/03\/DSC02599-150x150.jpg\" alt=\"DSC02599\" width=\"150\" height=\"150\" \/><\/a> <a  href=\"https:\/\/www.bambergorthodox.de\/wp-content\/uploads\/2016\/03\/DSC02604.jpg\" data-rel=\"lightbox-gallery-0\" data-rl_title=\"\" data-rl_caption=\"\" title=\"\"><img loading=\"lazy\" decoding=\"async\" class=\"alignnone wp-image-518 size-thumbnail\" src=\"https:\/\/www.bambergorthodox.de\/wp-content\/uploads\/2016\/03\/DSC02604-150x150.jpg\" alt=\"DSC02604\" width=\"150\" height=\"150\" \/><\/a>\u00a0<a  href=\"https:\/\/www.bambergorthodox.de\/wp-content\/uploads\/2016\/03\/DSC02610.jpg\" data-rel=\"lightbox-gallery-0\" data-rl_title=\"\" data-rl_caption=\"\" title=\"\"><img loading=\"lazy\" decoding=\"async\" class=\"alignnone wp-image-519 size-thumbnail\" src=\"https:\/\/www.bambergorthodox.de\/wp-content\/uploads\/2016\/03\/DSC02610-150x150.jpg\" alt=\"DSC02610\" width=\"150\" height=\"150\" \/><\/a> <a  href=\"https:\/\/www.bambergorthodox.de\/wp-content\/uploads\/2016\/03\/DSC02614.jpg\" data-rel=\"lightbox-gallery-0\" data-rl_title=\"\" data-rl_caption=\"\" title=\"\"><img loading=\"lazy\" decoding=\"async\" class=\"alignnone wp-image-520 size-thumbnail\" src=\"https:\/\/www.bambergorthodox.de\/wp-content\/uploads\/2016\/03\/DSC02614-150x150.jpg\" alt=\"DSC02614\" width=\"150\" height=\"150\" \/><\/a> <a  href=\"https:\/\/www.bambergorthodox.de\/wp-content\/uploads\/2016\/03\/DSC02652.jpg\" data-rel=\"lightbox-gallery-0\" data-rl_title=\"\" data-rl_caption=\"\" title=\"\"><img loading=\"lazy\" decoding=\"async\" class=\"alignnone wp-image-521 size-thumbnail\" src=\"https:\/\/www.bambergorthodox.de\/wp-content\/uploads\/2016\/03\/DSC02652-150x150.jpg\" alt=\"DSC02652\" width=\"150\" height=\"150\" \/><\/a>","protected":false},"excerpt":{"rendered":"<p>Parohia ortodox\u0103 rom\u00e2n\u0103 cu hramul \u201eSf. Cuv. Parascheva\u201d din Bamberg a avut s\u00e2mb\u0103t\u0103, 12 martie, bucuria de a tr\u0103i momente duhovnice\u0219ti deosebite prilejuite de vizita \u00cenaltpreasfin\u021bitului P\u0103rinte Dr. Serafim, Mitropolitul Germaniei, Europei Centrale \u0219i de Nord. \u00cenaltpreasfin\u021bia Sa a slujit Sf\u00e2nta Liturghie baptismal\u0103, \u00eenconjurat de un sobor de preo\u021bi \u0219i diaconi, \u00een cadrul c\u0103reia a &#8230; <a class=\"read-more\" href=\"https:\/\/www.bambergorthodox.de\/?p=507\">Read more&#8230;<\/a><\/p>\n","protected":false},"author":1,"featured_media":0,"comment_status":"open","ping_status":"open","sticky":false,"template":"","format":"standard","meta":{"jetpack_post_was_ever_published":false,"_jetpack_newsletter_access":"","_jetpack_dont_email_post_to_subs":false,"_jetpack_newsletter_tier_id":0,"_jetpack_memberships_contains_paywalled_content":false,"_jetpack_memberships_contains_paid_content":false,"footnotes":"","jetpack_publicize_message":"","jetpack_publicize_feature_enabled":true,"jetpack_social_post_already_shared":false,"jetpack_social_options":{"image_generator_settings":{"template":"highway","default_image_id":0,"font":"","enabled":false},"version":2}},"categories":[5],"tags":[],"class_list":["post-507","post","type-post","status-publish","format-standard","hentry","category-text_menue"],"jetpack_publicize_connections":[],"jetpack_featured_media_url":"","jetpack_sharing_enabled":true,"jetpack_shortlink":"https:\/\/wp.me\/p93ZOd-8b","_links":{"self":[{"href":"https:\/\/www.bambergorthodox.de\/index.php?rest_route=\/wp\/v2\/posts\/507","targetHints":{"allow":["GET"]}}],"collection":[{"href":"https:\/\/www.bambergorthodox.de\/index.php?rest_route=\/wp\/v2\/posts"}],"about":[{"href":"https:\/\/www.bambergorthodox.de\/index.php?rest_route=\/wp\/v2\/types\/post"}],"author":[{"embeddable":true,"href":"https:\/\/www.bambergorthodox.de\/index.php?rest_route=\/wp\/v2\/users\/1"}],"replies":[{"embeddable":true,"href":"https:\/\/www.bambergorthodox.de\/index.php?rest_route=%2Fwp%2Fv2%2Fcomments&post=507"}],"version-history":[{"count":4,"href":"https:\/\/www.bambergorthodox.de\/index.php?rest_route=\/wp\/v2\/posts\/507\/revisions"}],"predecessor-version":[{"id":3535,"href":"https:\/\/www.bambergorthodox.de\/index.php?rest_route=\/wp\/v2\/posts\/507\/revisions\/3535"}],"wp:attachment":[{"href":"https:\/\/www.bambergorthodox.de\/index.php?rest_route=%2Fwp%2Fv2%2Fmedia&parent=507"}],"wp:term":[{"taxonomy":"category","embeddable":true,"href":"https:\/\/www.bambergorthodox.de\/index.php?rest_route=%2Fwp%2Fv2%2Fcategories&post=507"},{"taxonomy":"post_tag","embeddable":true,"href":"https:\/\/www.bambergorthodox.de\/index.php?rest_route=%2Fwp%2Fv2%2Ftags&post=507"}],"curies":[{"name":"wp","href":"https:\/\/api.w.org\/{rel}","templated":true}]}}