{"id":5060,"date":"2022-05-30T19:42:58","date_gmt":"2022-05-30T17:42:58","guid":{"rendered":"https:\/\/www.bambergorthodox.de\/?p=5060"},"modified":"2022-05-30T19:48:37","modified_gmt":"2022-05-30T17:48:37","slug":"scoala-parohiala-ziua-internationala-a-copilului","status":"publish","type":"post","link":"https:\/\/www.bambergorthodox.de\/?p=5060","title":{"rendered":"\u0218coala parohial\u0103 | Ziua interna\u021bional\u0103 a copilului"},"content":{"rendered":"<a  href=\"https:\/\/www.bambergorthodox.de\/wp-content\/uploads\/2022\/05\/WhatsApp-Image-2022-05-29-at-20.36.00.jpeg\" data-rel=\"lightbox-gallery-1\" data-rl_title=\"\" data-rl_caption=\"\" title=\"\"><img loading=\"lazy\" decoding=\"async\" class=\"size-medium wp-image-5075 alignleft\" src=\"https:\/\/www.bambergorthodox.de\/wp-content\/uploads\/2022\/05\/WhatsApp-Image-2022-05-29-at-20.36.00-300x225.jpeg\" alt=\"\" width=\"300\" height=\"225\" srcset=\"https:\/\/www.bambergorthodox.de\/wp-content\/uploads\/2022\/05\/WhatsApp-Image-2022-05-29-at-20.36.00-300x225.jpeg 300w, https:\/\/www.bambergorthodox.de\/wp-content\/uploads\/2022\/05\/WhatsApp-Image-2022-05-29-at-20.36.00-1024x768.jpeg 1024w, https:\/\/www.bambergorthodox.de\/wp-content\/uploads\/2022\/05\/WhatsApp-Image-2022-05-29-at-20.36.00-768x576.jpeg 768w, https:\/\/www.bambergorthodox.de\/wp-content\/uploads\/2022\/05\/WhatsApp-Image-2022-05-29-at-20.36.00-1536x1152.jpeg 1536w, https:\/\/www.bambergorthodox.de\/wp-content\/uploads\/2022\/05\/WhatsApp-Image-2022-05-29-at-20.36.00.jpeg 2048w\" sizes=\"auto, (max-width: 300px) 100vw, 300px\" \/><\/a>Duminica orbului din na\u0219tere sau a dob\u00e2ndirii vederii. Probabil c\u0103 nu \u00eent\u00e2mpl\u0103tor, azi, \u00een &#8222;duminica orbului din na\u0219tere&#8221;, au avut loc activit\u0103\u021bile cu copiii &#8211; o pre\u00eent\u00e2mpinare a bucuriei zilei interna\u021bionale a copilului, 1 iunie. Ast\u0103zi copila\u0219ii au gustat, au \u00eencercat, au creat, s-au jucat \u0219i s-au bucurat \u00eempreun\u0103 de b\u0103rcu\u021be, m\u0103rgelu\u021be, de \u00eenghe\u021bat\u0103 \u0219.a.m.d.\u00a0Tot ast\u0103zi, mai devreme, la citirea Sfintei Evanghelii, am auzit cum Hristos face tin\u0103 \u0219i deschide ochii unui orb din na\u0219tere. Ce lucru minunat!<!--more--><\/p>\n<p>Dar cum spuneam, probabil c\u0103 nu \u00eent\u00e2mpl\u0103tor \u00een aceast\u0103 duminic\u0103 noi am avut ocazia s\u0103 vedem copiii cum se bucur\u0103 de ziua lor. Hristos, \u00eens\u0103, ne \u00eendeamn\u0103 nu doar s\u0103 vedem, ci s\u0103 cunoa\u0219tem darul Lui Dumnezeu &#8211; \u00eendemnul adresat Sf. Fotini duminica trecut\u0103. Nou\u0103 p\u0103rin\u021bilor, din mila \u0219i cu binecuv\u00e2ntarea Lui Dumnezeu, ne sunt d\u0103rui\u021bi ace\u0219ti &#8222;bulg\u0103ra\u0219i&#8221; de candoare ca prin ei s\u0103 vedem \u0219i s\u0103 cunoa\u0219tem, s\u0103 ne bucuram cu ei \u0219i ca ei, c\u0103ci a unora ca ace\u0219tia este \u00cemp\u0103r\u0103\u021bia Cerurilor.<\/p>\n<p>Lumini\u021ba Vedina\u0219<\/p>\n<div class=\"rl-gallery-container rl-loading\" id=\"rl-gallery-container-1\" data-gallery_id=\"5061\"> <div class=\"rl-gallery rl-basicgrid-gallery \" id=\"rl-gallery-1\" data-gallery_no=\"1\"> <div class=\"rl-gallery-item\"><a href=\"https:\/\/www.bambergorthodox.de\/wp-content\/uploads\/2022\/05\/283814348_603461914051370_6558149676456515586_n.jpg\" title=\"\" data-rl_title=\"\" class=\"rl-gallery-link\" data-rl_caption=\"\" data-rel=\"lightbox-gallery-bGlnaHRib3gtZ2FsbGVyeS0x\" data-rl_title=\"\" data-rl_caption=\"\"><img loading=\"lazy\" decoding=\"async\" src=\"https:\/\/www.bambergorthodox.de\/wp-content\/uploads\/2022\/05\/283814348_603461914051370_6558149676456515586_n-225x300.jpg\" width=\"225\" height=\"300\" alt=\"\" \/><\/a><\/div><div class=\"rl-gallery-item\"><a href=\"https:\/\/www.bambergorthodox.de\/wp-content\/uploads\/2022\/05\/281827865_423474905965522_9160369698359141511_n.jpg\" title=\"\" data-rl_title=\"\" class=\"rl-gallery-link\" data-rl_caption=\"\" data-rel=\"lightbox-gallery-bGlnaHRib3gtZ2FsbGVyeS0x\" data-rl_title=\"\" data-rl_caption=\"\"><img loading=\"lazy\" decoding=\"async\" src=\"https:\/\/www.bambergorthodox.de\/wp-content\/uploads\/2022\/05\/281827865_423474905965522_9160369698359141511_n-225x300.jpg\" width=\"225\" height=\"300\" alt=\"\" \/><\/a><\/div><div class=\"rl-gallery-item\"><a href=\"https:\/\/www.bambergorthodox.de\/wp-content\/uploads\/2022\/05\/WhatsApp-Image-2022-05-29-at-20.35.01-1.jpeg\" title=\"\" data-rl_title=\"\" class=\"rl-gallery-link\" data-rl_caption=\"\" data-rel=\"lightbox-gallery-bGlnaHRib3gtZ2FsbGVyeS0x\" data-rl_title=\"\" data-rl_caption=\"\"><img loading=\"lazy\" decoding=\"async\" src=\"https:\/\/www.bambergorthodox.de\/wp-content\/uploads\/2022\/05\/WhatsApp-Image-2022-05-29-at-20.35.01-1-300x225.jpeg\" width=\"300\" height=\"225\" alt=\"\" \/><\/a><\/div><div class=\"rl-gallery-item\"><a href=\"https:\/\/www.bambergorthodox.de\/wp-content\/uploads\/2022\/05\/WhatsApp-Image-2022-05-29-at-20.35.01-2.jpeg\" title=\"\" data-rl_title=\"\" class=\"rl-gallery-link\" data-rl_caption=\"\" data-rel=\"lightbox-gallery-bGlnaHRib3gtZ2FsbGVyeS0x\" data-rl_title=\"\" data-rl_caption=\"\"><img loading=\"lazy\" decoding=\"async\" src=\"https:\/\/www.bambergorthodox.de\/wp-content\/uploads\/2022\/05\/WhatsApp-Image-2022-05-29-at-20.35.01-2-225x300.jpeg\" width=\"225\" height=\"300\" alt=\"\" \/><\/a><\/div><div class=\"rl-gallery-item\"><a href=\"https:\/\/www.bambergorthodox.de\/wp-content\/uploads\/2022\/05\/WhatsApp-Image-2022-05-29-at-20.35.02-3.jpeg\" title=\"\" data-rl_title=\"\" class=\"rl-gallery-link\" data-rl_caption=\"\" data-rel=\"lightbox-gallery-bGlnaHRib3gtZ2FsbGVyeS0x\" data-rl_title=\"\" data-rl_caption=\"\"><img loading=\"lazy\" decoding=\"async\" src=\"https:\/\/www.bambergorthodox.de\/wp-content\/uploads\/2022\/05\/WhatsApp-Image-2022-05-29-at-20.35.02-3-225x300.jpeg\" width=\"225\" height=\"300\" alt=\"\" \/><\/a><\/div><div class=\"rl-gallery-item\"><a href=\"https:\/\/www.bambergorthodox.de\/wp-content\/uploads\/2022\/05\/WhatsApp-Image-2022-05-29-at-20.35.02-4.jpeg\" title=\"\" data-rl_title=\"\" class=\"rl-gallery-link\" data-rl_caption=\"\" data-rel=\"lightbox-gallery-bGlnaHRib3gtZ2FsbGVyeS0x\" data-rl_title=\"\" data-rl_caption=\"\"><img loading=\"lazy\" decoding=\"async\" src=\"https:\/\/www.bambergorthodox.de\/wp-content\/uploads\/2022\/05\/WhatsApp-Image-2022-05-29-at-20.35.02-4-225x300.jpeg\" width=\"225\" height=\"300\" alt=\"\" \/><\/a><\/div><div class=\"rl-gallery-item\"><a href=\"https:\/\/www.bambergorthodox.de\/wp-content\/uploads\/2022\/05\/WhatsApp-Image-2022-05-29-at-20.35.03-4.jpeg\" title=\"\" data-rl_title=\"\" class=\"rl-gallery-link\" data-rl_caption=\"\" data-rel=\"lightbox-gallery-bGlnaHRib3gtZ2FsbGVyeS0x\" data-rl_title=\"\" data-rl_caption=\"\"><img loading=\"lazy\" decoding=\"async\" src=\"https:\/\/www.bambergorthodox.de\/wp-content\/uploads\/2022\/05\/WhatsApp-Image-2022-05-29-at-20.35.03-4-225x300.jpeg\" width=\"225\" height=\"300\" alt=\"\" \/><\/a><\/div><div class=\"rl-gallery-item\"><a href=\"https:\/\/www.bambergorthodox.de\/wp-content\/uploads\/2022\/05\/WhatsApp-Image-2022-05-29-at-20.35.03-5.jpeg\" title=\"\" data-rl_title=\"\" class=\"rl-gallery-link\" data-rl_caption=\"\" data-rel=\"lightbox-gallery-bGlnaHRib3gtZ2FsbGVyeS0x\" data-rl_title=\"\" data-rl_caption=\"\"><img loading=\"lazy\" decoding=\"async\" src=\"https:\/\/www.bambergorthodox.de\/wp-content\/uploads\/2022\/05\/WhatsApp-Image-2022-05-29-at-20.35.03-5-225x300.jpeg\" width=\"225\" height=\"300\" alt=\"\" \/><\/a><\/div><div class=\"rl-gallery-item\"><a href=\"https:\/\/www.bambergorthodox.de\/wp-content\/uploads\/2022\/05\/WhatsApp-Image-2022-05-29-at-20.35.03-6.jpeg\" title=\"\" data-rl_title=\"\" class=\"rl-gallery-link\" data-rl_caption=\"\" data-rel=\"lightbox-gallery-bGlnaHRib3gtZ2FsbGVyeS0x\" data-rl_title=\"\" data-rl_caption=\"\"><img loading=\"lazy\" decoding=\"async\" src=\"https:\/\/www.bambergorthodox.de\/wp-content\/uploads\/2022\/05\/WhatsApp-Image-2022-05-29-at-20.35.03-6-225x300.jpeg\" width=\"225\" height=\"300\" alt=\"\" \/><\/a><\/div><div class=\"rl-gallery-item\"><a href=\"https:\/\/www.bambergorthodox.de\/wp-content\/uploads\/2022\/05\/WhatsApp-Image-2022-05-29-at-20.35.04-1.jpeg\" title=\"\" data-rl_title=\"\" class=\"rl-gallery-link\" data-rl_caption=\"\" data-rel=\"lightbox-gallery-bGlnaHRib3gtZ2FsbGVyeS0x\" data-rl_title=\"\" data-rl_caption=\"\"><img loading=\"lazy\" decoding=\"async\" src=\"https:\/\/www.bambergorthodox.de\/wp-content\/uploads\/2022\/05\/WhatsApp-Image-2022-05-29-at-20.35.04-1-225x300.jpeg\" width=\"225\" height=\"300\" alt=\"\" \/><\/a><\/div><div class=\"rl-gallery-item\"><a href=\"https:\/\/www.bambergorthodox.de\/wp-content\/uploads\/2022\/05\/WhatsApp-Image-2022-05-29-at-20.35.04-3.jpeg\" title=\"\" data-rl_title=\"\" class=\"rl-gallery-link\" data-rl_caption=\"\" data-rel=\"lightbox-gallery-bGlnaHRib3gtZ2FsbGVyeS0x\" data-rl_title=\"\" data-rl_caption=\"\"><img loading=\"lazy\" decoding=\"async\" src=\"https:\/\/www.bambergorthodox.de\/wp-content\/uploads\/2022\/05\/WhatsApp-Image-2022-05-29-at-20.35.04-3-300x225.jpeg\" width=\"300\" height=\"225\" alt=\"\" \/><\/a><\/div><div class=\"rl-gallery-item\"><a href=\"https:\/\/www.bambergorthodox.de\/wp-content\/uploads\/2022\/05\/WhatsApp-Image-2022-05-29-at-20.35.05-6.jpeg\" title=\"\" data-rl_title=\"\" class=\"rl-gallery-link\" data-rl_caption=\"\" data-rel=\"lightbox-gallery-bGlnaHRib3gtZ2FsbGVyeS0x\" data-rl_title=\"\" data-rl_caption=\"\"><img loading=\"lazy\" decoding=\"async\" src=\"https:\/\/www.bambergorthodox.de\/wp-content\/uploads\/2022\/05\/WhatsApp-Image-2022-05-29-at-20.35.05-6-225x300.jpeg\" width=\"225\" height=\"300\" alt=\"\" \/><\/a><\/div><div class=\"rl-gallery-item\"><a href=\"https:\/\/www.bambergorthodox.de\/wp-content\/uploads\/2022\/05\/WhatsApp-Image-2022-05-29-at-20.35.59-2.jpeg\" title=\"\" data-rl_title=\"\" class=\"rl-gallery-link\" data-rl_caption=\"\" data-rel=\"lightbox-gallery-bGlnaHRib3gtZ2FsbGVyeS0x\" data-rl_title=\"\" data-rl_caption=\"\"><img loading=\"lazy\" decoding=\"async\" src=\"https:\/\/www.bambergorthodox.de\/wp-content\/uploads\/2022\/05\/WhatsApp-Image-2022-05-29-at-20.35.59-2-300x225.jpeg\" width=\"300\" height=\"225\" alt=\"\" \/><\/a><\/div><div class=\"rl-gallery-item\"><a href=\"https:\/\/www.bambergorthodox.de\/wp-content\/uploads\/2022\/05\/WhatsApp-Image-2022-05-29-at-20.36.00.jpeg\" title=\"\" data-rl_title=\"\" class=\"rl-gallery-link\" data-rl_caption=\"\" data-rel=\"lightbox-gallery-bGlnaHRib3gtZ2FsbGVyeS0x\" data-rl_title=\"\" data-rl_caption=\"\"><img loading=\"lazy\" decoding=\"async\" src=\"https:\/\/www.bambergorthodox.de\/wp-content\/uploads\/2022\/05\/WhatsApp-Image-2022-05-29-at-20.36.00-300x225.jpeg\" width=\"300\" height=\"225\" alt=\"\" \/><\/a><\/div> <\/div> <\/div>","protected":false},"excerpt":{"rendered":"<p>Duminica orbului din na\u0219tere sau a dob\u00e2ndirii vederii. Probabil c\u0103 nu \u00eent\u00e2mpl\u0103tor, azi, \u00een &#8222;duminica orbului din na\u0219tere&#8221;, au avut loc activit\u0103\u021bile cu copiii &#8211; o pre\u00eent\u00e2mpinare a bucuriei zilei interna\u021bionale a copilului, 1 iunie. Ast\u0103zi copila\u0219ii au gustat, au \u00eencercat, au creat, s-au jucat \u0219i s-au bucurat \u00eempreun\u0103 de b\u0103rcu\u021be, m\u0103rgelu\u021be, de \u00eenghe\u021bat\u0103 \u0219.a.m.d.\u00a0Tot &#8230; <a class=\"read-more\" href=\"https:\/\/www.bambergorthodox.de\/?p=5060\">Read more&#8230;<\/a><\/p>\n","protected":false},"author":1,"featured_media":0,"comment_status":"closed","ping_status":"open","sticky":false,"template":"","format":"standard","meta":{"jetpack_post_was_ever_published":false,"_jetpack_newsletter_access":"","_jetpack_dont_email_post_to_subs":false,"_jetpack_newsletter_tier_id":0,"_jetpack_memberships_contains_paywalled_content":false,"_jetpack_memberships_contains_paid_content":false,"footnotes":"","jetpack_publicize_message":"","jetpack_publicize_feature_enabled":true,"jetpack_social_post_already_shared":false,"jetpack_social_options":{"image_generator_settings":{"template":"highway","default_image_id":0,"font":"","enabled":false},"version":2}},"categories":[5],"tags":[],"class_list":["post-5060","post","type-post","status-publish","format-standard","hentry","category-text_menue"],"jetpack_publicize_connections":[],"jetpack_featured_media_url":"","jetpack_sharing_enabled":true,"jetpack_shortlink":"https:\/\/wp.me\/p93ZOd-1jC","_links":{"self":[{"href":"https:\/\/www.bambergorthodox.de\/index.php?rest_route=\/wp\/v2\/posts\/5060","targetHints":{"allow":["GET"]}}],"collection":[{"href":"https:\/\/www.bambergorthodox.de\/index.php?rest_route=\/wp\/v2\/posts"}],"about":[{"href":"https:\/\/www.bambergorthodox.de\/index.php?rest_route=\/wp\/v2\/types\/post"}],"author":[{"embeddable":true,"href":"https:\/\/www.bambergorthodox.de\/index.php?rest_route=\/wp\/v2\/users\/1"}],"replies":[{"embeddable":true,"href":"https:\/\/www.bambergorthodox.de\/index.php?rest_route=%2Fwp%2Fv2%2Fcomments&post=5060"}],"version-history":[{"count":4,"href":"https:\/\/www.bambergorthodox.de\/index.php?rest_route=\/wp\/v2\/posts\/5060\/revisions"}],"predecessor-version":[{"id":5079,"href":"https:\/\/www.bambergorthodox.de\/index.php?rest_route=\/wp\/v2\/posts\/5060\/revisions\/5079"}],"wp:attachment":[{"href":"https:\/\/www.bambergorthodox.de\/index.php?rest_route=%2Fwp%2Fv2%2Fmedia&parent=5060"}],"wp:term":[{"taxonomy":"category","embeddable":true,"href":"https:\/\/www.bambergorthodox.de\/index.php?rest_route=%2Fwp%2Fv2%2Fcategories&post=5060"},{"taxonomy":"post_tag","embeddable":true,"href":"https:\/\/www.bambergorthodox.de\/index.php?rest_route=%2Fwp%2Fv2%2Ftags&post=5060"}],"curies":[{"name":"wp","href":"https:\/\/api.w.org\/{rel}","templated":true}]}}