{"id":5046,"date":"2022-05-03T16:18:17","date_gmt":"2022-05-03T14:18:17","guid":{"rendered":"https:\/\/www.bambergorthodox.de\/?p=5046"},"modified":"2022-05-03T16:20:34","modified_gmt":"2022-05-03T14:20:34","slug":"doamne-invata-ne-sa-ne-rugam-lc-111-conferinte-online-dedicate-rugaciunii-2","status":"publish","type":"post","link":"https:\/\/www.bambergorthodox.de\/?p=5046","title":{"rendered":"\u201eDoamne, \u00eenva\u021b\u0103-ne s\u0103 ne rug\u0103m\u201d (Lc. 11,1) &#8211; conferin\u021be online dedicate rug\u0103ciunii"},"content":{"rendered":"<a  href=\"https:\/\/www.bambergorthodox.de\/wp-content\/uploads\/2022\/05\/Afi-ConfII.jpeg\" data-rel=\"lightbox-gallery-0\" data-rl_title=\"\" data-rl_caption=\"\" title=\"\"><img loading=\"lazy\" decoding=\"async\" class=\"size-medium wp-image-5047 alignleft\" src=\"https:\/\/www.bambergorthodox.de\/wp-content\/uploads\/2022\/05\/Afi-ConfII-212x300.jpeg\" alt=\"\" width=\"212\" height=\"300\" srcset=\"https:\/\/www.bambergorthodox.de\/wp-content\/uploads\/2022\/05\/Afi-ConfII-212x300.jpeg 212w, https:\/\/www.bambergorthodox.de\/wp-content\/uploads\/2022\/05\/Afi-ConfII-724x1024.jpeg 724w, https:\/\/www.bambergorthodox.de\/wp-content\/uploads\/2022\/05\/Afi-ConfII-768x1086.jpeg 768w, https:\/\/www.bambergorthodox.de\/wp-content\/uploads\/2022\/05\/Afi-ConfII-1086x1536.jpeg 1086w, https:\/\/www.bambergorthodox.de\/wp-content\/uploads\/2022\/05\/Afi-ConfII.jpeg 1131w\" sizes=\"auto, (max-width: 212px) 100vw, 212px\" \/><\/a>\u00cen prim\u0103vara anului 2022, dedicat rug\u0103ciunii \u0219i sfin\u021bilor isiha\u0219ti, Arhiepiscopia Ortodox\u0103 Rom\u00e2n\u0103 a Germaniei, Austriei \u015fi Luxemburgului \u00eempreun\u0103 cu Centrul Bisericesc Rom\u00e2n din M\u00fcnchen organizeaz\u0103 o serie de conferin\u021be online despre rug\u0103ciune, intitulat\u0103 \u201eDoamne, \u00eenva\u021b\u0103-ne s\u0103 ne rug\u0103m\u201d (Lc. 11,1). Conferin\u021bele vor \u00eencepe \u00een fiecare mar\u021bi, la h. 19.00 (ora Germaniei).\u00a0Programul conferin\u021belor este urm\u0103torul:<\/p>\n<p>3 mai 2022 \u2013 PS Episcop-vicar Sofian Bra\u015foveanul\u2013 <em>\u201eHristos a \u00eenviat <\/em>\u2013 <em>Bucuria mea!\u201d<\/em><\/p>\n<p><!--more--><\/p>\n<p>10 mai 2022 \u2013 Pr. Prof. Daniel Benga \u2013 <em>Istoria, teologia \u0219i taina \u201eRug\u0103ciunilor \u00eencep\u0103toare\u201d<\/em><\/p>\n<p>17 mai 2022 \u2013 Prof. Dr. Georgiana Huian (Berna) \u2013 <em>Inima \u0219i rug\u0103ciunea inimii la Sf. Diadoh al Foticeii<\/em><\/p>\n<p>31 mai 2022 \u2013 Ierom. Dr. Ioan Popoiu \u2013 <em>\u201eAp\u0103r\u0103torul cel mare\u2026\u201d \u2013 Comentariu la Acatistul M\u00e2ntuitorului <\/em><\/p>\n<p>7 iunie 2022 \u2013 Pr. Stare\u021b Melchisedec (M-rea Lup\u0219a) \u2013 <em>Rug\u0103ciunea \u00een Duhul Sf\u00e2nt <\/em><\/p>\n<p>Accesul la toate conferin\u021bele se va face prin intermediul platformei Zoom, de aici: <a href=\"https:\/\/us02web.zoom.us\/j\/88209589996\">https:\/\/us02web.zoom.us\/j\/88209589996<\/a>. Emisiunile vor fi retransmise pe canalele Facebook ale Mitropoliei, Centrului Bisericesc din M\u00fcnchen \u0219i ale Portalului de \u0219tiri \u0219i informa\u021bii ortodoxe \u201eDoxologia\u201d de la Ia\u0219i.<\/p>\n<p>V\u0103 a\u0219tept\u0103m cu drag!<\/p>\n<p>&nbsp;<\/p>\n<p>Surs\u0103 \u0219tire: <a href=\"https:\/\/www.cbrom.de\/index.php\/actualitate\/anunturi\/1464-doamne-invata-ne-sa-ne-rugam-lc-11-1-serie-de-conferinte-online-dedicate-rugaciunii-perioada-penticostarului\" target=\"_blank\" rel=\"noopener\">www.cbrom.de<\/a>","protected":false},"excerpt":{"rendered":"<p>\u00cen prim\u0103vara anului 2022, dedicat rug\u0103ciunii \u0219i sfin\u021bilor isiha\u0219ti, Arhiepiscopia Ortodox\u0103 Rom\u00e2n\u0103 a Germaniei, Austriei \u015fi Luxemburgului \u00eempreun\u0103 cu Centrul Bisericesc Rom\u00e2n din M\u00fcnchen organizeaz\u0103 o serie de conferin\u021be online despre rug\u0103ciune, intitulat\u0103 \u201eDoamne, \u00eenva\u021b\u0103-ne s\u0103 ne rug\u0103m\u201d (Lc. 11,1). Conferin\u021bele vor \u00eencepe \u00een fiecare mar\u021bi, la h. 19.00 (ora Germaniei).\u00a0Programul conferin\u021belor este urm\u0103torul: 3 &#8230; <a class=\"read-more\" href=\"https:\/\/www.bambergorthodox.de\/?p=5046\">Read more&#8230;<\/a><\/p>\n","protected":false},"author":1,"featured_media":0,"comment_status":"closed","ping_status":"open","sticky":false,"template":"","format":"standard","meta":{"jetpack_post_was_ever_published":false,"_jetpack_newsletter_access":"","_jetpack_dont_email_post_to_subs":false,"_jetpack_newsletter_tier_id":0,"_jetpack_memberships_contains_paywalled_content":false,"_jetpack_memberships_contains_paid_content":false,"footnotes":"","jetpack_publicize_message":"","jetpack_publicize_feature_enabled":true,"jetpack_social_post_already_shared":false,"jetpack_social_options":{"image_generator_settings":{"template":"highway","default_image_id":0,"font":"","enabled":false},"version":2}},"categories":[5],"tags":[],"class_list":["post-5046","post","type-post","status-publish","format-standard","hentry","category-text_menue"],"jetpack_publicize_connections":[],"jetpack_featured_media_url":"","jetpack_sharing_enabled":true,"jetpack_shortlink":"https:\/\/wp.me\/p93ZOd-1jo","_links":{"self":[{"href":"https:\/\/www.bambergorthodox.de\/index.php?rest_route=\/wp\/v2\/posts\/5046","targetHints":{"allow":["GET"]}}],"collection":[{"href":"https:\/\/www.bambergorthodox.de\/index.php?rest_route=\/wp\/v2\/posts"}],"about":[{"href":"https:\/\/www.bambergorthodox.de\/index.php?rest_route=\/wp\/v2\/types\/post"}],"author":[{"embeddable":true,"href":"https:\/\/www.bambergorthodox.de\/index.php?rest_route=\/wp\/v2\/users\/1"}],"replies":[{"embeddable":true,"href":"https:\/\/www.bambergorthodox.de\/index.php?rest_route=%2Fwp%2Fv2%2Fcomments&post=5046"}],"version-history":[{"count":3,"href":"https:\/\/www.bambergorthodox.de\/index.php?rest_route=\/wp\/v2\/posts\/5046\/revisions"}],"predecessor-version":[{"id":5050,"href":"https:\/\/www.bambergorthodox.de\/index.php?rest_route=\/wp\/v2\/posts\/5046\/revisions\/5050"}],"wp:attachment":[{"href":"https:\/\/www.bambergorthodox.de\/index.php?rest_route=%2Fwp%2Fv2%2Fmedia&parent=5046"}],"wp:term":[{"taxonomy":"category","embeddable":true,"href":"https:\/\/www.bambergorthodox.de\/index.php?rest_route=%2Fwp%2Fv2%2Fcategories&post=5046"},{"taxonomy":"post_tag","embeddable":true,"href":"https:\/\/www.bambergorthodox.de\/index.php?rest_route=%2Fwp%2Fv2%2Ftags&post=5046"}],"curies":[{"name":"wp","href":"https:\/\/api.w.org\/{rel}","templated":true}]}}