{"id":5024,"date":"2022-04-21T08:31:32","date_gmt":"2022-04-21T06:31:32","guid":{"rendered":"https:\/\/www.bambergorthodox.de\/?p=5024"},"modified":"2022-04-21T08:44:19","modified_gmt":"2022-04-21T06:44:19","slug":"scoala-parohiala-atelier-cu-tema-invierea-domnului","status":"publish","type":"post","link":"https:\/\/www.bambergorthodox.de\/?p=5024","title":{"rendered":"\u0218coala Parohial\u0103 | Atelier cu tema: \u00cenvierea Domnului"},"content":{"rendered":"<a  href=\"https:\/\/www.bambergorthodox.de\/wp-content\/uploads\/2022\/04\/WhatsApp-Image-2022-04-19-at-21.11.52.jpeg\" data-rel=\"lightbox-gallery-1\" data-rl_title=\"\" data-rl_caption=\"\" title=\"\"><img loading=\"lazy\" decoding=\"async\" class=\"size-medium wp-image-5029 alignleft\" src=\"https:\/\/www.bambergorthodox.de\/wp-content\/uploads\/2022\/04\/WhatsApp-Image-2022-04-19-at-21.11.52-225x300.jpeg\" alt=\"\" width=\"225\" height=\"300\" srcset=\"https:\/\/www.bambergorthodox.de\/wp-content\/uploads\/2022\/04\/WhatsApp-Image-2022-04-19-at-21.11.52-225x300.jpeg 225w, https:\/\/www.bambergorthodox.de\/wp-content\/uploads\/2022\/04\/WhatsApp-Image-2022-04-19-at-21.11.52-769x1024.jpeg 769w, https:\/\/www.bambergorthodox.de\/wp-content\/uploads\/2022\/04\/WhatsApp-Image-2022-04-19-at-21.11.52-768x1023.jpeg 768w, https:\/\/www.bambergorthodox.de\/wp-content\/uploads\/2022\/04\/WhatsApp-Image-2022-04-19-at-21.11.52-1153x1536.jpeg 1153w, https:\/\/www.bambergorthodox.de\/wp-content\/uploads\/2022\/04\/WhatsApp-Image-2022-04-19-at-21.11.52.jpeg 1537w\" sizes=\"auto, (max-width: 225px) 100vw, 225px\" \/><\/a>\u00cen Sf\u00e2nta \u0219i Marea zi Mar\u021bi, cu ajutorul lui Dumnezeu, s-au \u00eent\u00e2lnit copiii din Parohia noastr\u0103. Au realizat \u00eempreun\u0103 lum\u00e2n\u0103rele pentru a lua cu bucurie Lumina in noaptea \u00cenvierii. Cu mult\u0103 r\u0103bdare \u0219i migala au \u00eempodobit candelele cu flori la poalele Crucii \u0219i o parte dintre ei au \u00eembog\u0103\u021bit bolta cu stele. Cei mai mici dintre ei au f\u0103cut co\u0219ule\u021be cu ou\u0103 colorate, pui\u0219ori \u0219i iepura\u0219i \u0219i au colorat plan\u0219e cu motiv de prim\u0103var\u0103 p\u00e2n\u0103 le-au obosit m\u00e2nu\u021bele.<!--more--><\/p>\n<p>Copila\u0219ii au fost foarte inc\u00e2nta\u021bi s\u0103 petreac\u0103 timp \u00eempreun\u0103.\u00a0Au ar\u0103tat foarte mult interes pentru a picta cutiu\u021be din lemn pentru anafura, pe care cu ajutor, au scris rug\u0103ciunea:<\/p>\n<p>&#8222;\u00cengera\u0219 p\u0103ze\u0219te-m\u0103,<br \/>\nCruce ocrote\u0219te-m\u0103,<br \/>\nDoamne miluie\u0219te-m\u0103&#8221;.<\/p>\n<p>Ne bucur\u0103m s\u0103 vedem c\u0103 avem to\u021bi acela\u0219i g\u00e2nd \u0219i aceea\u0219i \u00eensufle\u021bire, de a ne creste copiii apropia\u021bi de Biseric\u0103, de \u00eenv\u0103\u021b\u0103tura cre\u0219tin\u0103.<\/p>\n<p>Ana Elena Dumitrescu<\/p>\n<div class=\"rl-gallery-container rl-loading\" id=\"rl-gallery-container-1\" data-gallery_id=\"5037\"> <div class=\"rl-gallery rl-basicgrid-gallery \" id=\"rl-gallery-1\" data-gallery_no=\"1\"> <div class=\"rl-gallery-item\"><a href=\"https:\/\/www.bambergorthodox.de\/wp-content\/uploads\/2022\/04\/WhatsApp-Image-2022-04-19-at-21.15.18.jpeg\" title=\"\" data-rl_title=\"\" class=\"rl-gallery-link\" data-rl_caption=\"\" data-rel=\"lightbox-gallery-bGlnaHRib3gtZ2FsbGVyeS0x\" data-rl_title=\"\" data-rl_caption=\"\"><img loading=\"lazy\" decoding=\"async\" src=\"https:\/\/www.bambergorthodox.de\/wp-content\/uploads\/2022\/04\/WhatsApp-Image-2022-04-19-at-21.15.18-300x225.jpeg\" width=\"300\" height=\"225\" alt=\"\" \/><\/a><\/div><div class=\"rl-gallery-item\"><a href=\"https:\/\/www.bambergorthodox.de\/wp-content\/uploads\/2022\/04\/WhatsApp-Image-2022-04-19-at-21.12.55.jpeg\" title=\"\" data-rl_title=\"\" class=\"rl-gallery-link\" data-rl_caption=\"\" data-rel=\"lightbox-gallery-bGlnaHRib3gtZ2FsbGVyeS0x\" data-rl_title=\"\" data-rl_caption=\"\"><img loading=\"lazy\" decoding=\"async\" src=\"https:\/\/www.bambergorthodox.de\/wp-content\/uploads\/2022\/04\/WhatsApp-Image-2022-04-19-at-21.12.55-225x300.jpeg\" width=\"225\" height=\"300\" alt=\"\" \/><\/a><\/div><div class=\"rl-gallery-item\"><a href=\"https:\/\/www.bambergorthodox.de\/wp-content\/uploads\/2022\/04\/WhatsApp-Image-2022-04-19-at-21.15.17.jpeg\" title=\"\" data-rl_title=\"\" class=\"rl-gallery-link\" data-rl_caption=\"\" data-rel=\"lightbox-gallery-bGlnaHRib3gtZ2FsbGVyeS0x\" data-rl_title=\"\" data-rl_caption=\"\"><img loading=\"lazy\" decoding=\"async\" src=\"https:\/\/www.bambergorthodox.de\/wp-content\/uploads\/2022\/04\/WhatsApp-Image-2022-04-19-at-21.15.17-300x225.jpeg\" width=\"300\" height=\"225\" alt=\"\" \/><\/a><\/div><div class=\"rl-gallery-item\"><a href=\"https:\/\/www.bambergorthodox.de\/wp-content\/uploads\/2022\/04\/WhatsApp-Image-2022-04-19-at-21.15.16.jpeg\" title=\"\" data-rl_title=\"\" class=\"rl-gallery-link\" data-rl_caption=\"\" data-rel=\"lightbox-gallery-bGlnaHRib3gtZ2FsbGVyeS0x\" data-rl_title=\"\" data-rl_caption=\"\"><img loading=\"lazy\" decoding=\"async\" src=\"https:\/\/www.bambergorthodox.de\/wp-content\/uploads\/2022\/04\/WhatsApp-Image-2022-04-19-at-21.15.16-300x225.jpeg\" width=\"300\" height=\"225\" alt=\"\" \/><\/a><\/div><div class=\"rl-gallery-item\"><a href=\"https:\/\/www.bambergorthodox.de\/wp-content\/uploads\/2022\/04\/WhatsApp-Image-2022-04-19-at-21.11.54-1.jpeg\" title=\"\" data-rl_title=\"\" class=\"rl-gallery-link\" data-rl_caption=\"\" data-rel=\"lightbox-gallery-bGlnaHRib3gtZ2FsbGVyeS0x\" data-rl_title=\"\" data-rl_caption=\"\"><img loading=\"lazy\" decoding=\"async\" src=\"https:\/\/www.bambergorthodox.de\/wp-content\/uploads\/2022\/04\/WhatsApp-Image-2022-04-19-at-21.11.54-1-300x225.jpeg\" width=\"300\" height=\"225\" alt=\"\" \/><\/a><\/div><div class=\"rl-gallery-item\"><a href=\"https:\/\/www.bambergorthodox.de\/wp-content\/uploads\/2022\/04\/WhatsApp-Image-2022-04-19-at-21.11.52.jpeg\" title=\"\" data-rl_title=\"\" class=\"rl-gallery-link\" data-rl_caption=\"\" data-rel=\"lightbox-gallery-bGlnaHRib3gtZ2FsbGVyeS0x\" data-rl_title=\"\" data-rl_caption=\"\"><img loading=\"lazy\" decoding=\"async\" src=\"https:\/\/www.bambergorthodox.de\/wp-content\/uploads\/2022\/04\/WhatsApp-Image-2022-04-19-at-21.11.52-225x300.jpeg\" width=\"225\" height=\"300\" alt=\"\" \/><\/a><\/div><div class=\"rl-gallery-item\"><a href=\"https:\/\/www.bambergorthodox.de\/wp-content\/uploads\/2022\/04\/WhatsApp-Image-2022-04-19-at-21.09.49-1.jpeg\" title=\"\" data-rl_title=\"\" class=\"rl-gallery-link\" data-rl_caption=\"\" data-rel=\"lightbox-gallery-bGlnaHRib3gtZ2FsbGVyeS0x\" data-rl_title=\"\" data-rl_caption=\"\"><img loading=\"lazy\" decoding=\"async\" src=\"https:\/\/www.bambergorthodox.de\/wp-content\/uploads\/2022\/04\/WhatsApp-Image-2022-04-19-at-21.09.49-1-300x225.jpeg\" width=\"300\" height=\"225\" alt=\"\" \/><\/a><\/div><div class=\"rl-gallery-item\"><a href=\"https:\/\/www.bambergorthodox.de\/wp-content\/uploads\/2022\/04\/WhatsApp-Image-2022-04-19-at-21.09.45-1.jpeg\" title=\"\" data-rl_title=\"\" class=\"rl-gallery-link\" data-rl_caption=\"\" data-rel=\"lightbox-gallery-bGlnaHRib3gtZ2FsbGVyeS0x\" data-rl_title=\"\" data-rl_caption=\"\"><img loading=\"lazy\" decoding=\"async\" src=\"https:\/\/www.bambergorthodox.de\/wp-content\/uploads\/2022\/04\/WhatsApp-Image-2022-04-19-at-21.09.45-1-300x225.jpeg\" width=\"300\" height=\"225\" alt=\"\" \/><\/a><\/div> <\/div> <\/div>\n<p>&nbsp;<\/p>\n<p>&nbsp;","protected":false},"excerpt":{"rendered":"<p>\u00cen Sf\u00e2nta \u0219i Marea zi Mar\u021bi, cu ajutorul lui Dumnezeu, s-au \u00eent\u00e2lnit copiii din Parohia noastr\u0103. Au realizat \u00eempreun\u0103 lum\u00e2n\u0103rele pentru a lua cu bucurie Lumina in noaptea \u00cenvierii. Cu mult\u0103 r\u0103bdare \u0219i migala au \u00eempodobit candelele cu flori la poalele Crucii \u0219i o parte dintre ei au \u00eembog\u0103\u021bit bolta cu stele. Cei mai mici &#8230; <a class=\"read-more\" href=\"https:\/\/www.bambergorthodox.de\/?p=5024\">Read more&#8230;<\/a><\/p>\n","protected":false},"author":1,"featured_media":0,"comment_status":"closed","ping_status":"open","sticky":false,"template":"","format":"standard","meta":{"jetpack_post_was_ever_published":false,"_jetpack_newsletter_access":"","_jetpack_dont_email_post_to_subs":false,"_jetpack_newsletter_tier_id":0,"_jetpack_memberships_contains_paywalled_content":false,"_jetpack_memberships_contains_paid_content":false,"footnotes":"","jetpack_publicize_message":"","jetpack_publicize_feature_enabled":true,"jetpack_social_post_already_shared":false,"jetpack_social_options":{"image_generator_settings":{"template":"highway","default_image_id":0,"font":"","enabled":false},"version":2}},"categories":[5],"tags":[],"class_list":["post-5024","post","type-post","status-publish","format-standard","hentry","category-text_menue"],"jetpack_publicize_connections":[],"jetpack_featured_media_url":"","jetpack_sharing_enabled":true,"jetpack_shortlink":"https:\/\/wp.me\/p93ZOd-1j2","_links":{"self":[{"href":"https:\/\/www.bambergorthodox.de\/index.php?rest_route=\/wp\/v2\/posts\/5024","targetHints":{"allow":["GET"]}}],"collection":[{"href":"https:\/\/www.bambergorthodox.de\/index.php?rest_route=\/wp\/v2\/posts"}],"about":[{"href":"https:\/\/www.bambergorthodox.de\/index.php?rest_route=\/wp\/v2\/types\/post"}],"author":[{"embeddable":true,"href":"https:\/\/www.bambergorthodox.de\/index.php?rest_route=\/wp\/v2\/users\/1"}],"replies":[{"embeddable":true,"href":"https:\/\/www.bambergorthodox.de\/index.php?rest_route=%2Fwp%2Fv2%2Fcomments&post=5024"}],"version-history":[{"count":5,"href":"https:\/\/www.bambergorthodox.de\/index.php?rest_route=\/wp\/v2\/posts\/5024\/revisions"}],"predecessor-version":[{"id":5039,"href":"https:\/\/www.bambergorthodox.de\/index.php?rest_route=\/wp\/v2\/posts\/5024\/revisions\/5039"}],"wp:attachment":[{"href":"https:\/\/www.bambergorthodox.de\/index.php?rest_route=%2Fwp%2Fv2%2Fmedia&parent=5024"}],"wp:term":[{"taxonomy":"category","embeddable":true,"href":"https:\/\/www.bambergorthodox.de\/index.php?rest_route=%2Fwp%2Fv2%2Fcategories&post=5024"},{"taxonomy":"post_tag","embeddable":true,"href":"https:\/\/www.bambergorthodox.de\/index.php?rest_route=%2Fwp%2Fv2%2Ftags&post=5024"}],"curies":[{"name":"wp","href":"https:\/\/api.w.org\/{rel}","templated":true}]}}