{"id":501,"date":"2016-03-14T08:49:39","date_gmt":"2016-03-14T07:49:39","guid":{"rendered":"http:\/\/www.bambergorthodox.de\/?p=501"},"modified":"2016-03-14T08:51:14","modified_gmt":"2016-03-14T07:51:14","slug":"canonul-cel-mare-la-bamberg","status":"publish","type":"post","link":"https:\/\/www.bambergorthodox.de\/?p=501","title":{"rendered":"Canonul cel Mare la Bamberg"},"content":{"rendered":"<p><a  href=\"https:\/\/www.bambergorthodox.de\/wp-content\/uploads\/2016\/03\/postul_mare1.jpg\" data-rel=\"lightbox-gallery-0\" data-rl_title=\"\" data-rl_caption=\"\" title=\"\"><img loading=\"lazy\" decoding=\"async\" class=\"size-medium wp-image-502 alignleft\" src=\"https:\/\/www.bambergorthodox.de\/wp-content\/uploads\/2016\/03\/postul_mare1-300x200.jpg\" alt=\"postul_mare1\" width=\"300\" height=\"200\" srcset=\"https:\/\/www.bambergorthodox.de\/wp-content\/uploads\/2016\/03\/postul_mare1-300x200.jpg 300w, https:\/\/www.bambergorthodox.de\/wp-content\/uploads\/2016\/03\/postul_mare1.jpg 800w\" sizes=\"auto, (max-width: 300px) 100vw, 300px\" \/><\/a><em>Dragi credincio\u0219i \u0219i iubitori ai Ortodoxiei,<\/em><\/p>\n<p><em>v\u0103 invit\u0103m cu bucurie \u00een suflete la slujba Canonului celui Mare, specific\u0103 perioadei Postului Mare.\u00a0<\/em><em>Programul slujbelor \u00een prima s\u0103pt\u0103m\u00e2n\u0103 a acestui post este urm\u0103torul:<\/em><\/p>\n<ul>\n<li><em>luni, mar\u021bi \u0219i joi &#8211; orele 18.00<\/em><\/li>\n<li><em>miercuri &#8211; orele 17.00<\/em><\/li>\n<\/ul>\n<p><!--more--><\/p>\n<p>Domnul s\u0103 ne \u00eent\u0103reasc\u0103 \u00een toate aspectele vie\u021bii, ca s\u0103 reu\u0219im s\u0103 ne lupt\u0103m cu toate p\u0103catele noastre!<\/p>\n<p>V\u0103 a\u0219tept s\u0103 ne rug\u0103m \u00eempreun\u0103,<\/p>\n<p>Pr. P\u0103un<\/p>\n","protected":false},"excerpt":{"rendered":"<p>Dragi credincio\u0219i \u0219i iubitori ai Ortodoxiei, v\u0103 invit\u0103m cu bucurie \u00een suflete la slujba Canonului celui Mare, specific\u0103 perioadei Postului Mare.\u00a0Programul slujbelor \u00een prima s\u0103pt\u0103m\u00e2n\u0103 a acestui post este urm\u0103torul: luni, mar\u021bi \u0219i joi &#8211; orele 18.00 miercuri &#8211; orele 17.00<\/p>\n","protected":false},"author":1,"featured_media":0,"comment_status":"open","ping_status":"open","sticky":false,"template":"","format":"standard","meta":{"jetpack_post_was_ever_published":false,"_jetpack_newsletter_access":"","_jetpack_dont_email_post_to_subs":false,"_jetpack_newsletter_tier_id":0,"_jetpack_memberships_contains_paywalled_content":false,"_jetpack_memberships_contains_paid_content":false,"footnotes":"","jetpack_publicize_message":"","jetpack_publicize_feature_enabled":true,"jetpack_social_post_already_shared":false,"jetpack_social_options":{"image_generator_settings":{"template":"highway","default_image_id":0,"font":"","enabled":false},"version":2}},"categories":[5],"tags":[],"class_list":["post-501","post","type-post","status-publish","format-standard","hentry","category-text_menue"],"jetpack_publicize_connections":[],"jetpack_featured_media_url":"","jetpack_sharing_enabled":true,"jetpack_shortlink":"https:\/\/wp.me\/p93ZOd-85","_links":{"self":[{"href":"https:\/\/www.bambergorthodox.de\/index.php?rest_route=\/wp\/v2\/posts\/501","targetHints":{"allow":["GET"]}}],"collection":[{"href":"https:\/\/www.bambergorthodox.de\/index.php?rest_route=\/wp\/v2\/posts"}],"about":[{"href":"https:\/\/www.bambergorthodox.de\/index.php?rest_route=\/wp\/v2\/types\/post"}],"author":[{"embeddable":true,"href":"https:\/\/www.bambergorthodox.de\/index.php?rest_route=\/wp\/v2\/users\/1"}],"replies":[{"embeddable":true,"href":"https:\/\/www.bambergorthodox.de\/index.php?rest_route=%2Fwp%2Fv2%2Fcomments&post=501"}],"version-history":[{"count":4,"href":"https:\/\/www.bambergorthodox.de\/index.php?rest_route=\/wp\/v2\/posts\/501\/revisions"}],"predecessor-version":[{"id":506,"href":"https:\/\/www.bambergorthodox.de\/index.php?rest_route=\/wp\/v2\/posts\/501\/revisions\/506"}],"wp:attachment":[{"href":"https:\/\/www.bambergorthodox.de\/index.php?rest_route=%2Fwp%2Fv2%2Fmedia&parent=501"}],"wp:term":[{"taxonomy":"category","embeddable":true,"href":"https:\/\/www.bambergorthodox.de\/index.php?rest_route=%2Fwp%2Fv2%2Fcategories&post=501"},{"taxonomy":"post_tag","embeddable":true,"href":"https:\/\/www.bambergorthodox.de\/index.php?rest_route=%2Fwp%2Fv2%2Ftags&post=501"}],"curies":[{"name":"wp","href":"https:\/\/api.w.org\/{rel}","templated":true}]}}