{"id":497,"date":"2016-03-14T08:37:26","date_gmt":"2016-03-14T07:37:26","guid":{"rendered":"http:\/\/www.bambergorthodox.de\/?p=497"},"modified":"2016-03-14T08:39:05","modified_gmt":"2016-03-14T07:39:05","slug":"pastorala-la-inceputul-postului-mare-2016","status":"publish","type":"post","link":"https:\/\/www.bambergorthodox.de\/?p=497","title":{"rendered":"Pastoral\u0103 la \u00eenceputul Postului Mare 2016"},"content":{"rendered":"<p><em><a  href=\"https:\/\/www.bambergorthodox.de\/wp-content\/uploads\/2016\/03\/ips-serafim-16-08-2013.jpg\" data-rel=\"lightbox-gallery-0\" data-rl_title=\"\" data-rl_caption=\"\" title=\"\"><img loading=\"lazy\" decoding=\"async\" class=\"size-medium wp-image-498 alignleft\" src=\"https:\/\/www.bambergorthodox.de\/wp-content\/uploads\/2016\/03\/ips-serafim-16-08-2013-300x200.jpg\" alt=\"ips-serafim-16-08-2013\" width=\"300\" height=\"200\" srcset=\"https:\/\/www.bambergorthodox.de\/wp-content\/uploads\/2016\/03\/ips-serafim-16-08-2013-300x200.jpg 300w, https:\/\/www.bambergorthodox.de\/wp-content\/uploads\/2016\/03\/ips-serafim-16-08-2013.jpg 500w\" sizes=\"auto, (max-width: 300px) 100vw, 300px\" \/><\/a>Preacucernici P\u0103rin\u0163i \u015fi iubi\u0163i credincio\u015fi,<\/em><\/p>\n<p><em>Mitropolia Ortodox\u0103 Rom\u00e2n\u0103 a Germaniei, Europei Centrale \u015fi de Nord este alc\u0103tuit\u0103 din dou\u0103 Eparhii: Arhiepiscopia Germaniei, Austriei \u015fi Luxemburgului, cu sediul la N\u00fcrnberg, \u00een Germania \u015fi Episcopia Ortodox\u0103 Rom\u00e2n\u0103 a Europei de Nord, cu sediul la Stockholm, \u00een Suedia.<\/em><\/p>\n<p><em>Sinodul mitropolitan, format din P\u0103rintele Mitropolit Serafim, P\u0103rintele Episcop Macarie \u015fi P\u0103rintele Episcop vicar Sofian Bra\u015foveanul, v\u0103 adreseaz\u0103 aceast\u0103 Scrisoare pastoral\u0103 la \u00eenceputul Postului Mare cu un scop precis \u015fi anume acela de a ne solidariza cu to\u0163ii, prin post \u015fi rug\u0103ciune, cu cre\u015ftinii din \u00eentreaga lume care sufer\u0103 din cauza credin\u0163ei lor.<\/em><!--more--><\/p>\n<p>Potrivit informa\u021biilor pe care le primim prin mijloacele mass-media, cre\u015ftinii sunt la ora actual\u0103 cei mai persecuta\u0163i din lume. Un studiu arat\u0103 c\u0103 numai \u00een anul 2015 au fost omor\u00e2\u0163i, din motive religioase, mai mult de 7000 de cre\u015ftini, \u00een afar\u0103 de cei din Coreea de Nord, Siria \u015fi Irak unde nu exist\u0103, deocamdat\u0103, o eviden\u0163\u0103 clar\u0103 a celor uci\u0219i sau prigoni\u0163i. \u00centre ace\u015ftia se num\u0103r\u0103 \u015fi doi mitropoli\u0163i: Pavel, fratele actualului Patriarh al Antiohiei \u015fi Grigorie din Biserica siriac\u0103, r\u0103pi\u0163i cu trei ani \u00een urm\u0103. Potrivit aceluia\u015fi studiu, \u00een anul 2015 au fost atacate sau distruse 24.000 de loca\u015furi de cult, dublu fa\u0163\u0103 de anul 2014.<\/p>\n<p>Dar pe l\u00e2ng\u0103 persecu\u0163ia din afar\u0103 \u00eempotriva cre\u015ftinismului, exist\u0103 \u015fi o \u201epersecu\u0163ie\u201d din\u0103untru, mai perfid\u0103 \u015fi mai periculoas\u0103, pentru c\u0103 credin\u0163a este atacat\u0103 \u00een \u00eens\u0103\u015fi fiin\u0163a ei. Este vorba de<strong>\u201edemonul seculariz\u0103rii\u201d<\/strong> care ne face s\u0103 c\u0103ut\u0103m numai lucrurile materiale \u015fi pl\u0103cerile vie\u0163ii, pentru ca s\u0103 uit\u0103m de Dumnezeu \u015fi de via\u0163a de dup\u0103 moarte, precum \u0219i de <strong>\u201edemonul libert\u0103\u0163i\u201d<\/strong> care vrea s\u0103 ne elibereze de a\u015fa-zisa \u201epovar\u0103\u201d a legilor moralei evanghelice \u015fi chiar ale firii, pentru ca s\u0103 fim cu totul liberi, ceea ce \u00een realitate \u00eenseamn\u0103 s\u0103 fim cu totul robi ai p\u0103catului. Constat\u0103m cu durere c\u0103 pentru omul modern p\u0103catul nu exist\u0103. Oamenii de ast\u0103zi nu mai \u00een\u0163eleg \u015fi nu mai recunosc realitatea sclaviei \u00een care \u00eei \u00eempinge p\u0103catul, ceea ce-i face s\u0103 proclame drept libertate \u00eenrobirea fa\u0163\u0103 de patimi. \u201eAdev\u0103rat v\u0103 spun vou\u0103: Oricine s\u0103v\u00e2r\u015fe\u015fte p\u0103catul este rob p\u0103catului\u201d (Ioan 8, 34).<\/p>\n<p>Societatea \u00een care tr\u0103im, de\u015fi are fundamente cre\u015ftine, nu se mai conduce dup\u0103 principiile evanghelice care promoveaz\u0103 via\u0163a \u015fi o fere\u015fte de degradare, ci adopt\u0103 legi imorale \u015fi \u00eempotriva naturii, care cu timpul o ruineaz\u0103. Robia sau sclavia p\u0103catului nu poate s\u0103 aduc\u0103 omului fericirea pe care \u015fi-o dore\u015fte. Dimpotriv\u0103, p\u0103catul, oricare ar fi el, este o dram\u0103 \u00eempreunat\u0103 cu tot felul de boli \u015fi suferin\u0163e, suflete\u015fti \u015fi trupe\u015fti, precum \u0219i cu nereu\u015fite \u00een via\u0163\u0103, care-l fac pe om nefericit. Singura noastr\u0103 salvare este Hristos Care ne a\u015fteapt\u0103, ca pe fiul risipitor, s\u0103 ne \u00eentoarcem la El prin poc\u0103in\u0163\u0103, adic\u0103 prin recunoa\u015fterea p\u0103catelor \u015fi m\u0103rturisirea lor \u00een Scaunul Spovedaniei \u015fi \u00eendreptarea vie\u0163ii dup\u0103 poruncile lui Dumnezeu.<\/p>\n<p>Demonii care-l ispitesc pe om \u015fi-l \u00eendeamn\u0103 la p\u0103cat, pentru ca apoi s\u0103-l robeasc\u0103, nu ies \u00a0dec\u00e2t prin rug\u0103ciune \u015fi prin post (Matei 17, 21). De aceea v\u0103 chem\u0103m pe voi to\u0163i, fiii no\u015ftri<\/p>\n<p>duhovnice\u015fti, s\u0103 \u00eenmul\u0163i\u0163i rug\u0103ciunea \u015fi s\u0103 posti\u0163i cu deosebire \u00een aceast\u0103 perioad\u0103 a Postului Mare, pun\u00e2nd \u00eenaintea M\u00e2ntuitorului Iisus Hristos g\u00e2ndul \u015fi dorin\u0163a noastr\u0103 ca s\u0103-i apere pe cei ce cred \u00een El, s\u0103-i ierte \u015fi s\u0103-i \u00eentoarc\u0103 de la r\u0103utatea lor pe vr\u0103jma\u015fii cre\u015ftinilor, iar pe noi, cei credincio\u015fi, s\u0103 ne izb\u0103veasc\u0103 de robia p\u0103catului, s\u0103 ne p\u0103zeasc\u0103 de tot r\u0103ul \u015fi s\u0103 ne \u00eemplineasc\u0103 cererile cele bune, spre m\u00e2ntuire \u015fi via\u0163\u0103 ve\u015fnic\u0103. Cu deosebire \u00een acest Post s\u0103 \u00eencerc\u0103m s\u0103 citim zilnic, pe l\u00e2ng\u0103 rug\u0103ciunile obi\u015fnuite de diminea\u0163a \u015fi seara, Paraclisul Maicii Domnului \u015fi din Psaltire (cine poate, o catism\u0103 pe zi). De asemenea, s\u0103 nu uit\u0103m s\u0103 citim mereu Cuv\u00e2ntul lui Dumnezeu din Noul Testament, care ne d\u0103 via\u0163\u0103. S\u0103 facem de asemenea, zilnic, c\u00e2t mai multe metanii, at\u00e2t de folositoare sufletului \u015fi trupului.<\/p>\n<p>Pe cei care sunte\u0163i obi\u015fnui\u0163i cu postul \u015fi v\u0103 sim\u0163i\u0163i \u00een stare, v\u0103 \u00eendemn\u0103m s\u0103 posti\u0163i miercurea \u015fi vinerea f\u0103r\u0103 s\u0103 gusta\u0163i nimic, nici chiar ap\u0103, p\u00e2n\u0103 seara, sau cel pu\u0163in p\u00e2n\u0103 la ora trei dup\u0103 amiaz\u0103, ceasul mor\u021bii M\u00e2ntuitorului pe cruce, pentru p\u0103catele noastre. Dup\u0103 Tradi\u0163ia veche a Bisericii, a posti \u00eenseamn\u0103 a nu gusta nimic p\u00e2n\u0103 seara. Postul mai sever este o mare binecuv\u00e2ntare pentru via\u0163a noastr\u0103, at\u00e2t pentru suflet, c\u00e2t \u015fi pentru trup. Cel ce poste\u015fte dup\u0103 r\u00e2nduiala Bisericii, va fi mult mai s\u0103n\u0103tos dec\u00e2t cel care nu poste\u015fte. To\u0163i P\u0103rin\u0163ii spun c\u0103 postul este r\u00e2nduit de Dumnezeu nu pentru omor\u00e2rea trupului, ci a patimilor care ucid trupul.<\/p>\n<p>\u00cens\u0103 rug\u0103ciunea \u015fi postul sunt bineprimite de Dumnezeu numai dac\u0103 suntem \u00eencadra\u0163i \u00een Biseric\u0103, particip\u00e2nd activ la via\u0163a parohiei de care apar\u0163inem, rug\u00e2ndu-ne \u00eempreun\u0103 la Sf\u00e2nta Liturghie \u015fi \u00eemp\u0103rt\u0103\u015findu-ne\u00a0 c\u00e2t mai des cu Trupul \u015fi S\u00e2ngele Domnului. Rug\u0103ciunea \u00een biseric\u0103 \u015fi rug\u0103ciunea particular\u0103, f\u0103cut\u0103 acas\u0103, pe drum, la lucru, \u00een toat\u0103 vremea \u015fi \u00een tot locul, ca \u015fi postul din miercurile \u015fi vinerile de peste an, precum \u015fi din cele patru Posturi mari, ne fac mai buni \u015fi mai bl\u00e2nzi. Rug\u0103ciunea \u015fi postul \u00eenmul\u0163esc \u00een inima noastr\u0103 dragostea fa\u0163\u0103 de Dumnezeu \u015fi fa\u0163\u0103 de semeni, cu care trebuie s\u0103 tr\u0103im \u00een pace \u015fi \u00een \u00een\u0163elegere \u015fi s\u0103-i ajut\u0103m la nevoie. Nu putem posti \u015fi nu putem s\u0103 ne rug\u0103m cu adev\u0103rat dec\u00e2t dac\u0103 ne silim s\u0103 iubim pe semenii no\u015ftri, \u00eencep\u00e2nd cu cei din familia noastr\u0103.<\/p>\n<p>\u015ei pentru c\u0103 suntem \u00een Duminica iert\u0103rii, s\u0103 ne cerem iertare de la to\u0163i cei pe care i-am sup\u0103rat cu cuv\u00e2ntul sau cu fapta, pentru ca rug\u0103ciunea \u015fi postul nostru s\u0103 fie bineprimite de Dumnezeu.<\/p>\n<p>Noi suntem cei dint\u00e2i care cerem iertare de la fr\u0103\u021biile voastre, preo\u0163ii \u015fi credincio\u015fii \u00eencredin\u0163a\u0163i nou\u0103 de Dumnezeu spre p\u0103storire.<\/p>\n<p>Bunul Dumnezeu s\u0103 primeasc\u0103 rug\u0103ciunea \u015fi postul nostru \u015fi s\u0103 \u00eentoarc\u0103 la poc\u0103in\u0163\u0103, pe potrivnicii cre\u015ftinilor de pretutindeni, ca s\u0103 vie\u021buim cu to\u021bii \u00een iubire \u0219i \u00een facerea de bine!<\/p>\n<p>Harul Domnului nostru Iisus Hristos \u015fi dragostea lui Dumnezeu Tat\u0103l \u015fi p\u0103rt\u0103\u015fia Sf\u00e2ntului Duh s\u0103 fie cu voi cu to\u0163i!<\/p>\n<p>+SERAFIM<\/p>\n<p>Arhiepiscopul ortodox rom\u00e2n al Germaniei, Austriei \u015fi Luxemburgului \u015fi Mitropolitul Germaniei, Europei Centrale \u0219i de Nord<\/p>\n<p>&nbsp;<\/p>\n<p>+MACARIE<\/p>\n<p>Episcopul ortodox rom\u00e2n al Europei de Nord<\/p>\n<p>&nbsp;<\/p>\n<p>+SOFIAN Bra\u015foveanul<\/p>\n<p>Episcop-vicar al Arhiepiscopiei Ortodoxe Rom\u00e2ne a Germaniei, Austriei \u015fi Luxemburgului<\/p>\n<p>&nbsp;<\/p>\n","protected":false},"excerpt":{"rendered":"<p>Preacucernici P\u0103rin\u0163i \u015fi iubi\u0163i credincio\u015fi, Mitropolia Ortodox\u0103 Rom\u00e2n\u0103 a Germaniei, Europei Centrale \u015fi de Nord este alc\u0103tuit\u0103 din dou\u0103 Eparhii: Arhiepiscopia Germaniei, Austriei \u015fi Luxemburgului, cu sediul la N\u00fcrnberg, \u00een Germania \u015fi Episcopia Ortodox\u0103 Rom\u00e2n\u0103 a Europei de Nord, cu sediul la Stockholm, \u00een Suedia. Sinodul mitropolitan, format din P\u0103rintele Mitropolit Serafim, P\u0103rintele Episcop Macarie &#8230; <a class=\"read-more\" href=\"https:\/\/www.bambergorthodox.de\/?p=497\">Read more&#8230;<\/a><\/p>\n","protected":false},"author":1,"featured_media":0,"comment_status":"open","ping_status":"open","sticky":false,"template":"","format":"standard","meta":{"jetpack_post_was_ever_published":false,"_jetpack_newsletter_access":"","_jetpack_dont_email_post_to_subs":false,"_jetpack_newsletter_tier_id":0,"_jetpack_memberships_contains_paywalled_content":false,"_jetpack_memberships_contains_paid_content":false,"footnotes":"","jetpack_publicize_message":"","jetpack_publicize_feature_enabled":true,"jetpack_social_post_already_shared":false,"jetpack_social_options":{"image_generator_settings":{"template":"highway","default_image_id":0,"font":"","enabled":false},"version":2}},"categories":[5],"tags":[],"class_list":["post-497","post","type-post","status-publish","format-standard","hentry","category-text_menue"],"jetpack_publicize_connections":[],"jetpack_featured_media_url":"","jetpack_sharing_enabled":true,"jetpack_shortlink":"https:\/\/wp.me\/p93ZOd-81","_links":{"self":[{"href":"https:\/\/www.bambergorthodox.de\/index.php?rest_route=\/wp\/v2\/posts\/497","targetHints":{"allow":["GET"]}}],"collection":[{"href":"https:\/\/www.bambergorthodox.de\/index.php?rest_route=\/wp\/v2\/posts"}],"about":[{"href":"https:\/\/www.bambergorthodox.de\/index.php?rest_route=\/wp\/v2\/types\/post"}],"author":[{"embeddable":true,"href":"https:\/\/www.bambergorthodox.de\/index.php?rest_route=\/wp\/v2\/users\/1"}],"replies":[{"embeddable":true,"href":"https:\/\/www.bambergorthodox.de\/index.php?rest_route=%2Fwp%2Fv2%2Fcomments&post=497"}],"version-history":[{"count":2,"href":"https:\/\/www.bambergorthodox.de\/index.php?rest_route=\/wp\/v2\/posts\/497\/revisions"}],"predecessor-version":[{"id":500,"href":"https:\/\/www.bambergorthodox.de\/index.php?rest_route=\/wp\/v2\/posts\/497\/revisions\/500"}],"wp:attachment":[{"href":"https:\/\/www.bambergorthodox.de\/index.php?rest_route=%2Fwp%2Fv2%2Fmedia&parent=497"}],"wp:term":[{"taxonomy":"category","embeddable":true,"href":"https:\/\/www.bambergorthodox.de\/index.php?rest_route=%2Fwp%2Fv2%2Fcategories&post=497"},{"taxonomy":"post_tag","embeddable":true,"href":"https:\/\/www.bambergorthodox.de\/index.php?rest_route=%2Fwp%2Fv2%2Ftags&post=497"}],"curies":[{"name":"wp","href":"https:\/\/api.w.org\/{rel}","templated":true}]}}