{"id":491,"date":"2016-03-14T08:31:23","date_gmt":"2016-03-14T07:31:23","guid":{"rendered":"http:\/\/www.bambergorthodox.de\/?p=491"},"modified":"2016-03-14T08:33:49","modified_gmt":"2016-03-14T07:33:49","slug":"infiintarea-institutului-romano-german-ex-fide-lux-pentru-teologie-stiinta-cultura-si-dialog","status":"publish","type":"post","link":"https:\/\/www.bambergorthodox.de\/?p=491","title":{"rendered":"\u00cenfiin\u021barea Institutului Rom\u00e2no-German \u201eEx fide lux\u201d pentru Teologie, \u0218tiin\u021b\u0103, Cultur\u0103 \u0219i Dialog"},"content":{"rendered":"<p><em><a  href=\"https:\/\/www.bambergorthodox.de\/wp-content\/uploads\/2016\/03\/DSCN1321.jpg\" data-rel=\"lightbox-gallery-0\" data-rl_title=\"\" data-rl_caption=\"\" title=\"\"><img loading=\"lazy\" decoding=\"async\" class=\"size-medium wp-image-492 alignleft\" src=\"https:\/\/www.bambergorthodox.de\/wp-content\/uploads\/2016\/03\/DSCN1321-300x238.jpg\" alt=\"DSCN1321\" width=\"300\" height=\"238\" srcset=\"https:\/\/www.bambergorthodox.de\/wp-content\/uploads\/2016\/03\/DSCN1321-300x238.jpg 300w, https:\/\/www.bambergorthodox.de\/wp-content\/uploads\/2016\/03\/DSCN1321.jpg 760w\" sizes=\"auto, (max-width: 300px) 100vw, 300px\" \/><\/a>Vineri, 11 martie, la Centrul Mitropolitan din N\u00fcrnberg a avut loc \u0219edin\u021ba de constituire a Institutului Rom\u00e2no-German \u201eEx fide lux\u201d pentru Teologie, \u0218tiin\u021b\u0103, Cultur\u0103 \u0219i Dialog, \u00een prezen\u021ba \u00cenaltpreasfin\u021bitului P\u0103rinte Mitropolit Serafim, a Preasfin\u021bitului P\u0103rinte Sofian Bra\u0219oveanul, Episcop-vicar, precum \u0219i a unor teologi germani \u0219i rom\u00e2ni.<\/em><!--more--><\/p>\n<p>Institutul, cu sediul la Centrul Mitropolitan, s-a constituit din dorin\u021ba mai multor teologi rom\u00e2ni \u0219i germani \u0219i la ini\u021biativa Pastorului evanghelic Dr. J\u00fcrgen Henkel, cu scopul de a fi promovat mai bine dialogul teologic, dar \u0219i cel cultural \u00eentre spa\u021biul rom\u00e2nesc \u0219i german, populariz\u00e2nd lucr\u0103ri teologice rom\u00e2ne\u0219ti \u00een Germania, precum \u0219i lucr\u0103ri teologice germane \u00een Rom\u00e2nia. De asemenea, pe viitor Institutul \u00ee\u0219i propune s\u0103 organizeze seminarii, conferin\u021be \u0219i congrese interdisciplinare \u0219i \u00een special pe teme teologice, istorice \u0219i culturale, s\u0103 favorizeze proiecte sociale \u0219i de dialog \u00eentre spa\u021biul german \u0219i cel rom\u00e2nesc, s\u0103 organizeze excursii \u0219i alte manifest\u0103ri cu scopul \u00eembog\u0103\u021birii culturale \u0219i spirituale reciproce.<\/p>\n<p>La \u0219edin\u021ba de constituire a Institutului a fost stabilit\u0103 conducerea, format\u0103 din: Dl. Prof. Dr. H.C. Herrmann Schoenauer, rector emerit al Diaconiei din Neuendettelsau \u2013 pre\u0219edinte, PS Sofian Bra\u0219oveanul \u2013 vicepre\u0219edinte \u0219i \u00cePS Serafim \u2013 pre\u0219edinte al curatoriului \u0219tiin\u021bific.<\/p>\n<p>\u00cenfiin\u021barea Institutului rom\u00e2no-german a coincis cu aniversarea a 26 de ani de slujire arhiereasc\u0103 a \u00cenaltpreasfin\u021bitului P\u0103rinte Mitropolit Serafim, momentul fiind s\u0103rb\u0103torit \u00een cadrul agapei fr\u0103\u021be\u0219ti ce a urmat.<\/p>\n<p>\u00cen urma adopt\u0103rii statutului, \u00een zilele urm\u0103toare, Institutul va fi \u00eenregistrat oficial ca Asocia\u021bie Non-Profit, la care sunt invita\u021bi s\u0103 adere teologi rom\u00e2ni \u0219i germani, de confesiune ortodox\u0103, romano-catolic\u0103 \u0219i luteran\u0103.<\/p>\n<p>&nbsp;<\/p>\n<p>\u0218tire preluat\u0103 de pe site-ul Mitropoliei <a href=\"http:\/\/www.mitropolia-ro.de\">www.mitropolia-ro.de<\/a><\/p>\n","protected":false},"excerpt":{"rendered":"<p>Vineri, 11 martie, la Centrul Mitropolitan din N\u00fcrnberg a avut loc \u0219edin\u021ba de constituire a Institutului Rom\u00e2no-German \u201eEx fide lux\u201d pentru Teologie, \u0218tiin\u021b\u0103, Cultur\u0103 \u0219i Dialog, \u00een prezen\u021ba \u00cenaltpreasfin\u021bitului P\u0103rinte Mitropolit Serafim, a Preasfin\u021bitului P\u0103rinte Sofian Bra\u0219oveanul, Episcop-vicar, precum \u0219i a unor teologi germani \u0219i rom\u00e2ni.<\/p>\n","protected":false},"author":1,"featured_media":0,"comment_status":"open","ping_status":"open","sticky":false,"template":"","format":"standard","meta":{"jetpack_post_was_ever_published":false,"_jetpack_newsletter_access":"","_jetpack_dont_email_post_to_subs":false,"_jetpack_newsletter_tier_id":0,"_jetpack_memberships_contains_paywalled_content":false,"_jetpack_memberships_contains_paid_content":false,"footnotes":"","jetpack_publicize_message":"","jetpack_publicize_feature_enabled":true,"jetpack_social_post_already_shared":false,"jetpack_social_options":{"image_generator_settings":{"template":"highway","default_image_id":0,"font":"","enabled":false},"version":2}},"categories":[5],"tags":[],"class_list":["post-491","post","type-post","status-publish","format-standard","hentry","category-text_menue"],"jetpack_publicize_connections":[],"jetpack_featured_media_url":"","jetpack_sharing_enabled":true,"jetpack_shortlink":"https:\/\/wp.me\/p93ZOd-7V","_links":{"self":[{"href":"https:\/\/www.bambergorthodox.de\/index.php?rest_route=\/wp\/v2\/posts\/491","targetHints":{"allow":["GET"]}}],"collection":[{"href":"https:\/\/www.bambergorthodox.de\/index.php?rest_route=\/wp\/v2\/posts"}],"about":[{"href":"https:\/\/www.bambergorthodox.de\/index.php?rest_route=\/wp\/v2\/types\/post"}],"author":[{"embeddable":true,"href":"https:\/\/www.bambergorthodox.de\/index.php?rest_route=\/wp\/v2\/users\/1"}],"replies":[{"embeddable":true,"href":"https:\/\/www.bambergorthodox.de\/index.php?rest_route=%2Fwp%2Fv2%2Fcomments&post=491"}],"version-history":[{"count":4,"href":"https:\/\/www.bambergorthodox.de\/index.php?rest_route=\/wp\/v2\/posts\/491\/revisions"}],"predecessor-version":[{"id":496,"href":"https:\/\/www.bambergorthodox.de\/index.php?rest_route=\/wp\/v2\/posts\/491\/revisions\/496"}],"wp:attachment":[{"href":"https:\/\/www.bambergorthodox.de\/index.php?rest_route=%2Fwp%2Fv2%2Fmedia&parent=491"}],"wp:term":[{"taxonomy":"category","embeddable":true,"href":"https:\/\/www.bambergorthodox.de\/index.php?rest_route=%2Fwp%2Fv2%2Fcategories&post=491"},{"taxonomy":"post_tag","embeddable":true,"href":"https:\/\/www.bambergorthodox.de\/index.php?rest_route=%2Fwp%2Fv2%2Ftags&post=491"}],"curies":[{"name":"wp","href":"https:\/\/api.w.org\/{rel}","templated":true}]}}