{"id":4882,"date":"2022-03-16T09:23:50","date_gmt":"2022-03-16T08:23:50","guid":{"rendered":"https:\/\/www.bambergorthodox.de\/?p=4882"},"modified":"2022-03-16T09:24:21","modified_gmt":"2022-03-16T08:24:21","slug":"doamne-invata-ne-sa-ne-rugam-lc-111-conferinte-online-dedicate-rugaciunii","status":"publish","type":"post","link":"https:\/\/www.bambergorthodox.de\/?p=4882","title":{"rendered":"\u201eDoamne, \u00eenva\u021b\u0103-ne s\u0103 ne rug\u0103m\u201d (Lc. 11,1) &#8211; conferin\u021be online dedicate rug\u0103ciunii"},"content":{"rendered":"<a  href=\"https:\/\/www.bambergorthodox.de\/wp-content\/uploads\/2022\/03\/2022_conferinte_rugaciune_nou.jpg\" data-rel=\"lightbox-gallery-0\" data-rl_title=\"\" data-rl_caption=\"\" title=\"\"><img loading=\"lazy\" decoding=\"async\" class=\"size-medium wp-image-4881 alignleft\" src=\"https:\/\/www.bambergorthodox.de\/wp-content\/uploads\/2022\/03\/2022_conferinte_rugaciune_nou-212x300.jpg\" alt=\"\" width=\"212\" height=\"300\" srcset=\"https:\/\/www.bambergorthodox.de\/wp-content\/uploads\/2022\/03\/2022_conferinte_rugaciune_nou-212x300.jpg 212w, https:\/\/www.bambergorthodox.de\/wp-content\/uploads\/2022\/03\/2022_conferinte_rugaciune_nou-724x1024.jpg 724w, https:\/\/www.bambergorthodox.de\/wp-content\/uploads\/2022\/03\/2022_conferinte_rugaciune_nou-768x1086.jpg 768w, https:\/\/www.bambergorthodox.de\/wp-content\/uploads\/2022\/03\/2022_conferinte_rugaciune_nou-1086x1536.jpg 1086w, https:\/\/www.bambergorthodox.de\/wp-content\/uploads\/2022\/03\/2022_conferinte_rugaciune_nou.jpg 1131w\" sizes=\"auto, (max-width: 212px) 100vw, 212px\" \/><\/a>\u00cen prim\u0103vara anului 2022, dedicat rug\u0103ciunii \u0219i sfin\u021bilor isiha\u0219ti, Arhiepiscopia Ortodox\u0103 Rom\u00e2n\u0103 a Germaniei, Austriei \u015fi Luxemburgului \u00eempreun\u0103 cu Centrul Bisericesc Rom\u00e2n din M\u00fcnchen organizeaz\u0103 o serie de conferin\u021be online despre rug\u0103ciune, intitulat\u0103 \u201eDoamne, \u00eenva\u021b\u0103-ne s\u0103 ne rug\u0103m\u201d (Lc. 11,1). Conferin\u021bele vor \u00eencepe \u00een fiecare mar\u021bi, la h. 19.00 (ora Germaniei).<\/p>\n<p>Programul conferin\u021belor este urm\u0103torul:<!--more--><\/p>\n<p><strong>Perioada Triodului <\/strong><\/p>\n<p>15 martie 2022 \u2013 \u00cePS Mitropolit Serafim &#8211; <em>Sf. Paisie Velicicovschi sau Velicikovski, \u00eennoitorul vie\u021bii isihaste in Biserica Ortodox\u0103<\/em><\/p>\n<p>22 martie 2022 \u2013 Pr. Prof. Gheorghe Holbea (Bucure\u0219ti) \u2013 <em>Rugul Aprins \u0219i rezisten\u021ba prin rug\u0103ciune <\/em><\/p>\n<p>29 martie 2022 \u2013 Pr. Prot. D\u0103nu\u021b Benga (Bra\u0219ov) \u2013 <em>Crucea \u0219i rug\u0103ciunea \u00een via\u021ba cre\u0219tinului<\/em><\/p>\n<p>5 aprilie 2022 \u2013 PS Episcop-vicar Damaschin Dorneanul \u2013 <em>Rug\u0103ciunea ca \u201e\u00cemp\u0103r\u0103teas\u0103 a virtu\u021bilor\u201d la Sf. Ioan Sc\u0103rarul <\/em><\/p>\n<p>12 aprilie 2022 \u2013 Pr. Prof. Ioan Moga (Viena) \u2013 <em>\u201eCe este ceea ce se lucreaz\u0103 \u00eentru mine de Tine, Dumnezeule?\u201c <\/em>\u2013<em>Rug\u0103ciune \u0219i autocunoa\u0219tere la Sf. Simeon Noul Teolog<\/em><\/p>\n<p><strong>Perioada Penticostarului <\/strong><\/p>\n<p>3 mai 2022 \u2013 PS Episcop-vicar Sofian \u2013 <em>\u201eHristos a \u00eenviat <\/em>\u2013 <em>Bucuria mea!\u201d<\/em><\/p>\n<p>10 mai 2022 \u2013 Pr. Prof. Daniel Benga (M\u00fcnchen) \u2013 <em>Istoria, teologia \u0219i taina \u201eRug\u0103ciunilor \u00eencep\u0103toare\u201d<\/em><\/p>\n<p>17 mai 2022 \u2013 Prof. Dr. Georgiana Huian (Berna) \u2013 <em>Inima \u0219i rug\u0103ciunea inimii la Sf. Diadoh al Foticeii<\/em><\/p>\n<p>31 mai 2022 \u2013 Ierom. Dr. Ioan Popoiu (N\u00fcrnberg) \u2013 <em>\u201eAp\u0103r\u0103torul cel mare\u2026\u201d <\/em><em>\u2013 <\/em><em>Comentariu <\/em><em>la Acatistul M<\/em><em>\u00e2ntuitorului <\/em><\/p>\n<p>7 iunie 2022 \u2013 Pr. Stare\u021b Melchisedec (M-rea Lup\u0219a) \u2013 <em>Rug\u0103ciunea \u00een Duhul Sf\u00e2nt <\/em><\/p>\n<p>Accesul la toate conferin\u021bele se va face prin intermediul platformei Zoom, de aici: <a href=\"https:\/\/us02web.zoom.us\/j\/88209589996\">https:\/\/us02web.zoom.us\/j\/88209589996<\/a>. Emisiunile vor fi retransmise pe canalele Facebook ale Mitropoliei, Centrului Bisericesc din M\u00fcnchen \u0219i ale Portalului de \u0219tiri \u0219i informa\u021bii ortodoxe \u201eDoxologia\u201d de la Ia\u0219i.<\/p>\n<p>Sursa: www.cbrom.de","protected":false},"excerpt":{"rendered":"<p>\u00cen prim\u0103vara anului 2022, dedicat rug\u0103ciunii \u0219i sfin\u021bilor isiha\u0219ti, Arhiepiscopia Ortodox\u0103 Rom\u00e2n\u0103 a Germaniei, Austriei \u015fi Luxemburgului \u00eempreun\u0103 cu Centrul Bisericesc Rom\u00e2n din M\u00fcnchen organizeaz\u0103 o serie de conferin\u021be online despre rug\u0103ciune, intitulat\u0103 \u201eDoamne, \u00eenva\u021b\u0103-ne s\u0103 ne rug\u0103m\u201d (Lc. 11,1). Conferin\u021bele vor \u00eencepe \u00een fiecare mar\u021bi, la h. 19.00 (ora Germaniei). Programul conferin\u021belor este urm\u0103torul:<\/p>\n","protected":false},"author":1,"featured_media":0,"comment_status":"closed","ping_status":"open","sticky":false,"template":"","format":"standard","meta":{"jetpack_post_was_ever_published":false,"_jetpack_newsletter_access":"","_jetpack_dont_email_post_to_subs":false,"_jetpack_newsletter_tier_id":0,"_jetpack_memberships_contains_paywalled_content":false,"_jetpack_memberships_contains_paid_content":false,"footnotes":"","jetpack_publicize_message":"","jetpack_publicize_feature_enabled":true,"jetpack_social_post_already_shared":false,"jetpack_social_options":{"image_generator_settings":{"template":"highway","default_image_id":0,"font":"","enabled":false},"version":2}},"categories":[5],"tags":[],"class_list":["post-4882","post","type-post","status-publish","format-standard","hentry","category-text_menue"],"jetpack_publicize_connections":[],"jetpack_featured_media_url":"","jetpack_sharing_enabled":true,"jetpack_shortlink":"https:\/\/wp.me\/p93ZOd-1gK","_links":{"self":[{"href":"https:\/\/www.bambergorthodox.de\/index.php?rest_route=\/wp\/v2\/posts\/4882","targetHints":{"allow":["GET"]}}],"collection":[{"href":"https:\/\/www.bambergorthodox.de\/index.php?rest_route=\/wp\/v2\/posts"}],"about":[{"href":"https:\/\/www.bambergorthodox.de\/index.php?rest_route=\/wp\/v2\/types\/post"}],"author":[{"embeddable":true,"href":"https:\/\/www.bambergorthodox.de\/index.php?rest_route=\/wp\/v2\/users\/1"}],"replies":[{"embeddable":true,"href":"https:\/\/www.bambergorthodox.de\/index.php?rest_route=%2Fwp%2Fv2%2Fcomments&post=4882"}],"version-history":[{"count":2,"href":"https:\/\/www.bambergorthodox.de\/index.php?rest_route=\/wp\/v2\/posts\/4882\/revisions"}],"predecessor-version":[{"id":4884,"href":"https:\/\/www.bambergorthodox.de\/index.php?rest_route=\/wp\/v2\/posts\/4882\/revisions\/4884"}],"wp:attachment":[{"href":"https:\/\/www.bambergorthodox.de\/index.php?rest_route=%2Fwp%2Fv2%2Fmedia&parent=4882"}],"wp:term":[{"taxonomy":"category","embeddable":true,"href":"https:\/\/www.bambergorthodox.de\/index.php?rest_route=%2Fwp%2Fv2%2Fcategories&post=4882"},{"taxonomy":"post_tag","embeddable":true,"href":"https:\/\/www.bambergorthodox.de\/index.php?rest_route=%2Fwp%2Fv2%2Ftags&post=4882"}],"curies":[{"name":"wp","href":"https:\/\/api.w.org\/{rel}","templated":true}]}}