{"id":4797,"date":"2021-11-05T14:25:48","date_gmt":"2021-11-05T13:25:48","guid":{"rendered":"https:\/\/www.bambergorthodox.de\/?p=4797"},"modified":"2021-11-05T14:30:13","modified_gmt":"2021-11-05T13:30:13","slug":"4797","status":"publish","type":"post","link":"https:\/\/www.bambergorthodox.de\/?p=4797","title":{"rendered":"\u0218COALA DE \u0218AH"},"content":{"rendered":"<em><a  href=\"https:\/\/www.bambergorthodox.de\/wp-content\/uploads\/2021\/11\/Afis-sah.jpg\" data-rel=\"lightbox-gallery-0\" data-rl_title=\"\" data-rl_caption=\"\" title=\"\"><img loading=\"lazy\" decoding=\"async\" class=\"size-medium wp-image-4800 alignleft\" src=\"https:\/\/www.bambergorthodox.de\/wp-content\/uploads\/2021\/11\/Afis-sah-212x300.jpg\" alt=\"\" width=\"212\" height=\"300\" srcset=\"https:\/\/www.bambergorthodox.de\/wp-content\/uploads\/2021\/11\/Afis-sah-212x300.jpg 212w, https:\/\/www.bambergorthodox.de\/wp-content\/uploads\/2021\/11\/Afis-sah.jpg 595w\" sizes=\"auto, (max-width: 212px) 100vw, 212px\" \/><\/a>Dragi copii,\u00a0<\/em><em>dragi p\u0103rin\u021bi,<\/em><\/p>\n<p><em>v\u0103 anun\u021b\u0103m c\u0103 \u00eencep\u00e2nd din luna decembrie 2021, ve\u021bi avea posibilitatea <\/em><em>de a exersa sportul minti: \u0219ahul! Dac\u0103 acesta vi se pare interesant \u0219i dori\u021bi s\u0103 beneficia\u021bi de dezvoltarea g\u00e2ndirii, a imaginatiei, a logicii \u0219i a memoriei, v\u0103 a\u0219tept\u0103m cu mare bucurie la \u0218COALA DE \u0218AH!\u00a0<\/em><em>Fabian Kowatsch v\u0103 va ini\u021bia \u00een tainele \u0219ahului. Acesta este un juc\u0103tor profesionist de \u0219ah, are mul\u021bi ani de experien\u021b\u0103 \u0219i este membru al parohiei noastre.<\/em><!--more--><\/p>\n<p><em>Cursurile \u0219colii de \u0219ah se vor desf\u0103\u0219ura \u00een sala parohial\u0103, <u>\u00een fiecare prima duminic\u0103 din lun\u0103 dup\u0103 Sf\u00e2nta Liturghie (orele 12:00-13:00)<\/u>, \u00een timp ce p\u0103rin\u021bii vor putea servi o cafea \u0219i se vor putea \u00eentre\u021bine la o discu\u021bie duhovniceasc\u0103. <\/em><em>\u0218coala de \u0219ah se adreseaz\u0103 tuturor copiilor \u00eencep\u00e2nd cu v\u00e2rsta de 6 ani, iar participarea este gratuit\u0103. <\/em><em>Datele de contact pentru \u00eenscrieri \u0219i alte detalii:\u00a0Tel.: 015730139957;\u00a0<\/em><\/p>\n<p><em>V\u0103 a\u0219tept\u0103m cu bucurie!\u00a0<\/em><\/p>\n<p><em>P\u0103rintele &amp; Fabian Kowatsch<\/em>","protected":false},"excerpt":{"rendered":"<p>Dragi copii,\u00a0dragi p\u0103rin\u021bi, v\u0103 anun\u021b\u0103m c\u0103 \u00eencep\u00e2nd din luna decembrie 2021, ve\u021bi avea posibilitatea de a exersa sportul minti: \u0219ahul! Dac\u0103 acesta vi se pare interesant \u0219i dori\u021bi s\u0103 beneficia\u021bi de dezvoltarea g\u00e2ndirii, a imaginatiei, a logicii \u0219i a memoriei, v\u0103 a\u0219tept\u0103m cu mare bucurie la \u0218COALA DE \u0218AH!\u00a0Fabian Kowatsch v\u0103 va ini\u021bia \u00een tainele &#8230; <a class=\"read-more\" href=\"https:\/\/www.bambergorthodox.de\/?p=4797\">Read more&#8230;<\/a><\/p>\n","protected":false},"author":1,"featured_media":0,"comment_status":"closed","ping_status":"open","sticky":false,"template":"","format":"standard","meta":{"jetpack_post_was_ever_published":false,"_jetpack_newsletter_access":"","_jetpack_dont_email_post_to_subs":false,"_jetpack_newsletter_tier_id":0,"_jetpack_memberships_contains_paywalled_content":false,"_jetpack_memberships_contains_paid_content":false,"footnotes":"","jetpack_publicize_message":"","jetpack_publicize_feature_enabled":true,"jetpack_social_post_already_shared":false,"jetpack_social_options":{"image_generator_settings":{"template":"highway","default_image_id":0,"font":"","enabled":false},"version":2}},"categories":[5],"tags":[],"class_list":["post-4797","post","type-post","status-publish","format-standard","hentry","category-text_menue"],"jetpack_publicize_connections":[],"jetpack_featured_media_url":"","jetpack_sharing_enabled":true,"jetpack_shortlink":"https:\/\/wp.me\/s93ZOd-4797","_links":{"self":[{"href":"https:\/\/www.bambergorthodox.de\/index.php?rest_route=\/wp\/v2\/posts\/4797","targetHints":{"allow":["GET"]}}],"collection":[{"href":"https:\/\/www.bambergorthodox.de\/index.php?rest_route=\/wp\/v2\/posts"}],"about":[{"href":"https:\/\/www.bambergorthodox.de\/index.php?rest_route=\/wp\/v2\/types\/post"}],"author":[{"embeddable":true,"href":"https:\/\/www.bambergorthodox.de\/index.php?rest_route=\/wp\/v2\/users\/1"}],"replies":[{"embeddable":true,"href":"https:\/\/www.bambergorthodox.de\/index.php?rest_route=%2Fwp%2Fv2%2Fcomments&post=4797"}],"version-history":[{"count":4,"href":"https:\/\/www.bambergorthodox.de\/index.php?rest_route=\/wp\/v2\/posts\/4797\/revisions"}],"predecessor-version":[{"id":4804,"href":"https:\/\/www.bambergorthodox.de\/index.php?rest_route=\/wp\/v2\/posts\/4797\/revisions\/4804"}],"wp:attachment":[{"href":"https:\/\/www.bambergorthodox.de\/index.php?rest_route=%2Fwp%2Fv2%2Fmedia&parent=4797"}],"wp:term":[{"taxonomy":"category","embeddable":true,"href":"https:\/\/www.bambergorthodox.de\/index.php?rest_route=%2Fwp%2Fv2%2Fcategories&post=4797"},{"taxonomy":"post_tag","embeddable":true,"href":"https:\/\/www.bambergorthodox.de\/index.php?rest_route=%2Fwp%2Fv2%2Ftags&post=4797"}],"curies":[{"name":"wp","href":"https:\/\/api.w.org\/{rel}","templated":true}]}}