{"id":4781,"date":"2021-10-18T10:03:09","date_gmt":"2021-10-18T08:03:09","guid":{"rendered":"https:\/\/www.bambergorthodox.de\/?p=4781"},"modified":"2021-10-18T11:03:09","modified_gmt":"2021-10-18T09:03:09","slug":"antrenamente-de-kempo-mma","status":"publish","type":"post","link":"https:\/\/www.bambergorthodox.de\/?p=4781","title":{"rendered":"KEMPO MMA | Pentru copiii \u0219i tinerii din parohie"},"content":{"rendered":"<a  href=\"https:\/\/www.bambergorthodox.de\/wp-content\/uploads\/2021\/10\/Afis-KEMPO.jpg\" data-rel=\"lightbox-gallery-0\" data-rl_title=\"\" data-rl_caption=\"\" title=\"\"><img loading=\"lazy\" decoding=\"async\" class=\"size-medium wp-image-4782 alignleft\" src=\"https:\/\/www.bambergorthodox.de\/wp-content\/uploads\/2021\/10\/Afis-KEMPO-212x300.jpg\" alt=\"\" width=\"212\" height=\"300\" srcset=\"https:\/\/www.bambergorthodox.de\/wp-content\/uploads\/2021\/10\/Afis-KEMPO-212x300.jpg 212w, https:\/\/www.bambergorthodox.de\/wp-content\/uploads\/2021\/10\/Afis-KEMPO.jpg 587w\" sizes=\"auto, (max-width: 212px) 100vw, 212px\" \/><\/a><em>Dragi copii \u0219i tineri din parohia noastr\u0103,<\/em><\/p>\n<p><em>pentru c\u0103 ne g\u00e2ndim la s\u0103n\u0103tatea voastr\u0103, \u00eencep\u00e2nd din luna octombrie 2021, v\u0103 oferim ceva inedit: posibilitatea de a face mi\u0219care \u0219i a v\u0103 bucura unii de al\u021bii, \u00een cadrul antrenamentelor de KEMPO MMA. V\u0103 va ini\u021bia \u00een acest demers sensei D\u0103nu\u021b Neculai, maestru emerit al sportului, multiplu campion na\u021bional, european \u0219i mondial (\u00eempreun\u0103 cu Neculai Team). Acesta este \u0219i membru al parohiei noastre.<\/em> <!--more--><\/p>\n<p><em>Antrenamentele se vor desf\u0103\u0219ura \u00een sala parohial\u0103, \u00een fiecare duminic\u0103 dup\u0103 Sf\u00e2nta Liturghie (orele 12:00-13:00), \u00een timp ce p\u0103rin\u021bii vor putea servi o cafea \u0219i se vor putea \u00eentre\u021bine la o discu\u021bie duhovniceasc\u0103. <\/em><em>Acestea se adreseaz\u0103 tuturor copiilor \u00eencep\u00e2nd cu v\u00e2rsta de 6 ani \u0219i vor fi gratuite. Singura condi\u021bie este \u00eenscrierea prealabil\u0103 pe lista lui D\u0103nu\u021b. <\/em><\/p>\n<p><em>Datele de contact pentru \u00eenscrieri \u0219i alte detalii: <\/em><em>Tel.: 017684979604; <\/em><em>Facebook: Danut Neculai.<\/em><\/p>\n<p><em>V\u0103 a\u0219tept\u0103m cu bucurie!\u00a0<\/em><\/p>\n<p><em>P\u0103rintele &amp; Neculai Team<\/em><\/p>\n<p>&nbsp;<\/p>\n<p>&nbsp;","protected":false},"excerpt":{"rendered":"<p>Dragi copii \u0219i tineri din parohia noastr\u0103, pentru c\u0103 ne g\u00e2ndim la s\u0103n\u0103tatea voastr\u0103, \u00eencep\u00e2nd din luna octombrie 2021, v\u0103 oferim ceva inedit: posibilitatea de a face mi\u0219care \u0219i a v\u0103 bucura unii de al\u021bii, \u00een cadrul antrenamentelor de KEMPO MMA. V\u0103 va ini\u021bia \u00een acest demers sensei D\u0103nu\u021b Neculai, maestru emerit al sportului, multiplu &#8230; <a class=\"read-more\" href=\"https:\/\/www.bambergorthodox.de\/?p=4781\">Read more&#8230;<\/a><\/p>\n","protected":false},"author":1,"featured_media":0,"comment_status":"closed","ping_status":"open","sticky":false,"template":"","format":"standard","meta":{"jetpack_post_was_ever_published":false,"_jetpack_newsletter_access":"","_jetpack_dont_email_post_to_subs":false,"_jetpack_newsletter_tier_id":0,"_jetpack_memberships_contains_paywalled_content":false,"_jetpack_memberships_contains_paid_content":false,"footnotes":"","jetpack_publicize_message":"","jetpack_publicize_feature_enabled":true,"jetpack_social_post_already_shared":false,"jetpack_social_options":{"image_generator_settings":{"template":"highway","default_image_id":0,"font":"","enabled":false},"version":2}},"categories":[5],"tags":[],"class_list":["post-4781","post","type-post","status-publish","format-standard","hentry","category-text_menue"],"jetpack_publicize_connections":[],"jetpack_featured_media_url":"","jetpack_sharing_enabled":true,"jetpack_shortlink":"https:\/\/wp.me\/p93ZOd-1f7","_links":{"self":[{"href":"https:\/\/www.bambergorthodox.de\/index.php?rest_route=\/wp\/v2\/posts\/4781","targetHints":{"allow":["GET"]}}],"collection":[{"href":"https:\/\/www.bambergorthodox.de\/index.php?rest_route=\/wp\/v2\/posts"}],"about":[{"href":"https:\/\/www.bambergorthodox.de\/index.php?rest_route=\/wp\/v2\/types\/post"}],"author":[{"embeddable":true,"href":"https:\/\/www.bambergorthodox.de\/index.php?rest_route=\/wp\/v2\/users\/1"}],"replies":[{"embeddable":true,"href":"https:\/\/www.bambergorthodox.de\/index.php?rest_route=%2Fwp%2Fv2%2Fcomments&post=4781"}],"version-history":[{"count":7,"href":"https:\/\/www.bambergorthodox.de\/index.php?rest_route=\/wp\/v2\/posts\/4781\/revisions"}],"predecessor-version":[{"id":4789,"href":"https:\/\/www.bambergorthodox.de\/index.php?rest_route=\/wp\/v2\/posts\/4781\/revisions\/4789"}],"wp:attachment":[{"href":"https:\/\/www.bambergorthodox.de\/index.php?rest_route=%2Fwp%2Fv2%2Fmedia&parent=4781"}],"wp:term":[{"taxonomy":"category","embeddable":true,"href":"https:\/\/www.bambergorthodox.de\/index.php?rest_route=%2Fwp%2Fv2%2Fcategories&post=4781"},{"taxonomy":"post_tag","embeddable":true,"href":"https:\/\/www.bambergorthodox.de\/index.php?rest_route=%2Fwp%2Fv2%2Ftags&post=4781"}],"curies":[{"name":"wp","href":"https:\/\/api.w.org\/{rel}","templated":true}]}}