{"id":4746,"date":"2021-10-16T14:57:03","date_gmt":"2021-10-16T12:57:03","guid":{"rendered":"https:\/\/www.bambergorthodox.de\/?p=4746"},"modified":"2021-10-16T15:29:32","modified_gmt":"2021-10-16T13:29:32","slug":"cinstirea-sf-cuv-parascheva-bamberg-16-10-2021","status":"publish","type":"post","link":"https:\/\/www.bambergorthodox.de\/?p=4746","title":{"rendered":"Cinstirea Sf. Cuv. Parascheva | Bamberg | 16.10.2021"},"content":{"rendered":"<a  href=\"https:\/\/www.bambergorthodox.de\/wp-content\/uploads\/2021\/10\/8cb3bd41-5abe-4adc-9bd3-9814f478f0b2.jpg\" data-rel=\"lightbox-gallery-0\" data-rl_title=\"\" data-rl_caption=\"\" title=\"\"><img loading=\"lazy\" decoding=\"async\" class=\"size-medium wp-image-4747 alignleft\" src=\"https:\/\/www.bambergorthodox.de\/wp-content\/uploads\/2021\/10\/8cb3bd41-5abe-4adc-9bd3-9814f478f0b2-300x152.jpg\" alt=\"\" width=\"300\" height=\"152\" srcset=\"https:\/\/www.bambergorthodox.de\/wp-content\/uploads\/2021\/10\/8cb3bd41-5abe-4adc-9bd3-9814f478f0b2-300x152.jpg 300w, https:\/\/www.bambergorthodox.de\/wp-content\/uploads\/2021\/10\/8cb3bd41-5abe-4adc-9bd3-9814f478f0b2-1024x519.jpg 1024w, https:\/\/www.bambergorthodox.de\/wp-content\/uploads\/2021\/10\/8cb3bd41-5abe-4adc-9bd3-9814f478f0b2-768x389.jpg 768w, https:\/\/www.bambergorthodox.de\/wp-content\/uploads\/2021\/10\/8cb3bd41-5abe-4adc-9bd3-9814f478f0b2-1536x778.jpg 1536w, https:\/\/www.bambergorthodox.de\/wp-content\/uploads\/2021\/10\/8cb3bd41-5abe-4adc-9bd3-9814f478f0b2.jpg 1872w\" sizes=\"auto, (max-width: 300px) 100vw, 300px\" \/><\/a><em>Parohia noastr\u0103 a tr\u0103it ast\u0103zi momente deosebit de frumoase\u00a0cu ocazia\u00a0hramului, s\u0103rb\u0103toarea cinstirii Sfintei Cuvioase Parascheva! Sf\u00e2nta Liturghie a fost slujit\u0103 de un sobor de preo\u021bi, al\u0103turi de p\u0103rintele paroh Ionu\u021b P\u0103un slujind p\u0103rintele Radu T\u0103ut, paroh al parohiei ortodoxe rom\u00e2ne din Bayreuth \u0219i p\u0103rintele Grigol Lekveishvili, paroh al parohiei ortodoxe georgiene din Ingolstadt.\u00a0<\/em><\/p>\n<p><!--more--><\/p>\n<p>\u00cen cadrul predicii, p\u0103rintele Ionu\u021b a men\u021bionat aspecte din via\u021ba cuvioasei Parascheva, ar\u0103t\u00e2nd c\u0103 s-a n\u0103scut \u00een anul\u00a01025 din p\u0103rin\u021bii\u00a0Sofia \u0219i Nechita, \u00een localitatea Epivata, situat\u0103 la 50 km sud-vest de Constantinopol (Istanbulul de ast\u0103zi). \u00cen decursul vie\u021bii a f\u0103cut mai multe pelerinaje de \u00eenchinare pe la bisericile din Constantinopol (Sf. Sofia), Heracleea Pontului \u0219i Ierusalim (locurile sfinte). A desf\u0103\u0219urat mai multe activit\u0103\u021bi filantropice. Moa\u0219tele sale au fost mutate de mai multe ori \u00een decursul vremurilor prin\u00a0Constantinopol, Tarnovo, Vidin, Belgrad. \u00centr-un final acestea ajung\u00e2nd la Ia\u0219i \u00een data de 13 Iunie 1641, \u00een catedrala Sf. Trei Ierarhi. \u00cen perioada celor\u00a0380 de ani de c\u00e2nd sunt la Ia\u0219i, moa\u0219tele au p\u0103r\u0103sit catedrala numai de doua ori: \u00een 1944 (\u00een timpul celui de-al doilea r\u0103zboi mondial) \u0219i \u00een 1947 cu ocazia marii secete, c\u00e2nd au fost purtate \u00een procesiune prin localit\u0103\u021bile din Moldova.\u00a0Cuv\u00e2ntul de \u00eenv\u0103\u021b\u0103tur\u0103 s-a \u00eencheiat prin concluzia c\u0103 Sf\u00e2nta Cuvioasa Parascheva este reprezentativ\u0103 nu numai pentru poporul rom\u00e2n ortodox, ci \u0219i pentru \u00eentreaga peninsul\u0103 Balcanic\u0103, datorit\u0103 destinului vie\u021bii ei \u0219i al traseului moa\u0219telor sale.<\/p>\n<p>La sf\u00e2r\u0219itul slujbei s-a s\u0103v\u00e2r\u0219it un parastas pentru credincio\u0219ii trecu\u021bi la cele ve\u0219nice, de la \u00eenfiin\u021barea parohiei \u0219i p\u00e2n\u0103 \u00een prezent. \u00cen continuare fiecare a putut gusta o pr\u0103jitur\u0103 \u0219i o cafea din partea parohiei. Este de la sine \u00een\u021beles c\u0103 evenimentul s-a desf\u0103\u0219urat cu respectarea tuturor restric\u021biilor \u00een vigoare.<\/p>\n<p>Mul\u021bumim tuturor celor care au fost prezen\u021bi la Sf\u00e2nta Liturghie \u0219i care au participat la preg\u0103tirea s\u0103rb\u0103torii!<\/p>\n<p>Pr. Ionu\u021b<\/p>\n<p>&nbsp;","protected":false},"excerpt":{"rendered":"<p>Parohia noastr\u0103 a tr\u0103it ast\u0103zi momente deosebit de frumoase\u00a0cu ocazia\u00a0hramului, s\u0103rb\u0103toarea cinstirii Sfintei Cuvioase Parascheva! Sf\u00e2nta Liturghie a fost slujit\u0103 de un sobor de preo\u021bi, al\u0103turi de p\u0103rintele paroh Ionu\u021b P\u0103un slujind p\u0103rintele Radu T\u0103ut, paroh al parohiei ortodoxe rom\u00e2ne din Bayreuth \u0219i p\u0103rintele Grigol Lekveishvili, paroh al parohiei ortodoxe georgiene din Ingolstadt.\u00a0<\/p>\n","protected":false},"author":1,"featured_media":0,"comment_status":"closed","ping_status":"open","sticky":false,"template":"","format":"standard","meta":{"jetpack_post_was_ever_published":false,"_jetpack_newsletter_access":"","_jetpack_dont_email_post_to_subs":false,"_jetpack_newsletter_tier_id":0,"_jetpack_memberships_contains_paywalled_content":false,"_jetpack_memberships_contains_paid_content":false,"footnotes":"","jetpack_publicize_message":"","jetpack_publicize_feature_enabled":true,"jetpack_social_post_already_shared":false,"jetpack_social_options":{"image_generator_settings":{"template":"highway","default_image_id":0,"font":"","enabled":false},"version":2}},"categories":[5],"tags":[],"class_list":["post-4746","post","type-post","status-publish","format-standard","hentry","category-text_menue"],"jetpack_publicize_connections":[],"jetpack_featured_media_url":"","jetpack_sharing_enabled":true,"jetpack_shortlink":"https:\/\/wp.me\/p93ZOd-1ey","_links":{"self":[{"href":"https:\/\/www.bambergorthodox.de\/index.php?rest_route=\/wp\/v2\/posts\/4746","targetHints":{"allow":["GET"]}}],"collection":[{"href":"https:\/\/www.bambergorthodox.de\/index.php?rest_route=\/wp\/v2\/posts"}],"about":[{"href":"https:\/\/www.bambergorthodox.de\/index.php?rest_route=\/wp\/v2\/types\/post"}],"author":[{"embeddable":true,"href":"https:\/\/www.bambergorthodox.de\/index.php?rest_route=\/wp\/v2\/users\/1"}],"replies":[{"embeddable":true,"href":"https:\/\/www.bambergorthodox.de\/index.php?rest_route=%2Fwp%2Fv2%2Fcomments&post=4746"}],"version-history":[{"count":9,"href":"https:\/\/www.bambergorthodox.de\/index.php?rest_route=\/wp\/v2\/posts\/4746\/revisions"}],"predecessor-version":[{"id":4780,"href":"https:\/\/www.bambergorthodox.de\/index.php?rest_route=\/wp\/v2\/posts\/4746\/revisions\/4780"}],"wp:attachment":[{"href":"https:\/\/www.bambergorthodox.de\/index.php?rest_route=%2Fwp%2Fv2%2Fmedia&parent=4746"}],"wp:term":[{"taxonomy":"category","embeddable":true,"href":"https:\/\/www.bambergorthodox.de\/index.php?rest_route=%2Fwp%2Fv2%2Fcategories&post=4746"},{"taxonomy":"post_tag","embeddable":true,"href":"https:\/\/www.bambergorthodox.de\/index.php?rest_route=%2Fwp%2Fv2%2Ftags&post=4746"}],"curies":[{"name":"wp","href":"https:\/\/api.w.org\/{rel}","templated":true}]}}