{"id":4737,"date":"2021-10-11T15:11:34","date_gmt":"2021-10-11T13:11:34","guid":{"rendered":"https:\/\/www.bambergorthodox.de\/?p=4737"},"modified":"2021-10-11T15:41:21","modified_gmt":"2021-10-11T13:41:21","slug":"invitatie-la-hram-sambata-16-octombrie","status":"publish","type":"post","link":"https:\/\/www.bambergorthodox.de\/?p=4737","title":{"rendered":"Invita\u021bie la hram | S\u00e2mb\u0103t\u0103 | 16 octombrie"},"content":{"rendered":"<em><a  href=\"https:\/\/www.bambergorthodox.de\/wp-content\/uploads\/2021\/10\/8D29A2CA-D55E-41A6-951A-B9D276DFE679.jpeg\" data-rel=\"lightbox-gallery-0\" data-rl_title=\"\" data-rl_caption=\"\" title=\"\"><img loading=\"lazy\" decoding=\"async\" class=\"size-medium wp-image-4743 alignleft\" src=\"https:\/\/www.bambergorthodox.de\/wp-content\/uploads\/2021\/10\/8D29A2CA-D55E-41A6-951A-B9D276DFE679-300x261.jpeg\" alt=\"\" width=\"300\" height=\"261\" srcset=\"https:\/\/www.bambergorthodox.de\/wp-content\/uploads\/2021\/10\/8D29A2CA-D55E-41A6-951A-B9D276DFE679-300x261.jpeg 300w, https:\/\/www.bambergorthodox.de\/wp-content\/uploads\/2021\/10\/8D29A2CA-D55E-41A6-951A-B9D276DFE679-768x669.jpeg 768w, https:\/\/www.bambergorthodox.de\/wp-content\/uploads\/2021\/10\/8D29A2CA-D55E-41A6-951A-B9D276DFE679.jpeg 1024w\" sizes=\"auto, (max-width: 300px) 100vw, 300px\" \/><\/a><\/em><em>Iubi\u021bi credincio\u0219i \u0219i credincioase,<\/em><\/p>\n<p><em>cu mare bucurie v\u0103 invit la hramul parohiei noastre, s\u0103rb\u0103toarea cinstirii Sfintei Cuvioase Parascheva! Sf\u00e2nta Liturghie va fi slujit\u0103 de un sobor de patru preo\u021bi, s\u00e2mb\u0103t\u0103, 16 octombrie, de la orele 10:00. La sf\u00e2r\u0219itul slujbei se va s\u0103v\u00e2r\u0219i un parastas pentru credincio\u0219ii trecu\u021bi la cele ve\u0219nice, de la \u00eenfiin\u021barea parohiei \u0219i p\u00e2n\u0103 \u00een prezent. \u00cen continuare fiecare va putea gusta o pr\u0103jitur\u0103 \u0219i o cafea din partea parohiei. Este de la sine \u00een\u021beles c\u0103 evenimentul se va desf\u0103\u0219ura cu respectarea tuturor restric\u021biilor \u00een vigoare.\u00a0<\/em><em>V\u0103 a\u0219tept cu drag!\u00a0pr. Ionu\u021b<\/em>","protected":false},"excerpt":{"rendered":"<p>Iubi\u021bi credincio\u0219i \u0219i credincioase, cu mare bucurie v\u0103 invit la hramul parohiei noastre, s\u0103rb\u0103toarea cinstirii Sfintei Cuvioase Parascheva! Sf\u00e2nta Liturghie va fi slujit\u0103 de un sobor de patru preo\u021bi, s\u00e2mb\u0103t\u0103, 16 octombrie, de la orele 10:00. La sf\u00e2r\u0219itul slujbei se va s\u0103v\u00e2r\u0219i un parastas pentru credincio\u0219ii trecu\u021bi la cele ve\u0219nice, de la \u00eenfiin\u021barea parohiei \u0219i &#8230; <a class=\"read-more\" href=\"https:\/\/www.bambergorthodox.de\/?p=4737\">Read more&#8230;<\/a><\/p>\n","protected":false},"author":1,"featured_media":0,"comment_status":"closed","ping_status":"open","sticky":false,"template":"","format":"standard","meta":{"jetpack_post_was_ever_published":false,"_jetpack_newsletter_access":"","_jetpack_dont_email_post_to_subs":false,"_jetpack_newsletter_tier_id":0,"_jetpack_memberships_contains_paywalled_content":false,"_jetpack_memberships_contains_paid_content":false,"footnotes":"","jetpack_publicize_message":"","jetpack_publicize_feature_enabled":true,"jetpack_social_post_already_shared":false,"jetpack_social_options":{"image_generator_settings":{"template":"highway","default_image_id":0,"font":"","enabled":false},"version":2}},"categories":[5],"tags":[],"class_list":["post-4737","post","type-post","status-publish","format-standard","hentry","category-text_menue"],"jetpack_publicize_connections":[],"jetpack_featured_media_url":"","jetpack_sharing_enabled":true,"jetpack_shortlink":"https:\/\/wp.me\/p93ZOd-1ep","_links":{"self":[{"href":"https:\/\/www.bambergorthodox.de\/index.php?rest_route=\/wp\/v2\/posts\/4737","targetHints":{"allow":["GET"]}}],"collection":[{"href":"https:\/\/www.bambergorthodox.de\/index.php?rest_route=\/wp\/v2\/posts"}],"about":[{"href":"https:\/\/www.bambergorthodox.de\/index.php?rest_route=\/wp\/v2\/types\/post"}],"author":[{"embeddable":true,"href":"https:\/\/www.bambergorthodox.de\/index.php?rest_route=\/wp\/v2\/users\/1"}],"replies":[{"embeddable":true,"href":"https:\/\/www.bambergorthodox.de\/index.php?rest_route=%2Fwp%2Fv2%2Fcomments&post=4737"}],"version-history":[{"count":5,"href":"https:\/\/www.bambergorthodox.de\/index.php?rest_route=\/wp\/v2\/posts\/4737\/revisions"}],"predecessor-version":[{"id":4745,"href":"https:\/\/www.bambergorthodox.de\/index.php?rest_route=\/wp\/v2\/posts\/4737\/revisions\/4745"}],"wp:attachment":[{"href":"https:\/\/www.bambergorthodox.de\/index.php?rest_route=%2Fwp%2Fv2%2Fmedia&parent=4737"}],"wp:term":[{"taxonomy":"category","embeddable":true,"href":"https:\/\/www.bambergorthodox.de\/index.php?rest_route=%2Fwp%2Fv2%2Fcategories&post=4737"},{"taxonomy":"post_tag","embeddable":true,"href":"https:\/\/www.bambergorthodox.de\/index.php?rest_route=%2Fwp%2Fv2%2Ftags&post=4737"}],"curies":[{"name":"wp","href":"https:\/\/api.w.org\/{rel}","templated":true}]}}