{"id":4628,"date":"2021-04-20T08:28:08","date_gmt":"2021-04-20T06:28:08","guid":{"rendered":"https:\/\/www.bambergorthodox.de\/?p=4628"},"modified":"2021-04-20T08:33:26","modified_gmt":"2021-04-20T06:33:26","slug":"programul-slujbelor-sfintele-pasti-2021","status":"publish","type":"post","link":"https:\/\/www.bambergorthodox.de\/?p=4628","title":{"rendered":"Programul Slujbelor | Sfintele Pa\u0219ti | 2021"},"content":{"rendered":"<div class=\"kvgmc6g5 cxmmr5t8 oygrvhab hcukyx3x c1et5uql ii04i59q\">\n<div dir=\"auto\"><span class=\"pq6dq46d tbxw36s4 knj5qynh kvgmc6g5 ditlmg2l oygrvhab nvdbi5me sf5mxxl7 gl3lb2sf hhz5lgdu\"><a  href=\"https:\/\/www.bambergorthodox.de\/wp-content\/uploads\/2021\/04\/DSC03890-scaled.jpg\" data-rel=\"lightbox-gallery-0\" data-rl_title=\"\" data-rl_caption=\"\" title=\"\"><img loading=\"lazy\" decoding=\"async\" class=\"size-medium wp-image-4629 alignleft\" src=\"https:\/\/www.bambergorthodox.de\/wp-content\/uploads\/2021\/04\/DSC03890-scaled-300x200.jpg\" alt=\"\" width=\"300\" height=\"200\" srcset=\"https:\/\/www.bambergorthodox.de\/wp-content\/uploads\/2021\/04\/DSC03890-scaled-300x200.jpg 300w, https:\/\/www.bambergorthodox.de\/wp-content\/uploads\/2021\/04\/DSC03890-scaled-1024x682.jpg 1024w, https:\/\/www.bambergorthodox.de\/wp-content\/uploads\/2021\/04\/DSC03890-768x511.jpg 768w, https:\/\/www.bambergorthodox.de\/wp-content\/uploads\/2021\/04\/DSC03890-scaled-1536x1022.jpg 1536w, https:\/\/www.bambergorthodox.de\/wp-content\/uploads\/2021\/04\/DSC03890-scaled-2048x1363.jpg 2048w\" sizes=\"auto, (max-width: 300px) 100vw, 300px\" \/><\/a><em><img loading=\"lazy\" decoding=\"async\" src=\"https:\/\/static.xx.fbcdn.net\/images\/emoji.php\/v9\/tf8\/2\/16\/203c.png\" alt=\"\u203c\ufe0f\" width=\"16\" height=\"16\" \/><\/em><\/span><em>S\u0103pt\u0103m\u00e2na Mare <span class=\"pq6dq46d tbxw36s4 knj5qynh kvgmc6g5 ditlmg2l oygrvhab nvdbi5me sf5mxxl7 gl3lb2sf hhz5lgdu\"><img loading=\"lazy\" decoding=\"async\" src=\"https:\/\/static.xx.fbcdn.net\/images\/emoji.php\/v9\/t2\/2\/16\/271d.png\" alt=\"\u271d\ufe0f\" width=\"16\" height=\"16\" \/><\/span>\u00a0Sfintele Pa\u0219ti <span class=\"pq6dq46d tbxw36s4 knj5qynh kvgmc6g5 ditlmg2l oygrvhab nvdbi5me sf5mxxl7 gl3lb2sf hhz5lgdu\"><img loading=\"lazy\" decoding=\"async\" src=\"https:\/\/static.xx.fbcdn.net\/images\/emoji.php\/v9\/t2\/2\/16\/271d.png\" alt=\"\u271d\ufe0f\" width=\"16\" height=\"16\" \/><\/span>\u00a0S\u0103pt\u0103m\u00e2na Luminat\u0103\u00a0<span class=\"pq6dq46d tbxw36s4 knj5qynh kvgmc6g5 ditlmg2l oygrvhab nvdbi5me sf5mxxl7 gl3lb2sf hhz5lgdu\"><img loading=\"lazy\" decoding=\"async\" src=\"https:\/\/static.xx.fbcdn.net\/images\/emoji.php\/v9\/t2\/2\/16\/271d.png\" alt=\"\u271d\ufe0f\" width=\"16\" height=\"16\" \/><\/span>\u00a0\u00a0<span class=\"pq6dq46d tbxw36s4 knj5qynh kvgmc6g5 ditlmg2l oygrvhab nvdbi5me sf5mxxl7 gl3lb2sf hhz5lgdu\"><img loading=\"lazy\" decoding=\"async\" src=\"https:\/\/static.xx.fbcdn.net\/images\/emoji.php\/v9\/tf8\/2\/16\/203c.png\" alt=\"\u203c\ufe0f\" width=\"16\" height=\"16\" \/><\/span><\/em><\/div>\n<div dir=\"auto\"><\/div>\n<\/div>\n<div class=\"o9v6fnle cxmmr5t8 oygrvhab hcukyx3x c1et5uql ii04i59q\">\n<div dir=\"auto\"><em><span class=\"pq6dq46d tbxw36s4 knj5qynh kvgmc6g5 ditlmg2l oygrvhab nvdbi5me sf5mxxl7 gl3lb2sf hhz5lgdu\"><img loading=\"lazy\" decoding=\"async\" src=\"https:\/\/static.xx.fbcdn.net\/images\/emoji.php\/v9\/tb4\/2\/16\/2705.png\" alt=\"\u2705\" width=\"16\" height=\"16\" \/><\/span> luni | 26.04. | 17:00h | Denie<span class=\"pq6dq46d tbxw36s4 knj5qynh kvgmc6g5 ditlmg2l oygrvhab nvdbi5me sf5mxxl7 gl3lb2sf hhz5lgdu\"><img loading=\"lazy\" decoding=\"async\" src=\"https:\/\/static.xx.fbcdn.net\/images\/emoji.php\/v9\/t84\/2\/16\/1f492.png\" alt=\"\" width=\"16\" height=\"16\" \/><\/span><\/em><\/div>\n<div dir=\"auto\"><em><span class=\"pq6dq46d tbxw36s4 knj5qynh kvgmc6g5 ditlmg2l oygrvhab nvdbi5me sf5mxxl7 gl3lb2sf hhz5lgdu\"><img loading=\"lazy\" decoding=\"async\" src=\"https:\/\/static.xx.fbcdn.net\/images\/emoji.php\/v9\/tb4\/2\/16\/2705.png\" alt=\"\u2705\" width=\"16\" height=\"16\" \/><\/span> mar\u021bi | 27.04. | 17:00h | Denie<span class=\"pq6dq46d tbxw36s4 knj5qynh kvgmc6g5 ditlmg2l oygrvhab nvdbi5me sf5mxxl7 gl3lb2sf hhz5lgdu\"><img loading=\"lazy\" decoding=\"async\" src=\"https:\/\/static.xx.fbcdn.net\/images\/emoji.php\/v9\/t84\/2\/16\/1f492.png\" alt=\"\" width=\"16\" height=\"16\" \/><\/span><\/em><\/div>\n<div dir=\"auto\"><em><span class=\"pq6dq46d tbxw36s4 knj5qynh kvgmc6g5 ditlmg2l oygrvhab nvdbi5me sf5mxxl7 gl3lb2sf hhz5lgdu\"><img loading=\"lazy\" decoding=\"async\" src=\"https:\/\/static.xx.fbcdn.net\/images\/emoji.php\/v9\/tb4\/2\/16\/2705.png\" alt=\"\u2705\" width=\"16\" height=\"16\" \/><\/span> miercuri | 28.04. | 17:00h | Denie<span class=\"pq6dq46d tbxw36s4 knj5qynh kvgmc6g5 ditlmg2l oygrvhab nvdbi5me sf5mxxl7 gl3lb2sf hhz5lgdu\"><img loading=\"lazy\" decoding=\"async\" src=\"https:\/\/static.xx.fbcdn.net\/images\/emoji.php\/v9\/t84\/2\/16\/1f492.png\" alt=\"\" width=\"16\" height=\"16\" \/><\/span><\/em><\/div>\n<div dir=\"auto\"><em><span class=\"pq6dq46d tbxw36s4 knj5qynh kvgmc6g5 ditlmg2l oygrvhab nvdbi5me sf5mxxl7 gl3lb2sf hhz5lgdu\"><img loading=\"lazy\" decoding=\"async\" src=\"https:\/\/static.xx.fbcdn.net\/images\/emoji.php\/v9\/tb4\/2\/16\/2705.png\" alt=\"\u2705\" width=\"16\" height=\"16\" \/><\/span> joi | 29.04. | 17:00h | Denia celor 12 Evanghelii<span class=\"pq6dq46d tbxw36s4 knj5qynh kvgmc6g5 ditlmg2l oygrvhab nvdbi5me sf5mxxl7 gl3lb2sf hhz5lgdu\"><img loading=\"lazy\" decoding=\"async\" src=\"https:\/\/static.xx.fbcdn.net\/images\/emoji.php\/v9\/t84\/2\/16\/1f492.png\" alt=\"\" width=\"16\" height=\"16\" \/><\/span><\/em><\/div>\n<div dir=\"auto\"><em><span class=\"pq6dq46d tbxw36s4 knj5qynh kvgmc6g5 ditlmg2l oygrvhab nvdbi5me sf5mxxl7 gl3lb2sf hhz5lgdu\"><img loading=\"lazy\" decoding=\"async\" src=\"https:\/\/static.xx.fbcdn.net\/images\/emoji.php\/v9\/tb4\/2\/16\/2705.png\" alt=\"\u2705\" width=\"16\" height=\"16\" \/><\/span> vineri | 30.04. | 17:00h | Denia Prohodului<span class=\"pq6dq46d tbxw36s4 knj5qynh kvgmc6g5 ditlmg2l oygrvhab nvdbi5me sf5mxxl7 gl3lb2sf hhz5lgdu\"><img loading=\"lazy\" decoding=\"async\" src=\"https:\/\/static.xx.fbcdn.net\/images\/emoji.php\/v9\/t84\/2\/16\/1f492.png\" alt=\"\" width=\"16\" height=\"16\" \/><\/span><\/em><\/div>\n<div dir=\"auto\"><em><span class=\"pq6dq46d tbxw36s4 knj5qynh kvgmc6g5 ditlmg2l oygrvhab nvdbi5me sf5mxxl7 gl3lb2sf hhz5lgdu\"><img loading=\"lazy\" decoding=\"async\" src=\"https:\/\/static.xx.fbcdn.net\/images\/emoji.php\/v9\/tb4\/2\/16\/2705.png\" alt=\"\u2705\" width=\"16\" height=\"16\" \/><\/span> Sfintele Pa\u0219ti | Duminic\u0103 | 02.05. | 10:00h | Darea Luminii, Canonul \u00cenvierii, Sf\u00e2nta Liturghie, sfin\u021birea co\u0219ule\u021belor cu pasc\u0103 (Pa\u0219te \u0219i lumin\u0103 se vor \u00eemp\u0103r\u021bi pe toat\u0103 durata slujbei) <span class=\"pq6dq46d tbxw36s4 knj5qynh kvgmc6g5 ditlmg2l oygrvhab nvdbi5me sf5mxxl7 gl3lb2sf hhz5lgdu\"><img loading=\"lazy\" decoding=\"async\" src=\"https:\/\/static.xx.fbcdn.net\/images\/emoji.php\/v9\/t84\/2\/16\/1f492.png\" alt=\"\" width=\"16\" height=\"16\" \/><\/span><\/em><\/div>\n<div dir=\"auto\"><em><span class=\"pq6dq46d tbxw36s4 knj5qynh kvgmc6g5 ditlmg2l oygrvhab nvdbi5me sf5mxxl7 gl3lb2sf hhz5lgdu\"><img loading=\"lazy\" decoding=\"async\" src=\"https:\/\/static.xx.fbcdn.net\/images\/emoji.php\/v9\/tb4\/2\/16\/2705.png\" alt=\"\u2705\" width=\"16\" height=\"16\" \/><\/span> Sfintele Pa\u0219ti | Luni | 03.05. | 10:00h | Canonul \u00cenvierii \u0219i Sf\u00e2nta Liturghie<span class=\"pq6dq46d tbxw36s4 knj5qynh kvgmc6g5 ditlmg2l oygrvhab nvdbi5me sf5mxxl7 gl3lb2sf hhz5lgdu\"><img loading=\"lazy\" decoding=\"async\" src=\"https:\/\/static.xx.fbcdn.net\/images\/emoji.php\/v9\/t84\/2\/16\/1f492.png\" alt=\"\" width=\"16\" height=\"16\" \/><\/span><\/em><\/div>\n<div dir=\"auto\"><em><span class=\"pq6dq46d tbxw36s4 knj5qynh kvgmc6g5 ditlmg2l oygrvhab nvdbi5me sf5mxxl7 gl3lb2sf hhz5lgdu\"><img loading=\"lazy\" decoding=\"async\" src=\"https:\/\/static.xx.fbcdn.net\/images\/emoji.php\/v9\/tb4\/2\/16\/2705.png\" alt=\"\u2705\" width=\"16\" height=\"16\" \/><\/span> Sfintele Pa\u0219ti | Mar\u021bi | 04.05. | 10:00h | Canonul \u00cenvierii \u0219i Sf\u00e2nta Liturghie<span class=\"pq6dq46d tbxw36s4 knj5qynh kvgmc6g5 ditlmg2l oygrvhab nvdbi5me sf5mxxl7 gl3lb2sf hhz5lgdu\"><img loading=\"lazy\" decoding=\"async\" src=\"https:\/\/static.xx.fbcdn.net\/images\/emoji.php\/v9\/t84\/2\/16\/1f492.png\" alt=\"\" width=\"16\" height=\"16\" \/><\/span><\/em><\/div>\n<div dir=\"auto\"><em><span class=\"pq6dq46d tbxw36s4 knj5qynh kvgmc6g5 ditlmg2l oygrvhab nvdbi5me sf5mxxl7 gl3lb2sf hhz5lgdu\"><img loading=\"lazy\" decoding=\"async\" src=\"https:\/\/static.xx.fbcdn.net\/images\/emoji.php\/v9\/tb4\/2\/16\/2705.png\" alt=\"\u2705\" width=\"16\" height=\"16\" \/><\/span> Izvorul T\u0103m\u0103duirii | Vineri | 07.05. | 10:00h | Sf\u00e2nta Liturghie \u0219i sfin\u021birea apei<span class=\"pq6dq46d tbxw36s4 knj5qynh kvgmc6g5 ditlmg2l oygrvhab nvdbi5me sf5mxxl7 gl3lb2sf hhz5lgdu\"><img loading=\"lazy\" decoding=\"async\" src=\"https:\/\/static.xx.fbcdn.net\/images\/emoji.php\/v9\/t84\/2\/16\/1f492.png\" alt=\"\" width=\"16\" height=\"16\" \/><\/span><\/em><\/div>\n<div dir=\"auto\"><\/div>\n<\/div>\n<div class=\"o9v6fnle cxmmr5t8 oygrvhab hcukyx3x c1et5uql ii04i59q\">\n<div dir=\"auto\"><em>Cu binecuv\u00e2ntare,<\/em><\/div>\n<div dir=\"auto\"><em>Pr. Ionu\u021b P\u0103un<\/em><\/div>\n<\/div>","protected":false},"excerpt":{"rendered":"<p>S\u0103pt\u0103m\u00e2na Mare \u00a0Sfintele Pa\u0219ti \u00a0S\u0103pt\u0103m\u00e2na Luminat\u0103\u00a0\u00a0\u00a0 luni | 26.04. | 17:00h | Denie mar\u021bi | 27.04. | 17:00h | Denie miercuri | 28.04. | 17:00h | Denie joi | 29.04. | 17:00h | Denia celor 12 Evanghelii vineri | 30.04. | 17:00h | Denia Prohodului Sfintele Pa\u0219ti | Duminic\u0103 | 02.05. | 10:00h | Darea &#8230; <a class=\"read-more\" href=\"https:\/\/www.bambergorthodox.de\/?p=4628\">Read more&#8230;<\/a><\/p>\n","protected":false},"author":1,"featured_media":0,"comment_status":"closed","ping_status":"open","sticky":false,"template":"","format":"standard","meta":{"jetpack_post_was_ever_published":false,"_jetpack_newsletter_access":"","_jetpack_dont_email_post_to_subs":false,"_jetpack_newsletter_tier_id":0,"_jetpack_memberships_contains_paywalled_content":false,"_jetpack_memberships_contains_paid_content":false,"footnotes":"","jetpack_publicize_message":"","jetpack_publicize_feature_enabled":true,"jetpack_social_post_already_shared":true,"jetpack_social_options":{"image_generator_settings":{"template":"highway","default_image_id":0,"font":"","enabled":false},"version":2}},"categories":[5],"tags":[],"class_list":["post-4628","post","type-post","status-publish","format-standard","hentry","category-text_menue"],"jetpack_publicize_connections":[],"jetpack_featured_media_url":"","jetpack_sharing_enabled":true,"jetpack_shortlink":"https:\/\/wp.me\/p93ZOd-1cE","_links":{"self":[{"href":"https:\/\/www.bambergorthodox.de\/index.php?rest_route=\/wp\/v2\/posts\/4628","targetHints":{"allow":["GET"]}}],"collection":[{"href":"https:\/\/www.bambergorthodox.de\/index.php?rest_route=\/wp\/v2\/posts"}],"about":[{"href":"https:\/\/www.bambergorthodox.de\/index.php?rest_route=\/wp\/v2\/types\/post"}],"author":[{"embeddable":true,"href":"https:\/\/www.bambergorthodox.de\/index.php?rest_route=\/wp\/v2\/users\/1"}],"replies":[{"embeddable":true,"href":"https:\/\/www.bambergorthodox.de\/index.php?rest_route=%2Fwp%2Fv2%2Fcomments&post=4628"}],"version-history":[{"count":3,"href":"https:\/\/www.bambergorthodox.de\/index.php?rest_route=\/wp\/v2\/posts\/4628\/revisions"}],"predecessor-version":[{"id":4632,"href":"https:\/\/www.bambergorthodox.de\/index.php?rest_route=\/wp\/v2\/posts\/4628\/revisions\/4632"}],"wp:attachment":[{"href":"https:\/\/www.bambergorthodox.de\/index.php?rest_route=%2Fwp%2Fv2%2Fmedia&parent=4628"}],"wp:term":[{"taxonomy":"category","embeddable":true,"href":"https:\/\/www.bambergorthodox.de\/index.php?rest_route=%2Fwp%2Fv2%2Fcategories&post=4628"},{"taxonomy":"post_tag","embeddable":true,"href":"https:\/\/www.bambergorthodox.de\/index.php?rest_route=%2Fwp%2Fv2%2Ftags&post=4628"}],"curies":[{"name":"wp","href":"https:\/\/api.w.org\/{rel}","templated":true}]}}