{"id":4614,"date":"2021-03-26T21:53:48","date_gmt":"2021-03-26T20:53:48","guid":{"rendered":"https:\/\/www.bambergorthodox.de\/?p=4614"},"modified":"2021-03-26T21:55:33","modified_gmt":"2021-03-26T20:55:33","slug":"infratirea-parohiilor-bamberg-si-fierbinti","status":"publish","type":"post","link":"https:\/\/www.bambergorthodox.de\/?p=4614","title":{"rendered":"\u00cenfr\u0103\u021birea parohiilor Bamberg \u0219i Fierbin\u021bi"},"content":{"rendered":"<div class=\"kvgmc6g5 cxmmr5t8 oygrvhab hcukyx3x c1et5uql ii04i59q\">\n<div dir=\"auto\"><a  href=\"https:\/\/www.bambergorthodox.de\/wp-content\/uploads\/2021\/03\/4f87485e-889c-476b-854e-e84a91b4254d.jpg\" data-rel=\"lightbox-gallery-0\" data-rl_title=\"\" data-rl_caption=\"\" title=\"\"><img loading=\"lazy\" decoding=\"async\" class=\"size-medium wp-image-4615 alignleft\" src=\"https:\/\/www.bambergorthodox.de\/wp-content\/uploads\/2021\/03\/4f87485e-889c-476b-854e-e84a91b4254d-300x225.jpg\" alt=\"\" width=\"300\" height=\"225\" srcset=\"https:\/\/www.bambergorthodox.de\/wp-content\/uploads\/2021\/03\/4f87485e-889c-476b-854e-e84a91b4254d-300x225.jpg 300w, https:\/\/www.bambergorthodox.de\/wp-content\/uploads\/2021\/03\/4f87485e-889c-476b-854e-e84a91b4254d-1024x768.jpg 1024w, https:\/\/www.bambergorthodox.de\/wp-content\/uploads\/2021\/03\/4f87485e-889c-476b-854e-e84a91b4254d-768x576.jpg 768w, https:\/\/www.bambergorthodox.de\/wp-content\/uploads\/2021\/03\/4f87485e-889c-476b-854e-e84a91b4254d-1536x1152.jpg 1536w, https:\/\/www.bambergorthodox.de\/wp-content\/uploads\/2021\/03\/4f87485e-889c-476b-854e-e84a91b4254d.jpg 1600w\" sizes=\"auto, (max-width: 300px) 100vw, 300px\" \/><\/a><em>Duminica l\u0103satului sec de br\u00e2nz\u0103, numit\u0103 \u0219i duminica iert\u0103rii, a adus c\u00e2torva doamne din parohia ortodox\u0103 rom\u00e2n\u0103 din Bamberg, protoieria Bavaria, Arhiepiscopia Germaniei, Austriei \u0219i Luxemburgului o bucurie aparte prin faptul c\u0103 au primit \u00een dar felicit\u0103ri\u00a0de la tinerii parohiei Fierbin\u021bi, Protoieria G\u0103e\u0219ti, cu care parohia noastr\u0103 s-a \u00eenfr\u0103\u021bit.<\/em><\/div>\n<\/div>\n<p><!--more--><\/p>\n<div class=\"o9v6fnle cxmmr5t8 oygrvhab hcukyx3x c1et5uql ii04i59q\">\n<div dir=\"auto\">Ace\u0219tia au participat la activit\u0103\u021bile din cadrul concursului \u201eHristos \u00eemp\u0103rt\u0103\u0219it copiilor\u201d edi\u021bia 2021. Aceast\u0103 edi\u021bie are ca tem\u0103 \u201eFamilia-biserica rom\u00e2nilor de pretutindeni\u201d \u0219i \u00een cadrul ei au creat felicit\u0103ri\u00a0la \u00eenceput de prim\u0103var\u0103 cu temele comuniune, dragoste, prietenie. Aceste felicit\u0103ri au ajuns \u00een parohia noastr\u0103 \u0219i au fost d\u0103ruite c\u00e2torva doamne, prilejuind o bucurie sufleteasc\u0103 profund\u0103.<\/div>\n<\/div>\n<div class=\"o9v6fnle cxmmr5t8 oygrvhab hcukyx3x c1et5uql ii04i59q\">\n<div dir=\"auto\">Actul de \u00eenfr\u0103\u021bire a parohiilor din Bamberg \u0219i Fierbin\u021bi va continua \u0219i cu alte activit\u0103\u021bi \u00een perioada urm\u0103toare. Tot cu acest prilej tinerii \u0219i preo\u021bii lor au avut o prim\u0103 \u00eent\u00e2lnire online de prezentare pe platforma zoom, \u00een data de 10 martie.<\/div>\n<\/div>\n<div class=\"o9v6fnle cxmmr5t8 oygrvhab hcukyx3x c1et5uql ii04i59q\">\n<div dir=\"auto\">Pr. Ionut Paun<\/div>\n<\/div>","protected":false},"excerpt":{"rendered":"<p>Duminica l\u0103satului sec de br\u00e2nz\u0103, numit\u0103 \u0219i duminica iert\u0103rii, a adus c\u00e2torva doamne din parohia ortodox\u0103 rom\u00e2n\u0103 din Bamberg, protoieria Bavaria, Arhiepiscopia Germaniei, Austriei \u0219i Luxemburgului o bucurie aparte prin faptul c\u0103 au primit \u00een dar felicit\u0103ri\u00a0de la tinerii parohiei Fierbin\u021bi, Protoieria G\u0103e\u0219ti, cu care parohia noastr\u0103 s-a \u00eenfr\u0103\u021bit.<\/p>\n","protected":false},"author":1,"featured_media":0,"comment_status":"closed","ping_status":"open","sticky":false,"template":"","format":"standard","meta":{"jetpack_post_was_ever_published":false,"_jetpack_newsletter_access":"","_jetpack_dont_email_post_to_subs":false,"_jetpack_newsletter_tier_id":0,"_jetpack_memberships_contains_paywalled_content":false,"_jetpack_memberships_contains_paid_content":false,"footnotes":"","jetpack_publicize_message":"","jetpack_publicize_feature_enabled":true,"jetpack_social_post_already_shared":true,"jetpack_social_options":{"image_generator_settings":{"template":"highway","default_image_id":0,"font":"","enabled":false},"version":2}},"categories":[5],"tags":[],"class_list":["post-4614","post","type-post","status-publish","format-standard","hentry","category-text_menue"],"jetpack_publicize_connections":[],"jetpack_featured_media_url":"","jetpack_sharing_enabled":true,"jetpack_shortlink":"https:\/\/wp.me\/p93ZOd-1cq","_links":{"self":[{"href":"https:\/\/www.bambergorthodox.de\/index.php?rest_route=\/wp\/v2\/posts\/4614","targetHints":{"allow":["GET"]}}],"collection":[{"href":"https:\/\/www.bambergorthodox.de\/index.php?rest_route=\/wp\/v2\/posts"}],"about":[{"href":"https:\/\/www.bambergorthodox.de\/index.php?rest_route=\/wp\/v2\/types\/post"}],"author":[{"embeddable":true,"href":"https:\/\/www.bambergorthodox.de\/index.php?rest_route=\/wp\/v2\/users\/1"}],"replies":[{"embeddable":true,"href":"https:\/\/www.bambergorthodox.de\/index.php?rest_route=%2Fwp%2Fv2%2Fcomments&post=4614"}],"version-history":[{"count":2,"href":"https:\/\/www.bambergorthodox.de\/index.php?rest_route=\/wp\/v2\/posts\/4614\/revisions"}],"predecessor-version":[{"id":4617,"href":"https:\/\/www.bambergorthodox.de\/index.php?rest_route=\/wp\/v2\/posts\/4614\/revisions\/4617"}],"wp:attachment":[{"href":"https:\/\/www.bambergorthodox.de\/index.php?rest_route=%2Fwp%2Fv2%2Fmedia&parent=4614"}],"wp:term":[{"taxonomy":"category","embeddable":true,"href":"https:\/\/www.bambergorthodox.de\/index.php?rest_route=%2Fwp%2Fv2%2Fcategories&post=4614"},{"taxonomy":"post_tag","embeddable":true,"href":"https:\/\/www.bambergorthodox.de\/index.php?rest_route=%2Fwp%2Fv2%2Ftags&post=4614"}],"curies":[{"name":"wp","href":"https:\/\/api.w.org\/{rel}","templated":true}]}}