{"id":4455,"date":"2020-04-28T16:49:40","date_gmt":"2020-04-28T14:49:40","guid":{"rendered":"https:\/\/www.bambergorthodox.de\/?p=4455"},"modified":"2020-04-28T16:59:42","modified_gmt":"2020-04-28T14:59:42","slug":"conditii-obligatorii-pentru-desfasurarea-slujbelor","status":"publish","type":"post","link":"https:\/\/www.bambergorthodox.de\/?p=4455","title":{"rendered":"Condi\u021bii pentru desf\u0103\u0219urarea slujbelor"},"content":{"rendered":"<div class=\"page\" title=\"Page 1\">\n<div class=\"layoutArea\">\n<div class=\"column\">\n<p style=\"text-align: center;\"><strong>Condi\u021bii obligatorii impuse de parlamentul bavarez pentru desf\u0103\u0219urarea slujbelor<\/strong><\/p>\n<p>&nbsp;<\/p>\n<ol>\n<li><strong>Purtarea m\u0103\u0219tii la gur\u0103 \u0219i nas<\/strong><\/li>\n<li><strong>P\u0103starea distan\u021bei de 2 metri \u00eentre credincio\u0219i<\/strong><\/li>\n<li><strong>Slujba s\u0103 dureze maxim 60 de minute<\/strong><\/li>\n<\/ol>\n<\/div>\n<\/div>\n<\/div>\n<p><!--more--><\/p>\n<p><strong>Reguli adiacente ale parohiei noastre:<\/strong><\/p>\n<p>&#8211; \u00a0La intrarea \u00een biseric\u0103 va fi la dispozi\u021bie dezinfectant, iar fiecare trebuie s\u0103-\u0219i dezinfecteze m\u00e2inile \u00eenainte de a intra.<\/p>\n<p>&#8211; \u00a0Se va intra pe intrarea principal\u0103 \u00een biseric\u0103 \u0219i la sf\u00e2r\u0219it (direct dup\u0103 slujb\u0103) se va ie\u0219i pe u\u0219a lateral\u0103 din st\u00e2nga fa\u021b\u0103, pentru a evita aglomera\u021bia.<\/p>\n<p><strong>La slujbe nu pot participa deocamdat\u0103:<\/strong><\/p>\n<p>&#8211; \u00a0copiii (acestora le este foarte greu, dac\u0103 nu imposibil, s\u0103 p\u0103streze distan\u021ba de 2 metri)<\/p>\n<p>&#8211; \u00a0cei care sunt bolnavi sau prezint\u0103 simptome asociate r\u0103celilor \u0219i virozelor (tuse, st\u0103nut, febr\u0103, etc.)<\/p>\n<p>Locurile \u0219i spa\u021biul din biseric\u0103 sunt \u00eemp\u0103r\u021bite \u00een distan\u021be de 2 metri \u0219i \u00eensemnate cu ab\u021bibild alb. Sunt <strong>maximum 52 de locuri disponibile.<\/strong><\/p>\n<p>De aceea <strong>v\u0103 recomand<\/strong> (pentru a evita eventuale situa\u021bii nepl\u0103cute) astfel:<\/p>\n<p>familiile s\u0103 participe la slujbe prin rota\u021bie (o duminic\u0103 so\u021bul, cealalt\u0103 duminic\u0103 so\u021bia, eventual urm\u0103toarea duminic\u0103 bunica sau bunicul)!!!<\/p>\n<p><strong>Este de la sine \u00een\u021beles c\u0103 deocamdat\u0103:<\/strong><\/p>\n<p>&#8211; \u00a0nu ne spovedim (spovedania nu se poate face datorit\u0103 distan\u021bei ce trebuie p\u0103strat\u0103)<\/p>\n<p>&#8211; \u00a0nu ne \u00eemp\u0103rt\u0103\u0219im (pentru c\u0103 nu e nimeni spovedit de dinainte de Postul Mare).<\/p>\n<p>&#8211; \u00a0nu se d\u0103 m\u00e2na cu cel\u0103lalt \u0219i nu ne \u00eembr\u0103\u021bi\u0219\u0103m<\/p>\n<p>&#8211; \u00a0nu s\u0103rut\u0103m icoanele (ne putem apleca smerit \u00een fa\u021ba lor)<\/p>\n<p>&#8211; \u00a0nu aducem prinoase pe mas\u0103 pentru sfin\u021bit<\/p>\n<p>&nbsp;","protected":false},"excerpt":{"rendered":"<p>Condi\u021bii obligatorii impuse de parlamentul bavarez pentru desf\u0103\u0219urarea slujbelor &nbsp; Purtarea m\u0103\u0219tii la gur\u0103 \u0219i nas P\u0103starea distan\u021bei de 2 metri \u00eentre credincio\u0219i Slujba s\u0103 dureze maxim 60 de minute<\/p>\n","protected":false},"author":2,"featured_media":0,"comment_status":"closed","ping_status":"open","sticky":false,"template":"","format":"standard","meta":{"jetpack_post_was_ever_published":false,"_jetpack_newsletter_access":"","_jetpack_dont_email_post_to_subs":false,"_jetpack_newsletter_tier_id":0,"_jetpack_memberships_contains_paywalled_content":false,"_jetpack_memberships_contains_paid_content":false,"footnotes":"","jetpack_publicize_message":"","jetpack_publicize_feature_enabled":true,"jetpack_social_post_already_shared":true,"jetpack_social_options":{"image_generator_settings":{"template":"highway","default_image_id":0,"font":"","enabled":false},"version":2}},"categories":[5],"tags":[],"class_list":["post-4455","post","type-post","status-publish","format-standard","hentry","category-text_menue"],"jetpack_publicize_connections":[],"jetpack_featured_media_url":"","jetpack_sharing_enabled":true,"jetpack_shortlink":"https:\/\/wp.me\/p93ZOd-19R","_links":{"self":[{"href":"https:\/\/www.bambergorthodox.de\/index.php?rest_route=\/wp\/v2\/posts\/4455","targetHints":{"allow":["GET"]}}],"collection":[{"href":"https:\/\/www.bambergorthodox.de\/index.php?rest_route=\/wp\/v2\/posts"}],"about":[{"href":"https:\/\/www.bambergorthodox.de\/index.php?rest_route=\/wp\/v2\/types\/post"}],"author":[{"embeddable":true,"href":"https:\/\/www.bambergorthodox.de\/index.php?rest_route=\/wp\/v2\/users\/2"}],"replies":[{"embeddable":true,"href":"https:\/\/www.bambergorthodox.de\/index.php?rest_route=%2Fwp%2Fv2%2Fcomments&post=4455"}],"version-history":[{"count":8,"href":"https:\/\/www.bambergorthodox.de\/index.php?rest_route=\/wp\/v2\/posts\/4455\/revisions"}],"predecessor-version":[{"id":4464,"href":"https:\/\/www.bambergorthodox.de\/index.php?rest_route=\/wp\/v2\/posts\/4455\/revisions\/4464"}],"wp:attachment":[{"href":"https:\/\/www.bambergorthodox.de\/index.php?rest_route=%2Fwp%2Fv2%2Fmedia&parent=4455"}],"wp:term":[{"taxonomy":"category","embeddable":true,"href":"https:\/\/www.bambergorthodox.de\/index.php?rest_route=%2Fwp%2Fv2%2Fcategories&post=4455"},{"taxonomy":"post_tag","embeddable":true,"href":"https:\/\/www.bambergorthodox.de\/index.php?rest_route=%2Fwp%2Fv2%2Ftags&post=4455"}],"curies":[{"name":"wp","href":"https:\/\/api.w.org\/{rel}","templated":true}]}}