{"id":4451,"date":"2020-04-28T16:44:22","date_gmt":"2020-04-28T14:44:22","guid":{"rendered":"https:\/\/www.bambergorthodox.de\/?p=4451"},"modified":"2020-04-28T16:45:19","modified_gmt":"2020-04-28T14:45:19","slug":"prima-slujba-cu-participarea-credinciosilor-duminica-10-mai","status":"publish","type":"post","link":"https:\/\/www.bambergorthodox.de\/?p=4451","title":{"rendered":"Prima slujb\u0103 cu participarea credincio\u0219ilor | duminic\u0103, 10 mai"},"content":{"rendered":"<a  href=\"https:\/\/www.bambergorthodox.de\/wp-content\/uploads\/2020\/04\/covid-site-6943.jpg\" data-rel=\"lightbox-gallery-0\" data-rl_title=\"\" data-rl_caption=\"\" title=\"\"><img loading=\"lazy\" decoding=\"async\" class=\"size-medium wp-image-4452 alignleft\" src=\"https:\/\/www.bambergorthodox.de\/wp-content\/uploads\/2020\/04\/covid-site-6943-300x225.jpg\" alt=\"\" width=\"300\" height=\"225\" srcset=\"https:\/\/www.bambergorthodox.de\/wp-content\/uploads\/2020\/04\/covid-site-6943-300x225.jpg 300w, https:\/\/www.bambergorthodox.de\/wp-content\/uploads\/2020\/04\/covid-site-6943-768x576.jpg 768w, https:\/\/www.bambergorthodox.de\/wp-content\/uploads\/2020\/04\/covid-site-6943.jpg 1024w\" sizes=\"auto, (max-width: 300px) 100vw, 300px\" \/><\/a>Iubi\u021bi credincio\u0219i,<\/p>\n<p>cu bucurie v\u0103 anun\u021b faptul c\u0103 participarea dumneavoastr\u0103, a credincio\u0219ilor, la Sfintele Slujbe este permis\u0103 \u00eencep\u00e2nd cu data de 4 mai, asta \u00eensemn\u00e2nd c\u0103 <strong>prima Sf\u00e2nta Liturghie<\/strong> la care ve\u021bi putea participa va fi <strong>duminic\u0103, 10 mai, orele 10:30<\/strong>.<\/p>\n<p><strong>Condi\u021biile obligatorii<\/strong> temporare impuse de landul bavarez pentru slujbe sunt urm\u0103toarele:<!--more--><\/p>\n<ul>\n<li><strong>Purtarea m\u0103\u0219tii la gur\u0103 \u0219i nas<\/strong><\/li>\n<li><strong>P\u0103starea distan\u021bei de 2 metri \u00eentre credincio\u0219i <\/strong><\/li>\n<li><strong>Slujba s\u0103 dureze maxim 60 de minute<\/strong><\/li>\n<\/ul>\n<p><strong>\u00a0<\/strong>De semenea, pentru a putea \u00eendeplini regulie legale \u0219i pentru buna desf\u0103\u0219urarea a slujbelor am stabilit \u0219i c\u00e2teva reguli adiacente. La intrarea \u00een biseric\u0103 va fi la dispozi\u021bie dezinfectant, iar fiecare trebuie s\u0103-\u0219i dezinfecteze m\u00e2inile \u00eenainte de a intra. Se va intra pe intrarea principal\u0103 \u00een biseric\u0103 \u0219i la sf\u00e2r\u0219it (direct dup\u0103 slujb\u0103) se va ie\u0219i pe u\u0219a lateral\u0103 din st\u00e2nga fa\u021b\u0103, pentru a evita aglomera\u021bia.<\/p>\n<p><strong>La slujbe nu pot participa deocamdat\u0103:<\/strong><\/p>\n<ul>\n<li><strong>copiii<\/strong> (acestora le este foarte greu, dac\u0103 nu imposibil, s\u0103 p\u0103streze distan\u021ba de 2 metri)<\/li>\n<li><strong>cei care sunt bolnavi<\/strong> <strong>sau prezint\u0103 simptome asociate r\u0103celilor \u0219i virozelor<\/strong>(tuse, st\u0103nut, febr\u0103, etc.)<\/li>\n<\/ul>\n<p><strong>Am \u00eemp\u0103r\u021bit locurile \u0219i spa\u021biul din biseric\u0103 \u00een distan\u021be de 2 metri \u0219i am \u00eensemnat cu ab\u021bibild alb unde poate sta fiecare credincios. Astfel sunt<\/strong> <strong>maximum 52 de locuri disponibile<\/strong><strong>. <\/strong><\/p>\n<p>De aceea v\u0103 recomand (pentru a evita eventuale situa\u021bii nepl\u0103cute) astfel: <em>familiile s\u0103 participe la slujbe prin rota\u021bie (o duminic\u0103 so\u021bul, cealalt\u0103 duminic\u0103 so\u021bia, eventual urm\u0103toarea duminic\u0103 bunica sau bunicul)!!!<\/em><em>\u00a0<\/em><\/p>\n<p><strong>Este de la sine \u00een\u021beles c\u0103 deocamdat\u0103: <\/strong><\/p>\n<ul>\n<li>nu ne spovedim (spovedania nu se poate face datorit\u0103 distan\u021bei ce trebuie p\u0103strat\u0103)<\/li>\n<li>nu ne \u00eemp\u0103rt\u0103\u0219im (pentru c\u0103 nu e nimeni spovedit de dinainte de Postul Mare).<\/li>\n<li>nu se d\u0103 m\u00e2na cu cel\u0103lalt \u0219i nu ne \u00eembr\u0103\u021bi\u0219\u0103m<\/li>\n<li>nu s\u0103rut\u0103m icoanele (ne putem apleca smerit \u00een fa\u021ba lor)<\/li>\n<li>nu aducem prinoase pe mas\u0103 pentru sfin\u021bit<\/li>\n<\/ul>\n<p>Pr. Ionu\u021b P\u0103un","protected":false},"excerpt":{"rendered":"<p>Iubi\u021bi credincio\u0219i, cu bucurie v\u0103 anun\u021b faptul c\u0103 participarea dumneavoastr\u0103, a credincio\u0219ilor, la Sfintele Slujbe este permis\u0103 \u00eencep\u00e2nd cu data de 4 mai, asta \u00eensemn\u00e2nd c\u0103 prima Sf\u00e2nta Liturghie la care ve\u021bi putea participa va fi duminic\u0103, 10 mai, orele 10:30. Condi\u021biile obligatorii temporare impuse de landul bavarez pentru slujbe sunt urm\u0103toarele:<\/p>\n","protected":false},"author":2,"featured_media":0,"comment_status":"closed","ping_status":"open","sticky":false,"template":"","format":"standard","meta":{"jetpack_post_was_ever_published":false,"_jetpack_newsletter_access":"","_jetpack_dont_email_post_to_subs":false,"_jetpack_newsletter_tier_id":0,"_jetpack_memberships_contains_paywalled_content":false,"_jetpack_memberships_contains_paid_content":false,"footnotes":"","jetpack_publicize_message":"","jetpack_publicize_feature_enabled":true,"jetpack_social_post_already_shared":true,"jetpack_social_options":{"image_generator_settings":{"template":"highway","default_image_id":0,"font":"","enabled":false},"version":2}},"categories":[5],"tags":[],"class_list":["post-4451","post","type-post","status-publish","format-standard","hentry","category-text_menue"],"jetpack_publicize_connections":[],"jetpack_featured_media_url":"","jetpack_sharing_enabled":true,"jetpack_shortlink":"https:\/\/wp.me\/p93ZOd-19N","_links":{"self":[{"href":"https:\/\/www.bambergorthodox.de\/index.php?rest_route=\/wp\/v2\/posts\/4451","targetHints":{"allow":["GET"]}}],"collection":[{"href":"https:\/\/www.bambergorthodox.de\/index.php?rest_route=\/wp\/v2\/posts"}],"about":[{"href":"https:\/\/www.bambergorthodox.de\/index.php?rest_route=\/wp\/v2\/types\/post"}],"author":[{"embeddable":true,"href":"https:\/\/www.bambergorthodox.de\/index.php?rest_route=\/wp\/v2\/users\/2"}],"replies":[{"embeddable":true,"href":"https:\/\/www.bambergorthodox.de\/index.php?rest_route=%2Fwp%2Fv2%2Fcomments&post=4451"}],"version-history":[{"count":2,"href":"https:\/\/www.bambergorthodox.de\/index.php?rest_route=\/wp\/v2\/posts\/4451\/revisions"}],"predecessor-version":[{"id":4454,"href":"https:\/\/www.bambergorthodox.de\/index.php?rest_route=\/wp\/v2\/posts\/4451\/revisions\/4454"}],"wp:attachment":[{"href":"https:\/\/www.bambergorthodox.de\/index.php?rest_route=%2Fwp%2Fv2%2Fmedia&parent=4451"}],"wp:term":[{"taxonomy":"category","embeddable":true,"href":"https:\/\/www.bambergorthodox.de\/index.php?rest_route=%2Fwp%2Fv2%2Fcategories&post=4451"},{"taxonomy":"post_tag","embeddable":true,"href":"https:\/\/www.bambergorthodox.de\/index.php?rest_route=%2Fwp%2Fv2%2Ftags&post=4451"}],"curies":[{"name":"wp","href":"https:\/\/api.w.org\/{rel}","templated":true}]}}