{"id":4423,"date":"2020-03-16T20:15:09","date_gmt":"2020-03-16T19:15:09","guid":{"rendered":"https:\/\/www.bambergorthodox.de\/?p=4423"},"modified":"2020-04-16T10:58:27","modified_gmt":"2020-04-16T08:58:27","slug":"biserica-este-inchisa-intre-16-03-19-04-2020","status":"publish","type":"post","link":"https:\/\/www.bambergorthodox.de\/?p=4423","title":{"rendered":"Preciz\u0103ri referitoare la via\u021ba bisericeasc\u0103 din Parohia Bamberg \u00een func\u021bie de evolu\u021bia pandemiei de coronavirus"},"content":{"rendered":"<a  href=\"https:\/\/www.bambergorthodox.de\/wp-content\/uploads\/2020\/03\/csm_Corona_200318_1f6dfab863.jpg\" data-rel=\"lightbox-gallery-0\" data-rl_title=\"\" data-rl_caption=\"\" title=\"\"><img loading=\"lazy\" decoding=\"async\" class=\"size-medium wp-image-4434 alignleft\" src=\"https:\/\/www.bambergorthodox.de\/wp-content\/uploads\/2020\/03\/csm_Corona_200318_1f6dfab863-300x123.jpg\" alt=\"\" width=\"300\" height=\"123\" srcset=\"https:\/\/www.bambergorthodox.de\/wp-content\/uploads\/2020\/03\/csm_Corona_200318_1f6dfab863-300x123.jpg 300w, https:\/\/www.bambergorthodox.de\/wp-content\/uploads\/2020\/03\/csm_Corona_200318_1f6dfab863.jpg 700w\" sizes=\"auto, (max-width: 300px) 100vw, 300px\" \/><\/a>Iubi\u021bi credincio\u0219i,<\/p>\n<p>\u00een urma declar\u0103rii st\u0103rii de urgen\u021b\u0103 \u00een Bavaria \u00een perioada\u00a0<span style=\"color: #ff0000;\"><strong>16 martie &#8211; 04 mai 2020,<\/strong><\/span>\u00a0Arhiepiscopia de Bamberg a decis \u00eenchiderea bisericii \u00een care slujim (ca de altfel a tuturor bisericilor din ora\u0219). \u00centre timp cancelarul Germaniei, Angela Merkel, a anun\u021bat interzicerea oficierii slujbelor publice (cu participarea credincio\u0219ilor) in toate bisericile din \u021bar\u0103, indiferent de confesiune.<\/p>\n<p>Eu voi sluji Sf\u00e2nta Liturghie \u00een biseric\u0103 cu u\u0219ile \u00eencuiate, \u00een fiecare duminic\u0103, \u00eempreun\u0103 cu Iustin la stran\u0103 \u0219i v\u0103 voi pomeni pe to\u021bi la Sf\u00e2nta Proscomidie.\u00a0Deocamdat\u0103 nu \u0219tim nimic daca vom putea sluji slujba de \u00cenviere. V\u0103 voi anun\u021ba din timp.<!--more--><\/p>\n<p>De asemenea, \u00een aceast\u0103 perioad\u0103 v\u0103 \u00eendemn s\u0103 ne rug\u0103m fiecare acas\u0103, la miezul nop\u021bii (cine poate; cine nu, poate s\u0103 se roage la orice or\u0103 din zi) cu urm\u0103toarele rug\u0103ciuni:<\/p>\n<ul>\n<li>Acatistul Acoper\u0103m\u00e2ntului Maicii Domnului (descarc\u0103 de <a href=\"https:\/\/doxologia.ro\/ceaslov\/acatiste\/acatistul-sfantului-acoperamant-al-maicii-domnului\" target=\"_blank\" rel=\"noopener noreferrer\">aici<\/a>)<\/li>\n<li>Paraclisul Cuviosului Nichifor cel Lepros (descarc\u0103 de <a href=\"https:\/\/doxologia.ro\/paraclisul-cuviosului-nichifor-cel-lepros\" target=\"_blank\" rel=\"noopener noreferrer\">aici<\/a>)<\/li>\n<li>Rug\u0103ciunea special\u0103 pentru \u00eencetarea noii pandemii (descarc\u0103 de aici <a href=\"https:\/\/www.bambergorthodox.de\/wp-content\/uploads\/2020\/03\/IMG_0682.jpeg\" target=\"_blank\" data-rel=\"lightbox-gallery-0\" data-rl_title=\"\" data-rl_caption=\"\" title=\"\">ro<\/a> \u0219i <a href=\"https:\/\/www.bambergorthodox.de\/wp-content\/uploads\/2020\/03\/1a25ec71-50f5-45dc-90cf-3362e80ceb3a.jpeg\" target=\"_blank\" data-rel=\"lightbox-gallery-0\" data-rl_title=\"\" data-rl_caption=\"\" title=\"\">de<\/a>)<\/li>\n<\/ul>\n<p>V\u0103 stau \u00een continuare la dispozi\u021bie, ca de fiecare dat\u0103, telefonic pentru asisten\u021b\u0103 religioas\u0103. \u00cen aceast\u0103 perioad\u0103 v\u0103 recomand s\u0103 urm\u0103ri\u021bi sfintele slujbe pe <a href=\"https:\/\/www.trinitas.tv\" target=\"_blank\" rel=\"noopener noreferrer\">Trinitas TV<\/a> si <a href=\"https:\/\/www.radiotrinitas.ro\" target=\"_blank\" rel=\"noopener noreferrer\">Radio Trinitas<\/a>. Pentru informa\u021bii actualizate v\u0103 rog s\u0103 urm\u0103ri\u021bi periodic pagina de Facebook a parohiei noastre.<\/p>\n<p>Domnul s\u0103 ne poarte \u00een paza Sa pe to\u021bi \u0219i s\u0103 \u00eenceteze aceast\u0103 boal\u0103!<\/p>\n<p>Cu binecuv\u00e2ntare,<\/p>\n<p>Preot paroh Ionu\u021b P\u0103un","protected":false},"excerpt":{"rendered":"<p>Iubi\u021bi credincio\u0219i, \u00een urma declar\u0103rii st\u0103rii de urgen\u021b\u0103 \u00een Bavaria \u00een perioada\u00a016 martie &#8211; 04 mai 2020,\u00a0Arhiepiscopia de Bamberg a decis \u00eenchiderea bisericii \u00een care slujim (ca de altfel a tuturor bisericilor din ora\u0219). \u00centre timp cancelarul Germaniei, Angela Merkel, a anun\u021bat interzicerea oficierii slujbelor publice (cu participarea credincio\u0219ilor) in toate bisericile din \u021bar\u0103, indiferent &#8230; <a class=\"read-more\" href=\"https:\/\/www.bambergorthodox.de\/?p=4423\">Read more&#8230;<\/a><\/p>\n","protected":false},"author":2,"featured_media":0,"comment_status":"closed","ping_status":"open","sticky":false,"template":"","format":"standard","meta":{"jetpack_post_was_ever_published":false,"_jetpack_newsletter_access":"","_jetpack_dont_email_post_to_subs":false,"_jetpack_newsletter_tier_id":0,"_jetpack_memberships_contains_paywalled_content":false,"_jetpack_memberships_contains_paid_content":false,"footnotes":"","jetpack_publicize_message":"","jetpack_publicize_feature_enabled":true,"jetpack_social_post_already_shared":true,"jetpack_social_options":{"image_generator_settings":{"template":"highway","default_image_id":0,"font":"","enabled":false},"version":2}},"categories":[5],"tags":[],"class_list":["post-4423","post","type-post","status-publish","format-standard","hentry","category-text_menue"],"jetpack_publicize_connections":[],"jetpack_featured_media_url":"","jetpack_sharing_enabled":true,"jetpack_shortlink":"https:\/\/wp.me\/p93ZOd-19l","_links":{"self":[{"href":"https:\/\/www.bambergorthodox.de\/index.php?rest_route=\/wp\/v2\/posts\/4423","targetHints":{"allow":["GET"]}}],"collection":[{"href":"https:\/\/www.bambergorthodox.de\/index.php?rest_route=\/wp\/v2\/posts"}],"about":[{"href":"https:\/\/www.bambergorthodox.de\/index.php?rest_route=\/wp\/v2\/types\/post"}],"author":[{"embeddable":true,"href":"https:\/\/www.bambergorthodox.de\/index.php?rest_route=\/wp\/v2\/users\/2"}],"replies":[{"embeddable":true,"href":"https:\/\/www.bambergorthodox.de\/index.php?rest_route=%2Fwp%2Fv2%2Fcomments&post=4423"}],"version-history":[{"count":10,"href":"https:\/\/www.bambergorthodox.de\/index.php?rest_route=\/wp\/v2\/posts\/4423\/revisions"}],"predecessor-version":[{"id":4441,"href":"https:\/\/www.bambergorthodox.de\/index.php?rest_route=\/wp\/v2\/posts\/4423\/revisions\/4441"}],"wp:attachment":[{"href":"https:\/\/www.bambergorthodox.de\/index.php?rest_route=%2Fwp%2Fv2%2Fmedia&parent=4423"}],"wp:term":[{"taxonomy":"category","embeddable":true,"href":"https:\/\/www.bambergorthodox.de\/index.php?rest_route=%2Fwp%2Fv2%2Fcategories&post=4423"},{"taxonomy":"post_tag","embeddable":true,"href":"https:\/\/www.bambergorthodox.de\/index.php?rest_route=%2Fwp%2Fv2%2Ftags&post=4423"}],"curies":[{"name":"wp","href":"https:\/\/api.w.org\/{rel}","templated":true}]}}