{"id":4388,"date":"2020-02-22T21:16:23","date_gmt":"2020-02-22T20:16:23","guid":{"rendered":"https:\/\/www.bambergorthodox.de\/?p=4388"},"modified":"2020-02-22T21:27:45","modified_gmt":"2020-02-22T20:27:45","slug":"vine-vine-primavara","status":"publish","type":"post","link":"https:\/\/www.bambergorthodox.de\/?p=4388","title":{"rendered":"Vine, vine prim\u0103vara!!!"},"content":{"rendered":"<div><em><a  href=\"https:\/\/www.bambergorthodox.de\/wp-content\/uploads\/2020\/02\/IMG_0590.jpeg\" data-rel=\"lightbox-gallery-1\" data-rl_title=\"\" data-rl_caption=\"\" title=\"\"><img loading=\"lazy\" decoding=\"async\" class=\"size-medium wp-image-4393 alignleft\" src=\"https:\/\/www.bambergorthodox.de\/wp-content\/uploads\/2020\/02\/IMG_0590-300x225.jpeg\" alt=\"\" width=\"300\" height=\"225\" srcset=\"https:\/\/www.bambergorthodox.de\/wp-content\/uploads\/2020\/02\/IMG_0590-300x225.jpeg 300w, https:\/\/www.bambergorthodox.de\/wp-content\/uploads\/2020\/02\/IMG_0590-768x576.jpeg 768w, https:\/\/www.bambergorthodox.de\/wp-content\/uploads\/2020\/02\/IMG_0590-1024x768.jpeg 1024w, https:\/\/www.bambergorthodox.de\/wp-content\/uploads\/2020\/02\/IMG_0590.jpeg 1600w\" sizes=\"auto, (max-width: 300px) 100vw, 300px\" \/><\/a>Bucuria din suflet r\u0103m\u00e2ne peste timp singura mul\u021bumire pe care o putem aduce lui Dumnezeu oric\u00e2nd, \u00a0cu at\u00e2t mai mult prim\u0103vara, c\u00e2nd totul se treze\u0219te la via\u021b\u0103. A\u0219a c\u0103, a d\u0103rui un m\u0103r\u021bi\u0219or cu dragoste \u0219i bucurie \u00eenseamn\u0103 a d\u0103rui o parte din sufletul t\u0103u. S\u00e2mb\u0103t\u0103, 22 februarie, copiii \u00a0parohiei noastre s-au \u00eent\u00e2lnit s\u0103 preg\u0103teasc\u0103 venirea prim\u0103verii.\u00a0<\/em><\/div>\n<p><!--more--><\/p>\n<div>Au \u00eenceput, a\u0219a cum se cuvine, cu o rug\u0103ciune al\u0103turi de P\u0103rintele Ionu\u021b, iar apoi, cu seriozitate \u0219i h\u0103rnicie de oameni mari, micu\u021bii au confec\u021bionat mici daruri pentru cei dragi (felicit\u0103ri, m\u0103r\u021bi\u0219oare, desene colorate).<\/div>\n<div><\/div>\n<div>Au strigat prim\u0103vara \u0219i \u00een acorduri muzicale, iar Doamne Doamne i-a auzit, pentru c\u0103 a adus soare \u0219i c\u0103ldur\u0103 \u00eentreaga zi.<\/div>\n<div>Au plecat obosi\u021bi acas\u0103, \u00a0dar duc\u00e2nd \u00een m\u00e2nu\u021be rodul muncii lor, \u00a0iar pe chipuri un z\u00e2mbet larg, pentru c\u0103 acum e sigur: vine, vine Prim\u0103vara!!!<\/div>\n<div><\/div>\n<div><\/div>\n<div><\/div>\n<div><\/div>\n<div><\/div>\n<div><div class=\"rl-gallery-container rl-loading\" id=\"rl-gallery-container-1\" data-gallery_id=\"4400\"> <div class=\"rl-gallery rl-basicgrid-gallery \" id=\"rl-gallery-1\" data-gallery_no=\"1\"> <div class=\"rl-gallery-item\"><a href=\"https:\/\/www.bambergorthodox.de\/wp-content\/uploads\/2020\/02\/IMG_0591.jpeg\" title=\"\" data-rl_title=\"\" class=\"rl-gallery-link\" data-rl_caption=\"\" data-rel=\"lightbox-gallery-bGlnaHRib3gtZ2FsbGVyeS0x\" data-rl_title=\"\" data-rl_caption=\"\"><img loading=\"lazy\" decoding=\"async\" src=\"https:\/\/www.bambergorthodox.de\/wp-content\/uploads\/2020\/02\/IMG_0591-300x225.jpeg\" width=\"300\" height=\"225\" alt=\"\" \/><\/a><\/div><div class=\"rl-gallery-item\"><a href=\"https:\/\/www.bambergorthodox.de\/wp-content\/uploads\/2020\/02\/IMG_0592.jpeg\" title=\"\" data-rl_title=\"\" class=\"rl-gallery-link\" data-rl_caption=\"\" data-rel=\"lightbox-gallery-bGlnaHRib3gtZ2FsbGVyeS0x\" data-rl_title=\"\" data-rl_caption=\"\"><img loading=\"lazy\" decoding=\"async\" src=\"https:\/\/www.bambergorthodox.de\/wp-content\/uploads\/2020\/02\/IMG_0592-300x225.jpeg\" width=\"300\" height=\"225\" alt=\"\" \/><\/a><\/div><div class=\"rl-gallery-item\"><a href=\"https:\/\/www.bambergorthodox.de\/wp-content\/uploads\/2020\/02\/IMG_0586.jpeg\" title=\"\" data-rl_title=\"\" class=\"rl-gallery-link\" data-rl_caption=\"\" data-rel=\"lightbox-gallery-bGlnaHRib3gtZ2FsbGVyeS0x\" data-rl_title=\"\" data-rl_caption=\"\"><img loading=\"lazy\" decoding=\"async\" src=\"https:\/\/www.bambergorthodox.de\/wp-content\/uploads\/2020\/02\/IMG_0586-300x225.jpeg\" width=\"300\" height=\"225\" alt=\"\" \/><\/a><\/div><div class=\"rl-gallery-item\"><a href=\"https:\/\/www.bambergorthodox.de\/wp-content\/uploads\/2020\/02\/IMG_0588.jpeg\" title=\"\" data-rl_title=\"\" class=\"rl-gallery-link\" data-rl_caption=\"\" data-rel=\"lightbox-gallery-bGlnaHRib3gtZ2FsbGVyeS0x\" data-rl_title=\"\" data-rl_caption=\"\"><img loading=\"lazy\" decoding=\"async\" src=\"https:\/\/www.bambergorthodox.de\/wp-content\/uploads\/2020\/02\/IMG_0588-300x225.jpeg\" width=\"300\" height=\"225\" alt=\"\" \/><\/a><\/div><div class=\"rl-gallery-item\"><a href=\"https:\/\/www.bambergorthodox.de\/wp-content\/uploads\/2020\/02\/IMG_0585.jpeg\" title=\"\" data-rl_title=\"\" class=\"rl-gallery-link\" data-rl_caption=\"\" data-rel=\"lightbox-gallery-bGlnaHRib3gtZ2FsbGVyeS0x\" data-rl_title=\"\" data-rl_caption=\"\"><img loading=\"lazy\" decoding=\"async\" src=\"https:\/\/www.bambergorthodox.de\/wp-content\/uploads\/2020\/02\/IMG_0585-300x225.jpeg\" width=\"300\" height=\"225\" alt=\"\" \/><\/a><\/div><div class=\"rl-gallery-item\"><a href=\"https:\/\/www.bambergorthodox.de\/wp-content\/uploads\/2020\/02\/IMG_0597.jpeg\" title=\"\" data-rl_title=\"\" class=\"rl-gallery-link\" data-rl_caption=\"\" data-rel=\"lightbox-gallery-bGlnaHRib3gtZ2FsbGVyeS0x\" data-rl_title=\"\" data-rl_caption=\"\"><img loading=\"lazy\" decoding=\"async\" src=\"https:\/\/www.bambergorthodox.de\/wp-content\/uploads\/2020\/02\/IMG_0597-300x225.jpeg\" width=\"300\" height=\"225\" alt=\"\" \/><\/a><\/div><div class=\"rl-gallery-item\"><a href=\"https:\/\/www.bambergorthodox.de\/wp-content\/uploads\/2020\/02\/IMG_0595.jpeg\" title=\"\" data-rl_title=\"\" class=\"rl-gallery-link\" data-rl_caption=\"\" data-rel=\"lightbox-gallery-bGlnaHRib3gtZ2FsbGVyeS0x\" data-rl_title=\"\" data-rl_caption=\"\"><img loading=\"lazy\" decoding=\"async\" src=\"https:\/\/www.bambergorthodox.de\/wp-content\/uploads\/2020\/02\/IMG_0595-300x225.jpeg\" width=\"300\" height=\"225\" alt=\"\" \/><\/a><\/div><div class=\"rl-gallery-item\"><a href=\"https:\/\/www.bambergorthodox.de\/wp-content\/uploads\/2020\/02\/IMG_0589.jpeg\" title=\"\" data-rl_title=\"\" class=\"rl-gallery-link\" data-rl_caption=\"\" data-rel=\"lightbox-gallery-bGlnaHRib3gtZ2FsbGVyeS0x\" data-rl_title=\"\" data-rl_caption=\"\"><img loading=\"lazy\" decoding=\"async\" src=\"https:\/\/www.bambergorthodox.de\/wp-content\/uploads\/2020\/02\/IMG_0589-300x225.jpeg\" width=\"300\" height=\"225\" alt=\"\" \/><\/a><\/div> <\/div> <\/div><\/div>","protected":false},"excerpt":{"rendered":"<p>Bucuria din suflet r\u0103m\u00e2ne peste timp singura mul\u021bumire pe care o putem aduce lui Dumnezeu oric\u00e2nd, \u00a0cu at\u00e2t mai mult prim\u0103vara, c\u00e2nd totul se treze\u0219te la via\u021b\u0103. A\u0219a c\u0103, a d\u0103rui un m\u0103r\u021bi\u0219or cu dragoste \u0219i bucurie \u00eenseamn\u0103 a d\u0103rui o parte din sufletul t\u0103u. S\u00e2mb\u0103t\u0103, 22 februarie, copiii \u00a0parohiei noastre s-au \u00eent\u00e2lnit s\u0103 preg\u0103teasc\u0103 &#8230; <a class=\"read-more\" href=\"https:\/\/www.bambergorthodox.de\/?p=4388\">Read more&#8230;<\/a><\/p>\n","protected":false},"author":2,"featured_media":0,"comment_status":"closed","ping_status":"open","sticky":false,"template":"","format":"standard","meta":{"jetpack_post_was_ever_published":false,"_jetpack_newsletter_access":"","_jetpack_dont_email_post_to_subs":false,"_jetpack_newsletter_tier_id":0,"_jetpack_memberships_contains_paywalled_content":false,"_jetpack_memberships_contains_paid_content":false,"footnotes":"","jetpack_publicize_message":"","jetpack_publicize_feature_enabled":true,"jetpack_social_post_already_shared":true,"jetpack_social_options":{"image_generator_settings":{"template":"highway","default_image_id":0,"font":"","enabled":false},"version":2}},"categories":[5],"tags":[],"class_list":["post-4388","post","type-post","status-publish","format-standard","hentry","category-text_menue"],"jetpack_publicize_connections":[],"jetpack_featured_media_url":"","jetpack_sharing_enabled":true,"jetpack_shortlink":"https:\/\/wp.me\/p93ZOd-18M","_links":{"self":[{"href":"https:\/\/www.bambergorthodox.de\/index.php?rest_route=\/wp\/v2\/posts\/4388","targetHints":{"allow":["GET"]}}],"collection":[{"href":"https:\/\/www.bambergorthodox.de\/index.php?rest_route=\/wp\/v2\/posts"}],"about":[{"href":"https:\/\/www.bambergorthodox.de\/index.php?rest_route=\/wp\/v2\/types\/post"}],"author":[{"embeddable":true,"href":"https:\/\/www.bambergorthodox.de\/index.php?rest_route=\/wp\/v2\/users\/2"}],"replies":[{"embeddable":true,"href":"https:\/\/www.bambergorthodox.de\/index.php?rest_route=%2Fwp%2Fv2%2Fcomments&post=4388"}],"version-history":[{"count":5,"href":"https:\/\/www.bambergorthodox.de\/index.php?rest_route=\/wp\/v2\/posts\/4388\/revisions"}],"predecessor-version":[{"id":4404,"href":"https:\/\/www.bambergorthodox.de\/index.php?rest_route=\/wp\/v2\/posts\/4388\/revisions\/4404"}],"wp:attachment":[{"href":"https:\/\/www.bambergorthodox.de\/index.php?rest_route=%2Fwp%2Fv2%2Fmedia&parent=4388"}],"wp:term":[{"taxonomy":"category","embeddable":true,"href":"https:\/\/www.bambergorthodox.de\/index.php?rest_route=%2Fwp%2Fv2%2Fcategories&post=4388"},{"taxonomy":"post_tag","embeddable":true,"href":"https:\/\/www.bambergorthodox.de\/index.php?rest_route=%2Fwp%2Fv2%2Ftags&post=4388"}],"curies":[{"name":"wp","href":"https:\/\/api.w.org\/{rel}","templated":true}]}}