{"id":4310,"date":"2020-01-01T21:20:59","date_gmt":"2020-01-01T20:20:59","guid":{"rendered":"https:\/\/www.bambergorthodox.de\/?p=4310"},"modified":"2020-01-01T21:34:36","modified_gmt":"2020-01-01T20:34:36","slug":"concert-de-colinde-al-copiilor-parohiei-ajunul-craciunului-2019","status":"publish","type":"post","link":"https:\/\/www.bambergorthodox.de\/?p=4310","title":{"rendered":"Concert de colinde al copiilor parohiei | Ajunul Cr\u0103ciunului 2019"},"content":{"rendered":"<div><a  href=\"https:\/\/www.bambergorthodox.de\/wp-content\/uploads\/2020\/01\/IMG_0317.jpeg\" data-rel=\"lightbox-gallery-1\" data-rl_title=\"\" data-rl_caption=\"\" title=\"\"><img loading=\"lazy\" decoding=\"async\" class=\"size-medium wp-image-4303 alignleft\" src=\"https:\/\/www.bambergorthodox.de\/wp-content\/uploads\/2020\/01\/IMG_0317-300x225.jpeg\" alt=\"\" width=\"300\" height=\"225\" srcset=\"https:\/\/www.bambergorthodox.de\/wp-content\/uploads\/2020\/01\/IMG_0317-300x225.jpeg 300w, https:\/\/www.bambergorthodox.de\/wp-content\/uploads\/2020\/01\/IMG_0317-768x576.jpeg 768w, https:\/\/www.bambergorthodox.de\/wp-content\/uploads\/2020\/01\/IMG_0317-1024x768.jpeg 1024w\" sizes=\"auto, (max-width: 300px) 100vw, 300px\" \/><\/a><em>Credincio\u0219ii parohiei noastre au vrut s\u0103 primeasc\u0103 vestea Na\u0219terii Domnului direct \u00een Casa Lui.\u00a0<\/em><\/div>\n<div><\/div>\n<div><em>Seara de Ajun a \u00eenceput cu slujba Vecerniei, c\u00e2nd to\u021bi cei prezen\u021bi s-au unit \u00een rug\u0103ciune \u0219i au l\u0103sat Lumina Lin\u0103 s\u0103 coboare \u00een suflete \u0219i s\u0103 le umple de pace \u0219i bucurie. Cu fiecare moment al slujbei cre\u0219tea num\u0103rul celor care se ad\u0103ugau rug\u0103ciunii, astfel c\u0103 Biserica s-a umplut \u00een final numai de&#8230; suflete de copii, mai mici sau mai mari sau suflete care \u0219i-au p\u0103strat o f\u0103r\u00e2m\u0103 de copil\u0103rie, indiferent de num\u0103rul anilor trecu\u021bi.<\/em><\/div>\n<p><!--more--><\/p>\n<div><\/div>\n<div>Dup\u0103 slujb\u0103, copiii parohiei au continuat s\u0103 \u00eempart\u0103 bucurie celor prezen\u021bi, printr-un program de colinde \u0219i poezii. Seniorul grupei, Ricardo Kowatsch, a deschis frumos seara colind\u00e2nd \u0219i vestind cu vocea lui deosebit\u0103 c\u0103&#8230; &#8222;Vin colind\u0103torii, cum veneau odat\u0103&#8230;&#8221;<\/div>\n<div>Pentru a nu l\u0103sa dorul de cei de acas\u0103 s\u0103 alunge bucuria, a intrat grupul vesel al micilor colind\u0103tori, sun\u00e2nd din clopo\u021bei&#8230; &#8222;kling, Gl\u00f6ckchen, klingelingeling&#8230;&#8221;.<\/div>\n<div>Au urmat mai multe poezii (Afar\u0103 ninge lini\u0219tit &#8211; George Co\u0219buc, Na\u0219terea M\u00e2ntuitorului &#8211; Ion Creang\u0103, Decembrie, Ziua de Cr\u0103ciun, Cr\u0103ciunul copiilor &#8211; Octavian Goga, \u0219i altele), recitate cu mult curaj (\u0219i emo\u021bie) de fiecare copila\u0219 \u00een parte.<\/div>\n<div>Programul a fost pres\u0103rat din bel\u0219ug cu colinde. Copiii au pornit cu \u00eendemnul : &#8222;deschide\u021bi u\u0219a, vin cu colindu\u021ba&#8230;&#8221;, apoi au vestit &#8222;o, ce veste minunat\u0103&#8221; \u0219i au povestit despre cum &#8222;trei p\u0103stori se \u00eent\u00e2lnir\u0103&#8221;, pentru a ne convinge c\u0103 pentru noi to\u021bi &#8222;steaua sus r\u0103sare&#8221;. Au c\u00e2ntat despre bucuria Cr\u0103ciunului \u0219i \u00een german\u0103&#8230; &#8222;Oh, du fr\u00f6hliche&#8230;&#8221; \u0219i au l\u0103udat br\u0103du\u021bul frumos \u00eempodobit din Biseric\u0103&#8230; &#8222;O Tannenbaum, wie treu sind deine Bl\u00e4tter&#8230;&#8221;<\/div>\n<div>Bine\u00een\u021beles c\u0103 nu au uitat nici de Mo\u0219 Cr\u0103ciun, care i-a auzit c\u00e2t de frumos c\u00e2nt\u0103 \u0219i a venit, \u00eemp\u0103r\u021bind daruri, z\u00e2mbete, \u00eembr\u0103\u021bi\u0219\u0103ri. \u00cenainte de a pleca mai departe a promis c\u0103 se va \u00eentoarce \u0219i anul viitor, fie \u0219i numai pentru bucuria de a auzi copiii colind\u00e2nd despre Na\u0219terea Domnului.<\/div>\n<div><\/div>\n<div>Dac\u0103 am putea p\u0103stra, \u00een tot timpul anului, m\u0103car o mic\u0103 parte din bucuria Cr\u0103ciunului, din n\u0103dejdea d\u0103ruit\u0103 tuturor prin Na\u0219terea M\u00e2ntuitorului Hristos, am trece altfel peste greut\u0103\u021bile vie\u021bii&#8230; mai lin, mai u\u0219or, \u00eemp\u0103ca\u021bi, z\u00e2mbind chiar!<\/div>\n<div><\/div>\n<div>&#8222;Dintre toate, c\u00e2te sunt<\/div>\n<div>S\u0103rb\u0103tori pe-acest p\u0103m\u00e2nt,<\/div>\n<div>Nu e alta mai frumoas\u0103<\/div>\n<div>Dec\u00e2t Cr\u0103ciunul cel Sf\u00e2nt!&#8221;<\/div>\n<div>\u00a0 \u00a0 \u00a0 \u00a0 \u00a0 \u00a0 \u00a0 \u00a0 \u00a0 \u00a0 \u00a0 \u00a0 \u00a0 \u00a0 \u00a0 \u00a0 \u00a0 \u00a0 \u00a0 \u00a0 \u00a0 \u00a0 \u00a0 \u00a0 \u00a0 \u00a0 \u00a0 \u00a0 \u00a0 \u00a0 \u00a0 \u00a0 \u00a0 \u00a0 \u00a0 \u00a0 \u00a0 \u00a0 \u00a0 \u00a0 \u00a0 \u00a0 \u00a0 \u00a0 \u00a0 \u00a0 \u00a0 \u00a0 \u00a0 \u00a0 \u00a0 \u00a0 Dr. Mihaela Ichim<\/div>\n<p>&nbsp;<\/p>\n<div class=\"rl-gallery-container rl-loading\" id=\"rl-gallery-container-1\" data-gallery_id=\"4309\"> <div class=\"rl-gallery rl-basicgrid-gallery \" id=\"rl-gallery-1\" data-gallery_no=\"1\"> <div class=\"rl-gallery-item\"><a href=\"https:\/\/www.bambergorthodox.de\/wp-content\/uploads\/2020\/01\/IMG_0304.jpeg\" title=\"\" data-rl_title=\"\" class=\"rl-gallery-link\" data-rl_caption=\"\" data-rel=\"lightbox-gallery-bGlnaHRib3gtZ2FsbGVyeS0x\" data-rl_title=\"\" data-rl_caption=\"\"><img loading=\"lazy\" decoding=\"async\" src=\"https:\/\/www.bambergorthodox.de\/wp-content\/uploads\/2020\/01\/IMG_0304-300x225.jpeg\" width=\"300\" height=\"225\" alt=\"\" \/><\/a><\/div><div class=\"rl-gallery-item\"><a href=\"https:\/\/www.bambergorthodox.de\/wp-content\/uploads\/2020\/01\/IMG_0345.jpeg\" title=\"\" data-rl_title=\"\" class=\"rl-gallery-link\" data-rl_caption=\"\" data-rel=\"lightbox-gallery-bGlnaHRib3gtZ2FsbGVyeS0x\" data-rl_title=\"\" data-rl_caption=\"\"><img loading=\"lazy\" decoding=\"async\" src=\"https:\/\/www.bambergorthodox.de\/wp-content\/uploads\/2020\/01\/IMG_0345-300x225.jpeg\" width=\"300\" height=\"225\" alt=\"\" \/><\/a><\/div><div class=\"rl-gallery-item\"><a href=\"https:\/\/www.bambergorthodox.de\/wp-content\/uploads\/2020\/01\/IMG_0317.jpeg\" title=\"\" data-rl_title=\"\" class=\"rl-gallery-link\" data-rl_caption=\"\" data-rel=\"lightbox-gallery-bGlnaHRib3gtZ2FsbGVyeS0x\" data-rl_title=\"\" data-rl_caption=\"\"><img loading=\"lazy\" decoding=\"async\" src=\"https:\/\/www.bambergorthodox.de\/wp-content\/uploads\/2020\/01\/IMG_0317-300x225.jpeg\" width=\"300\" height=\"225\" alt=\"\" \/><\/a><\/div><div class=\"rl-gallery-item\"><a href=\"https:\/\/www.bambergorthodox.de\/wp-content\/uploads\/2020\/01\/IMG_0314.jpeg\" title=\"\" data-rl_title=\"\" class=\"rl-gallery-link\" data-rl_caption=\"\" data-rel=\"lightbox-gallery-bGlnaHRib3gtZ2FsbGVyeS0x\" data-rl_title=\"\" data-rl_caption=\"\"><img loading=\"lazy\" decoding=\"async\" src=\"https:\/\/www.bambergorthodox.de\/wp-content\/uploads\/2020\/01\/IMG_0314-300x225.jpeg\" width=\"300\" height=\"225\" alt=\"\" \/><\/a><\/div><div class=\"rl-gallery-item\"><a href=\"https:\/\/www.bambergorthodox.de\/wp-content\/uploads\/2020\/01\/IMG_0309.jpeg\" title=\"\" data-rl_title=\"\" class=\"rl-gallery-link\" data-rl_caption=\"\" data-rel=\"lightbox-gallery-bGlnaHRib3gtZ2FsbGVyeS0x\" data-rl_title=\"\" data-rl_caption=\"\"><img loading=\"lazy\" decoding=\"async\" src=\"https:\/\/www.bambergorthodox.de\/wp-content\/uploads\/2020\/01\/IMG_0309-300x225.jpeg\" width=\"300\" height=\"225\" alt=\"\" \/><\/a><\/div><div class=\"rl-gallery-item\"><a href=\"https:\/\/www.bambergorthodox.de\/wp-content\/uploads\/2020\/01\/IMG_0342.jpeg\" title=\"\" data-rl_title=\"\" class=\"rl-gallery-link\" data-rl_caption=\"\" data-rel=\"lightbox-gallery-bGlnaHRib3gtZ2FsbGVyeS0x\" data-rl_title=\"\" data-rl_caption=\"\"><img loading=\"lazy\" decoding=\"async\" src=\"https:\/\/www.bambergorthodox.de\/wp-content\/uploads\/2020\/01\/IMG_0342-300x225.jpeg\" width=\"300\" height=\"225\" alt=\"\" \/><\/a><\/div><div class=\"rl-gallery-item\"><a href=\"https:\/\/www.bambergorthodox.de\/wp-content\/uploads\/2020\/01\/IMG_0323.jpeg\" title=\"\" data-rl_title=\"\" class=\"rl-gallery-link\" data-rl_caption=\"\" data-rel=\"lightbox-gallery-bGlnaHRib3gtZ2FsbGVyeS0x\" data-rl_title=\"\" data-rl_caption=\"\"><img loading=\"lazy\" decoding=\"async\" src=\"https:\/\/www.bambergorthodox.de\/wp-content\/uploads\/2020\/01\/IMG_0323-300x225.jpeg\" width=\"300\" height=\"225\" alt=\"\" \/><\/a><\/div><div class=\"rl-gallery-item\"><a href=\"https:\/\/www.bambergorthodox.de\/wp-content\/uploads\/2020\/01\/IMG_0346.jpeg\" title=\"\" data-rl_title=\"\" class=\"rl-gallery-link\" data-rl_caption=\"\" data-rel=\"lightbox-gallery-bGlnaHRib3gtZ2FsbGVyeS0x\" data-rl_title=\"\" data-rl_caption=\"\"><img loading=\"lazy\" decoding=\"async\" src=\"https:\/\/www.bambergorthodox.de\/wp-content\/uploads\/2020\/01\/IMG_0346-300x225.jpeg\" width=\"300\" height=\"225\" alt=\"\" \/><\/a><\/div> <\/div> <\/div>","protected":false},"excerpt":{"rendered":"<p>Credincio\u0219ii parohiei noastre au vrut s\u0103 primeasc\u0103 vestea Na\u0219terii Domnului direct \u00een Casa Lui.\u00a0 Seara de Ajun a \u00eenceput cu slujba Vecerniei, c\u00e2nd to\u021bi cei prezen\u021bi s-au unit \u00een rug\u0103ciune \u0219i au l\u0103sat Lumina Lin\u0103 s\u0103 coboare \u00een suflete \u0219i s\u0103 le umple de pace \u0219i bucurie. Cu fiecare moment al slujbei cre\u0219tea num\u0103rul celor &#8230; <a class=\"read-more\" href=\"https:\/\/www.bambergorthodox.de\/?p=4310\">Read more&#8230;<\/a><\/p>\n","protected":false},"author":2,"featured_media":0,"comment_status":"closed","ping_status":"open","sticky":false,"template":"","format":"standard","meta":{"jetpack_post_was_ever_published":false,"_jetpack_newsletter_access":"","_jetpack_dont_email_post_to_subs":false,"_jetpack_newsletter_tier_id":0,"_jetpack_memberships_contains_paywalled_content":false,"_jetpack_memberships_contains_paid_content":false,"footnotes":"","jetpack_publicize_message":"","jetpack_publicize_feature_enabled":true,"jetpack_social_post_already_shared":true,"jetpack_social_options":{"image_generator_settings":{"template":"highway","default_image_id":0,"font":"","enabled":false},"version":2}},"categories":[5],"tags":[],"class_list":["post-4310","post","type-post","status-publish","format-standard","hentry","category-text_menue"],"jetpack_publicize_connections":[],"jetpack_featured_media_url":"","jetpack_sharing_enabled":true,"jetpack_shortlink":"https:\/\/wp.me\/p93ZOd-17w","_links":{"self":[{"href":"https:\/\/www.bambergorthodox.de\/index.php?rest_route=\/wp\/v2\/posts\/4310","targetHints":{"allow":["GET"]}}],"collection":[{"href":"https:\/\/www.bambergorthodox.de\/index.php?rest_route=\/wp\/v2\/posts"}],"about":[{"href":"https:\/\/www.bambergorthodox.de\/index.php?rest_route=\/wp\/v2\/types\/post"}],"author":[{"embeddable":true,"href":"https:\/\/www.bambergorthodox.de\/index.php?rest_route=\/wp\/v2\/users\/2"}],"replies":[{"embeddable":true,"href":"https:\/\/www.bambergorthodox.de\/index.php?rest_route=%2Fwp%2Fv2%2Fcomments&post=4310"}],"version-history":[{"count":5,"href":"https:\/\/www.bambergorthodox.de\/index.php?rest_route=\/wp\/v2\/posts\/4310\/revisions"}],"predecessor-version":[{"id":4315,"href":"https:\/\/www.bambergorthodox.de\/index.php?rest_route=\/wp\/v2\/posts\/4310\/revisions\/4315"}],"wp:attachment":[{"href":"https:\/\/www.bambergorthodox.de\/index.php?rest_route=%2Fwp%2Fv2%2Fmedia&parent=4310"}],"wp:term":[{"taxonomy":"category","embeddable":true,"href":"https:\/\/www.bambergorthodox.de\/index.php?rest_route=%2Fwp%2Fv2%2Fcategories&post=4310"},{"taxonomy":"post_tag","embeddable":true,"href":"https:\/\/www.bambergorthodox.de\/index.php?rest_route=%2Fwp%2Fv2%2Ftags&post=4310"}],"curies":[{"name":"wp","href":"https:\/\/api.w.org\/{rel}","templated":true}]}}