{"id":421,"date":"2015-12-27T21:16:08","date_gmt":"2015-12-27T20:16:08","guid":{"rendered":"http:\/\/www.bambergorthodox.de\/?p=421"},"modified":"2015-12-27T21:25:12","modified_gmt":"2015-12-27T20:25:12","slug":"vestirea-nasterii-domnului-pe-la-casele-credinciosilor","status":"publish","type":"post","link":"https:\/\/www.bambergorthodox.de\/?p=421","title":{"rendered":"Vestirea Na\u0219terii Domnului pe la casele credincio\u0219ilor"},"content":{"rendered":"<p><img loading=\"lazy\" decoding=\"async\" class=\"size-medium wp-image-450 alignleft\" src=\"https:\/\/www.bambergorthodox.de\/wp-content\/uploads\/2015\/12\/DSC02026-300x200.jpg\" alt=\"DSC02026\" width=\"300\" height=\"200\" srcset=\"https:\/\/www.bambergorthodox.de\/wp-content\/uploads\/2015\/12\/DSC02026-300x200.jpg 300w, https:\/\/www.bambergorthodox.de\/wp-content\/uploads\/2015\/12\/DSC02026-1024x682.jpg 1024w\" sizes=\"auto, (max-width: 300px) 100vw, 300px\" \/>\u00cen s\u0103pt\u0103m\u00e2na premerg\u0103toare s\u0103rb\u0103torii Na\u0219terii Domnului Iisus Hristos, p\u0103rintele Ionu\u021b a mers pe la casele credincio\u0219ilor cu Icoana Praznicului, a\u0219a cum este tradi\u021bia bisericii noastre, spre a vesti marea s\u0103rb\u0103toare ce urma s\u0103 vin\u0103. Al\u0103turi de c\u00e2ntarea troparului s\u0103rb\u0103torii, p\u0103rintele a adus cu d\u00e2nsul \u0219i lini\u0219tea \u0219i pacea Pruncului Iisus.<!--more--><\/p>\n<p>De asemenea, \u00een Ajunul Cr\u0103ciunului, copiii parohiei \u00eempreun\u0103 cu p\u0103rintele nostru, au colindat casele \u0219i sufletele credincio\u0219ilor, aduc\u00e2nd tuturor momente de bucurie \u0219i tr\u0103iri suflete\u0219ti intense.\u00a0Doamna preoteas\u0103 Mihaela a organizat grupa copiilor, repet\u00e2nd cu ei colindele rom\u00e2ne\u0219ti \u00een cadrul orelor de limba rom\u00e2n\u0103 organizate lunar \u00een cadrul parohiei.<\/p>\n<p>Bucuria adus\u0103 de c\u0103tre copii a fost r\u0103spl\u0103tit\u0103 de cei colinda\u021bi cu dulciuri, fructe \u0219i b\u0103nu\u021bi. N\u0103d\u0103jduim, cu ajutorul Domnului, s\u0103 fie un \u00eenceput bun \u0219i o tradi\u021bie care s\u0103 se dezvolte \u00een anii ce urmeaz\u0103.<\/p>\n<p><a  href=\"https:\/\/www.bambergorthodox.de\/wp-content\/uploads\/2015\/12\/DSC01920.jpg\" data-rel=\"lightbox-gallery-0\" data-rl_title=\"\" data-rl_caption=\"\" title=\"\"><img loading=\"lazy\" decoding=\"async\" class=\"alignnone wp-image-422 size-thumbnail\" src=\"https:\/\/www.bambergorthodox.de\/wp-content\/uploads\/2015\/12\/DSC01920-150x150.jpg\" alt=\"DSC01920\" width=\"150\" height=\"150\" \/><\/a> <a  href=\"https:\/\/www.bambergorthodox.de\/wp-content\/uploads\/2015\/12\/DSC01924.jpg\" data-rel=\"lightbox-gallery-0\" data-rl_title=\"\" data-rl_caption=\"\" title=\"\"><img loading=\"lazy\" decoding=\"async\" class=\"alignnone wp-image-423 size-thumbnail\" src=\"https:\/\/www.bambergorthodox.de\/wp-content\/uploads\/2015\/12\/DSC01924-150x150.jpg\" alt=\"DSC01924\" width=\"150\" height=\"150\" \/><\/a> <a  href=\"https:\/\/www.bambergorthodox.de\/wp-content\/uploads\/2015\/12\/DSC01925.jpg\" data-rel=\"lightbox-gallery-0\" data-rl_title=\"\" data-rl_caption=\"\" title=\"\"><img loading=\"lazy\" decoding=\"async\" class=\"alignnone wp-image-424 size-thumbnail\" src=\"https:\/\/www.bambergorthodox.de\/wp-content\/uploads\/2015\/12\/DSC01925-150x150.jpg\" alt=\"DSC01925\" width=\"150\" height=\"150\" \/><\/a>\u00a0<a  href=\"https:\/\/www.bambergorthodox.de\/wp-content\/uploads\/2015\/12\/DSC01932.jpg\" data-rel=\"lightbox-gallery-0\" data-rl_title=\"\" data-rl_caption=\"\" title=\"\"><img loading=\"lazy\" decoding=\"async\" class=\"alignnone wp-image-425 size-thumbnail\" src=\"https:\/\/www.bambergorthodox.de\/wp-content\/uploads\/2015\/12\/DSC01932-150x150.jpg\" alt=\"DSC01932\" width=\"150\" height=\"150\" \/><\/a> <a  href=\"https:\/\/www.bambergorthodox.de\/wp-content\/uploads\/2015\/12\/DSC01937.jpg\" data-rel=\"lightbox-gallery-0\" data-rl_title=\"\" data-rl_caption=\"\" title=\"\"><img loading=\"lazy\" decoding=\"async\" class=\"alignnone wp-image-426 size-thumbnail\" src=\"https:\/\/www.bambergorthodox.de\/wp-content\/uploads\/2015\/12\/DSC01937-150x150.jpg\" alt=\"DSC01937\" width=\"150\" height=\"150\" \/><\/a> <a  href=\"https:\/\/www.bambergorthodox.de\/wp-content\/uploads\/2015\/12\/DSC01939.jpg\" data-rel=\"lightbox-gallery-0\" data-rl_title=\"\" data-rl_caption=\"\" title=\"\"><img loading=\"lazy\" decoding=\"async\" class=\"alignnone wp-image-427 size-thumbnail\" src=\"https:\/\/www.bambergorthodox.de\/wp-content\/uploads\/2015\/12\/DSC01939-150x150.jpg\" alt=\"DSC01939\" width=\"150\" height=\"150\" \/><\/a> <a  href=\"https:\/\/www.bambergorthodox.de\/wp-content\/uploads\/2015\/12\/DSC01941.jpg\" data-rel=\"lightbox-gallery-0\" data-rl_title=\"\" data-rl_caption=\"\" title=\"\"><img loading=\"lazy\" decoding=\"async\" class=\"alignnone wp-image-428 size-thumbnail\" src=\"https:\/\/www.bambergorthodox.de\/wp-content\/uploads\/2015\/12\/DSC01941-150x150.jpg\" alt=\"DSC01941\" width=\"150\" height=\"150\" \/><\/a> <a  href=\"https:\/\/www.bambergorthodox.de\/wp-content\/uploads\/2015\/12\/DSC01942.jpg\" data-rel=\"lightbox-gallery-0\" data-rl_title=\"\" data-rl_caption=\"\" title=\"\"><img loading=\"lazy\" decoding=\"async\" class=\"alignnone wp-image-429 size-thumbnail\" src=\"https:\/\/www.bambergorthodox.de\/wp-content\/uploads\/2015\/12\/DSC01942-150x150.jpg\" alt=\"DSC01942\" width=\"150\" height=\"150\" \/><\/a> <a  href=\"https:\/\/www.bambergorthodox.de\/wp-content\/uploads\/2015\/12\/DSC01950.jpg\" data-rel=\"lightbox-gallery-0\" data-rl_title=\"\" data-rl_caption=\"\" title=\"\"><img loading=\"lazy\" decoding=\"async\" class=\"alignnone wp-image-430 size-thumbnail\" src=\"https:\/\/www.bambergorthodox.de\/wp-content\/uploads\/2015\/12\/DSC01950-150x150.jpg\" alt=\"DSC01950\" width=\"150\" height=\"150\" \/><\/a> <a  href=\"https:\/\/www.bambergorthodox.de\/wp-content\/uploads\/2015\/12\/DSC01954.jpg\" data-rel=\"lightbox-gallery-0\" data-rl_title=\"\" data-rl_caption=\"\" title=\"\"><img loading=\"lazy\" decoding=\"async\" class=\"alignnone wp-image-431 size-thumbnail\" src=\"https:\/\/www.bambergorthodox.de\/wp-content\/uploads\/2015\/12\/DSC01954-150x150.jpg\" alt=\"DSC01954\" width=\"150\" height=\"150\" \/><\/a> <a  href=\"https:\/\/www.bambergorthodox.de\/wp-content\/uploads\/2015\/12\/DSC01956.jpg\" data-rel=\"lightbox-gallery-0\" data-rl_title=\"\" data-rl_caption=\"\" title=\"\"><img loading=\"lazy\" decoding=\"async\" class=\"alignnone wp-image-432 size-thumbnail\" src=\"https:\/\/www.bambergorthodox.de\/wp-content\/uploads\/2015\/12\/DSC01956-150x150.jpg\" alt=\"DSC01956\" width=\"150\" height=\"150\" \/><\/a> \u00a0<a  href=\"https:\/\/www.bambergorthodox.de\/wp-content\/uploads\/2015\/12\/DSC01965.jpg\" data-rel=\"lightbox-gallery-0\" data-rl_title=\"\" data-rl_caption=\"\" title=\"\"><img loading=\"lazy\" decoding=\"async\" class=\"alignnone wp-image-434 size-thumbnail\" src=\"https:\/\/www.bambergorthodox.de\/wp-content\/uploads\/2015\/12\/DSC01965-150x150.jpg\" alt=\"DSC01965\" width=\"150\" height=\"150\" \/><\/a> <a  href=\"https:\/\/www.bambergorthodox.de\/wp-content\/uploads\/2015\/12\/DSC01967.jpg\" data-rel=\"lightbox-gallery-0\" data-rl_title=\"\" data-rl_caption=\"\" title=\"\"><img loading=\"lazy\" decoding=\"async\" class=\"alignnone wp-image-435 size-thumbnail\" src=\"https:\/\/www.bambergorthodox.de\/wp-content\/uploads\/2015\/12\/DSC01967-150x150.jpg\" alt=\"DSC01967\" width=\"150\" height=\"150\" \/><\/a> <a  href=\"https:\/\/www.bambergorthodox.de\/wp-content\/uploads\/2015\/12\/DSC01969.jpg\" data-rel=\"lightbox-gallery-0\" data-rl_title=\"\" data-rl_caption=\"\" title=\"\"><img loading=\"lazy\" decoding=\"async\" class=\"alignnone wp-image-436 size-thumbnail\" src=\"https:\/\/www.bambergorthodox.de\/wp-content\/uploads\/2015\/12\/DSC01969-150x150.jpg\" alt=\"DSC01969\" width=\"150\" height=\"150\" \/><\/a> <a  href=\"https:\/\/www.bambergorthodox.de\/wp-content\/uploads\/2015\/12\/DSC01977.jpg\" data-rel=\"lightbox-gallery-0\" data-rl_title=\"\" data-rl_caption=\"\" title=\"\"><img loading=\"lazy\" decoding=\"async\" class=\"alignnone wp-image-437 size-thumbnail\" src=\"https:\/\/www.bambergorthodox.de\/wp-content\/uploads\/2015\/12\/DSC01977-150x150.jpg\" alt=\"DSC01977\" width=\"150\" height=\"150\" \/><\/a> <a  href=\"https:\/\/www.bambergorthodox.de\/wp-content\/uploads\/2015\/12\/DSC01986.jpg\" data-rel=\"lightbox-gallery-0\" data-rl_title=\"\" data-rl_caption=\"\" title=\"\"><img loading=\"lazy\" decoding=\"async\" class=\"alignnone wp-image-438 size-thumbnail\" src=\"https:\/\/www.bambergorthodox.de\/wp-content\/uploads\/2015\/12\/DSC01986-150x150.jpg\" alt=\"DSC01986\" width=\"150\" height=\"150\" \/><\/a> <a  href=\"https:\/\/www.bambergorthodox.de\/wp-content\/uploads\/2015\/12\/DSC01994.jpg\" data-rel=\"lightbox-gallery-0\" data-rl_title=\"\" data-rl_caption=\"\" title=\"\"><img loading=\"lazy\" decoding=\"async\" class=\"alignnone wp-image-439 size-thumbnail\" src=\"https:\/\/www.bambergorthodox.de\/wp-content\/uploads\/2015\/12\/DSC01994-150x150.jpg\" alt=\"DSC01994\" width=\"150\" height=\"150\" \/><\/a> <a  href=\"https:\/\/www.bambergorthodox.de\/wp-content\/uploads\/2015\/12\/DSC02006.jpg\" data-rel=\"lightbox-gallery-0\" data-rl_title=\"\" data-rl_caption=\"\" title=\"\"><img loading=\"lazy\" decoding=\"async\" class=\"alignnone wp-image-440 size-thumbnail\" src=\"https:\/\/www.bambergorthodox.de\/wp-content\/uploads\/2015\/12\/DSC02006-150x150.jpg\" alt=\"DSC02006\" width=\"150\" height=\"150\" \/><\/a> <a  href=\"https:\/\/www.bambergorthodox.de\/wp-content\/uploads\/2015\/12\/DSC02007.jpg\" data-rel=\"lightbox-gallery-0\" data-rl_title=\"\" data-rl_caption=\"\" title=\"\"><img loading=\"lazy\" decoding=\"async\" class=\"alignnone wp-image-441 size-thumbnail\" src=\"https:\/\/www.bambergorthodox.de\/wp-content\/uploads\/2015\/12\/DSC02007-150x150.jpg\" alt=\"DSC02007\" width=\"150\" height=\"150\" \/><\/a> \u00a0\u00a0<a  href=\"https:\/\/www.bambergorthodox.de\/wp-content\/uploads\/2015\/12\/DSC02013.jpg\" data-rel=\"lightbox-gallery-0\" data-rl_title=\"\" data-rl_caption=\"\" title=\"\"><img loading=\"lazy\" decoding=\"async\" class=\"alignnone wp-image-444 size-thumbnail\" src=\"https:\/\/www.bambergorthodox.de\/wp-content\/uploads\/2015\/12\/DSC02013-150x150.jpg\" alt=\"DSC02013\" width=\"150\" height=\"150\" \/><\/a> <a  href=\"https:\/\/www.bambergorthodox.de\/wp-content\/uploads\/2015\/12\/DSC02014.jpg\" data-rel=\"lightbox-gallery-0\" data-rl_title=\"\" data-rl_caption=\"\" title=\"\"><img loading=\"lazy\" decoding=\"async\" class=\"alignnone wp-image-445 size-thumbnail\" src=\"https:\/\/www.bambergorthodox.de\/wp-content\/uploads\/2015\/12\/DSC02014-150x150.jpg\" alt=\"DSC02014\" width=\"150\" height=\"150\" \/><\/a> \u00a0<a  href=\"https:\/\/www.bambergorthodox.de\/wp-content\/uploads\/2015\/12\/DSC02017.jpg\" data-rel=\"lightbox-gallery-0\" data-rl_title=\"\" data-rl_caption=\"\" title=\"\"><img loading=\"lazy\" decoding=\"async\" class=\"alignnone wp-image-447 size-thumbnail\" src=\"https:\/\/www.bambergorthodox.de\/wp-content\/uploads\/2015\/12\/DSC02017-150x150.jpg\" alt=\"DSC02017\" width=\"150\" height=\"150\" \/><\/a> \u00a0<a  href=\"https:\/\/www.bambergorthodox.de\/wp-content\/uploads\/2015\/12\/DSC02022.jpg\" data-rel=\"lightbox-gallery-0\" data-rl_title=\"\" data-rl_caption=\"\" title=\"\"><img loading=\"lazy\" decoding=\"async\" class=\"alignnone wp-image-449 size-thumbnail\" src=\"https:\/\/www.bambergorthodox.de\/wp-content\/uploads\/2015\/12\/DSC02022-150x150.jpg\" alt=\"DSC02022\" width=\"150\" height=\"150\" \/><\/a> \u00a0\u00a0<a  href=\"https:\/\/www.bambergorthodox.de\/wp-content\/uploads\/2015\/12\/DSC02036.jpg\" data-rel=\"lightbox-gallery-0\" data-rl_title=\"\" data-rl_caption=\"\" title=\"\"><img loading=\"lazy\" decoding=\"async\" class=\"alignnone wp-image-452 size-thumbnail\" src=\"https:\/\/www.bambergorthodox.de\/wp-content\/uploads\/2015\/12\/DSC02036-150x150.jpg\" alt=\"DSC02036\" width=\"150\" height=\"150\" \/><\/a> <a  href=\"https:\/\/www.bambergorthodox.de\/wp-content\/uploads\/2015\/12\/DSC02039.jpg\" data-rel=\"lightbox-gallery-0\" data-rl_title=\"\" data-rl_caption=\"\" title=\"\"><img loading=\"lazy\" decoding=\"async\" class=\"alignnone wp-image-453 size-thumbnail\" src=\"https:\/\/www.bambergorthodox.de\/wp-content\/uploads\/2015\/12\/DSC02039-150x150.jpg\" alt=\"DSC02039\" width=\"150\" height=\"150\" \/><\/a> <a  href=\"https:\/\/www.bambergorthodox.de\/wp-content\/uploads\/2015\/12\/DSC02043.jpg\" data-rel=\"lightbox-gallery-0\" data-rl_title=\"\" data-rl_caption=\"\" title=\"\"><img loading=\"lazy\" decoding=\"async\" class=\"alignnone wp-image-454 size-thumbnail\" src=\"https:\/\/www.bambergorthodox.de\/wp-content\/uploads\/2015\/12\/DSC02043-150x150.jpg\" alt=\"DSC02043\" width=\"150\" height=\"150\" \/><\/a> <a  href=\"https:\/\/www.bambergorthodox.de\/wp-content\/uploads\/2015\/12\/DSC02044.jpg\" data-rel=\"lightbox-gallery-0\" data-rl_title=\"\" data-rl_caption=\"\" title=\"\"><img loading=\"lazy\" decoding=\"async\" class=\"alignnone wp-image-455 size-thumbnail\" src=\"https:\/\/www.bambergorthodox.de\/wp-content\/uploads\/2015\/12\/DSC02044-150x150.jpg\" alt=\"DSC02044\" width=\"150\" height=\"150\" \/><\/a> <a  href=\"https:\/\/www.bambergorthodox.de\/wp-content\/uploads\/2015\/12\/DSC02046.jpg\" data-rel=\"lightbox-gallery-0\" data-rl_title=\"\" data-rl_caption=\"\" title=\"\"><img loading=\"lazy\" decoding=\"async\" class=\"alignnone wp-image-456 size-thumbnail\" src=\"https:\/\/www.bambergorthodox.de\/wp-content\/uploads\/2015\/12\/DSC02046-150x150.jpg\" alt=\"DSC02046\" width=\"150\" height=\"150\" \/><\/a> <a  href=\"https:\/\/www.bambergorthodox.de\/wp-content\/uploads\/2015\/12\/DSC02048.jpg\" data-rel=\"lightbox-gallery-0\" data-rl_title=\"\" data-rl_caption=\"\" title=\"\"><img loading=\"lazy\" decoding=\"async\" class=\"alignnone wp-image-457 size-thumbnail\" src=\"https:\/\/www.bambergorthodox.de\/wp-content\/uploads\/2015\/12\/DSC02048-150x150.jpg\" alt=\"DSC02048\" width=\"150\" height=\"150\" \/><\/a> <a  href=\"https:\/\/www.bambergorthodox.de\/wp-content\/uploads\/2015\/12\/DSC02049.jpg\" data-rel=\"lightbox-gallery-0\" data-rl_title=\"\" data-rl_caption=\"\" title=\"\"><img loading=\"lazy\" decoding=\"async\" class=\"alignnone wp-image-458 size-thumbnail\" src=\"https:\/\/www.bambergorthodox.de\/wp-content\/uploads\/2015\/12\/DSC02049-150x150.jpg\" alt=\"DSC02049\" width=\"150\" height=\"150\" \/><\/a> <a  href=\"https:\/\/www.bambergorthodox.de\/wp-content\/uploads\/2015\/12\/DSC02050.jpg\" data-rel=\"lightbox-gallery-0\" data-rl_title=\"\" data-rl_caption=\"\" title=\"\"><img loading=\"lazy\" decoding=\"async\" class=\"alignnone wp-image-459 size-thumbnail\" src=\"https:\/\/www.bambergorthodox.de\/wp-content\/uploads\/2015\/12\/DSC02050-150x150.jpg\" alt=\"DSC02050\" width=\"150\" height=\"150\" \/><\/a> \u00a0<a  href=\"https:\/\/www.bambergorthodox.de\/wp-content\/uploads\/2015\/12\/DSC02055.jpg\" data-rel=\"lightbox-gallery-0\" data-rl_title=\"\" data-rl_caption=\"\" title=\"\"><img loading=\"lazy\" decoding=\"async\" class=\"alignnone wp-image-461 size-thumbnail\" src=\"https:\/\/www.bambergorthodox.de\/wp-content\/uploads\/2015\/12\/DSC02055-150x150.jpg\" alt=\"DSC02055\" width=\"150\" height=\"150\" \/><\/a> <a  href=\"https:\/\/www.bambergorthodox.de\/wp-content\/uploads\/2015\/12\/DSC02058.jpg\" data-rel=\"lightbox-gallery-0\" data-rl_title=\"\" data-rl_caption=\"\" title=\"\"><img loading=\"lazy\" decoding=\"async\" class=\"alignnone wp-image-462 size-thumbnail\" src=\"https:\/\/www.bambergorthodox.de\/wp-content\/uploads\/2015\/12\/DSC02058-150x150.jpg\" alt=\"DSC02058\" width=\"150\" height=\"150\" \/><\/a><\/p>\n","protected":false},"excerpt":{"rendered":"<p>\u00cen s\u0103pt\u0103m\u00e2na premerg\u0103toare s\u0103rb\u0103torii Na\u0219terii Domnului Iisus Hristos, p\u0103rintele Ionu\u021b a mers pe la casele credincio\u0219ilor cu Icoana Praznicului, a\u0219a cum este tradi\u021bia bisericii noastre, spre a vesti marea s\u0103rb\u0103toare ce urma s\u0103 vin\u0103. Al\u0103turi de c\u00e2ntarea troparului s\u0103rb\u0103torii, p\u0103rintele a adus cu d\u00e2nsul \u0219i lini\u0219tea \u0219i pacea Pruncului Iisus.<\/p>\n","protected":false},"author":1,"featured_media":0,"comment_status":"open","ping_status":"open","sticky":false,"template":"","format":"standard","meta":{"jetpack_post_was_ever_published":false,"_jetpack_newsletter_access":"","_jetpack_dont_email_post_to_subs":false,"_jetpack_newsletter_tier_id":0,"_jetpack_memberships_contains_paywalled_content":false,"_jetpack_memberships_contains_paid_content":false,"footnotes":"","jetpack_publicize_message":"","jetpack_publicize_feature_enabled":true,"jetpack_social_post_already_shared":false,"jetpack_social_options":{"image_generator_settings":{"template":"highway","default_image_id":0,"font":"","enabled":false},"version":2}},"categories":[5],"tags":[],"class_list":["post-421","post","type-post","status-publish","format-standard","hentry","category-text_menue"],"jetpack_publicize_connections":[],"jetpack_featured_media_url":"","jetpack_sharing_enabled":true,"jetpack_shortlink":"https:\/\/wp.me\/p93ZOd-6N","_links":{"self":[{"href":"https:\/\/www.bambergorthodox.de\/index.php?rest_route=\/wp\/v2\/posts\/421","targetHints":{"allow":["GET"]}}],"collection":[{"href":"https:\/\/www.bambergorthodox.de\/index.php?rest_route=\/wp\/v2\/posts"}],"about":[{"href":"https:\/\/www.bambergorthodox.de\/index.php?rest_route=\/wp\/v2\/types\/post"}],"author":[{"embeddable":true,"href":"https:\/\/www.bambergorthodox.de\/index.php?rest_route=\/wp\/v2\/users\/1"}],"replies":[{"embeddable":true,"href":"https:\/\/www.bambergorthodox.de\/index.php?rest_route=%2Fwp%2Fv2%2Fcomments&post=421"}],"version-history":[{"count":6,"href":"https:\/\/www.bambergorthodox.de\/index.php?rest_route=\/wp\/v2\/posts\/421\/revisions"}],"predecessor-version":[{"id":468,"href":"https:\/\/www.bambergorthodox.de\/index.php?rest_route=\/wp\/v2\/posts\/421\/revisions\/468"}],"wp:attachment":[{"href":"https:\/\/www.bambergorthodox.de\/index.php?rest_route=%2Fwp%2Fv2%2Fmedia&parent=421"}],"wp:term":[{"taxonomy":"category","embeddable":true,"href":"https:\/\/www.bambergorthodox.de\/index.php?rest_route=%2Fwp%2Fv2%2Fcategories&post=421"},{"taxonomy":"post_tag","embeddable":true,"href":"https:\/\/www.bambergorthodox.de\/index.php?rest_route=%2Fwp%2Fv2%2Ftags&post=421"}],"curies":[{"name":"wp","href":"https:\/\/api.w.org\/{rel}","templated":true}]}}