{"id":417,"date":"2015-12-21T10:02:43","date_gmt":"2015-12-21T09:02:43","guid":{"rendered":"http:\/\/www.bambergorthodox.de\/?p=417"},"modified":"2015-12-21T10:02:43","modified_gmt":"2015-12-21T09:02:43","slug":"in-asteptarea-pruncului-sfant","status":"publish","type":"post","link":"https:\/\/www.bambergorthodox.de\/?p=417","title":{"rendered":"\u00cen a\u0219teptarea Pruncului Sf\u00e2nt"},"content":{"rendered":"<p><a  href=\"https:\/\/www.bambergorthodox.de\/wp-content\/uploads\/2015\/12\/nasterea-domnului-07.jpg\" data-rel=\"lightbox-gallery-0\" data-rl_title=\"\" data-rl_caption=\"\" title=\"\"><img loading=\"lazy\" decoding=\"async\" class=\"size-medium wp-image-418 alignleft\" src=\"https:\/\/www.bambergorthodox.de\/wp-content\/uploads\/2015\/12\/nasterea-domnului-07-300x200.jpg\" alt=\"nasterea-domnului-07\" width=\"300\" height=\"200\" srcset=\"https:\/\/www.bambergorthodox.de\/wp-content\/uploads\/2015\/12\/nasterea-domnului-07-300x200.jpg 300w, https:\/\/www.bambergorthodox.de\/wp-content\/uploads\/2015\/12\/nasterea-domnului-07-1024x682.jpg 1024w, https:\/\/www.bambergorthodox.de\/wp-content\/uploads\/2015\/12\/nasterea-domnului-07.jpg 1600w\" sizes=\"auto, (max-width: 300px) 100vw, 300px\" \/><\/a>V\u0103 invit\u0103m cu bucurie \u00een suflete, \u00een Ajunul Na\u0219terii Domnului, joi, 24 decembrie, orele 18.00, \u00een biserica noastr\u0103, s\u0103 a\u0219tept\u0103m cu to\u021bii pe Pruncul Iisus, Care se va na\u0219te pe p\u0103m\u00e2nt. Vom s\u0103v\u00e2r\u0219i slujba vecerniei unit\u0103 cu litia, un mic grup de copii din parohie va interpreta colinde \u0219i \u00een continuare vom c\u00e2nta \u00eempreun\u0103 colinde Pruncului Sf\u00e2nt. De asemenea, pentru copiii cumin\u021bi va veni Mo\u0219 Cr\u0103ciun \u00eenc\u0103rcat cu daruri.<\/p>\n<p>&nbsp;<\/p>\n<p>V\u0103 a\u0219tept\u0103m cu emo\u021bie!<\/p>\n","protected":false},"excerpt":{"rendered":"<p>V\u0103 invit\u0103m cu bucurie \u00een suflete, \u00een Ajunul Na\u0219terii Domnului, joi, 24 decembrie, orele 18.00, \u00een biserica noastr\u0103, s\u0103 a\u0219tept\u0103m cu to\u021bii pe Pruncul Iisus, Care se va na\u0219te pe p\u0103m\u00e2nt. Vom s\u0103v\u00e2r\u0219i slujba vecerniei unit\u0103 cu litia, un mic grup de copii din parohie va interpreta colinde \u0219i \u00een continuare vom c\u00e2nta \u00eempreun\u0103 colinde &#8230; <a class=\"read-more\" href=\"https:\/\/www.bambergorthodox.de\/?p=417\">Read more&#8230;<\/a><\/p>\n","protected":false},"author":1,"featured_media":0,"comment_status":"open","ping_status":"open","sticky":false,"template":"","format":"standard","meta":{"jetpack_post_was_ever_published":false,"_jetpack_newsletter_access":"","_jetpack_dont_email_post_to_subs":false,"_jetpack_newsletter_tier_id":0,"_jetpack_memberships_contains_paywalled_content":false,"_jetpack_memberships_contains_paid_content":false,"footnotes":"","jetpack_publicize_message":"","jetpack_publicize_feature_enabled":true,"jetpack_social_post_already_shared":false,"jetpack_social_options":{"image_generator_settings":{"template":"highway","default_image_id":0,"font":"","enabled":false},"version":2}},"categories":[5],"tags":[],"class_list":["post-417","post","type-post","status-publish","format-standard","hentry","category-text_menue"],"jetpack_publicize_connections":[],"jetpack_featured_media_url":"","jetpack_sharing_enabled":true,"jetpack_shortlink":"https:\/\/wp.me\/p93ZOd-6J","_links":{"self":[{"href":"https:\/\/www.bambergorthodox.de\/index.php?rest_route=\/wp\/v2\/posts\/417","targetHints":{"allow":["GET"]}}],"collection":[{"href":"https:\/\/www.bambergorthodox.de\/index.php?rest_route=\/wp\/v2\/posts"}],"about":[{"href":"https:\/\/www.bambergorthodox.de\/index.php?rest_route=\/wp\/v2\/types\/post"}],"author":[{"embeddable":true,"href":"https:\/\/www.bambergorthodox.de\/index.php?rest_route=\/wp\/v2\/users\/1"}],"replies":[{"embeddable":true,"href":"https:\/\/www.bambergorthodox.de\/index.php?rest_route=%2Fwp%2Fv2%2Fcomments&post=417"}],"version-history":[{"count":1,"href":"https:\/\/www.bambergorthodox.de\/index.php?rest_route=\/wp\/v2\/posts\/417\/revisions"}],"predecessor-version":[{"id":419,"href":"https:\/\/www.bambergorthodox.de\/index.php?rest_route=\/wp\/v2\/posts\/417\/revisions\/419"}],"wp:attachment":[{"href":"https:\/\/www.bambergorthodox.de\/index.php?rest_route=%2Fwp%2Fv2%2Fmedia&parent=417"}],"wp:term":[{"taxonomy":"category","embeddable":true,"href":"https:\/\/www.bambergorthodox.de\/index.php?rest_route=%2Fwp%2Fv2%2Fcategories&post=417"},{"taxonomy":"post_tag","embeddable":true,"href":"https:\/\/www.bambergorthodox.de\/index.php?rest_route=%2Fwp%2Fv2%2Ftags&post=417"}],"curies":[{"name":"wp","href":"https:\/\/api.w.org\/{rel}","templated":true}]}}