{"id":4064,"date":"2019-04-23T12:00:13","date_gmt":"2019-04-23T10:00:13","guid":{"rendered":"https:\/\/www.bambergorthodox.de\/?p=4064"},"modified":"2019-04-23T12:08:55","modified_gmt":"2019-04-23T10:08:55","slug":"daruri-la-dragodana-sfintele-pasti-2019","status":"publish","type":"post","link":"https:\/\/www.bambergorthodox.de\/?p=4064","title":{"rendered":"Daruri la Dragodana | Sfintele Pa\u0219ti 2019"},"content":{"rendered":"<a  href=\"https:\/\/www.bambergorthodox.de\/wp-content\/uploads\/2019\/04\/PHOTO-2019-04-19-21-22-37-2.jpg\" data-rel=\"lightbox-gallery-1\" data-rl_title=\"\" data-rl_caption=\"\" title=\"\"><img loading=\"lazy\" decoding=\"async\" class=\"size-medium wp-image-4045 alignleft\" src=\"https:\/\/www.bambergorthodox.de\/wp-content\/uploads\/2019\/04\/PHOTO-2019-04-19-21-22-37-2-300x169.jpg\" alt=\"\" width=\"300\" height=\"169\" srcset=\"https:\/\/www.bambergorthodox.de\/wp-content\/uploads\/2019\/04\/PHOTO-2019-04-19-21-22-37-2-300x169.jpg 300w, https:\/\/www.bambergorthodox.de\/wp-content\/uploads\/2019\/04\/PHOTO-2019-04-19-21-22-37-2-768x433.jpg 768w, https:\/\/www.bambergorthodox.de\/wp-content\/uploads\/2019\/04\/PHOTO-2019-04-19-21-22-37-2-1024x578.jpg 1024w, https:\/\/www.bambergorthodox.de\/wp-content\/uploads\/2019\/04\/PHOTO-2019-04-19-21-22-37-2.jpg 1600w\" sizes=\"auto, (max-width: 300px) 100vw, 300px\" \/><\/a><em>\u00cen parohia noastr\u0103 a devenit deja o tradi\u021bie frumoas\u0103 trimiterea de daruri c\u0103tre parohiile din \u021bar\u0103. La fel ca \u0219i la s\u0103rb\u0103toarea Na\u0219terii Domnului de anul trecut, \u00eenainte de sf\u00e2nta s\u0103rb\u0103toare a \u00cenvierii Domnului Iisus Hristos au fost d\u0103ruite credincio\u0219ilor parohiei cu hramul \u201eSf. Ier. Nicolae\u201d din localitatea Dragodana, protoieria G\u0103e\u0219ti, Arhiepiscopia T\u00e2rgovi\u0219tei, 81 de pachete mari cu alimente neperisabile, \u00eembr\u0103c\u0103minte pentru toate v\u00e2rstele \u0219i juc\u0103rii. Pachetele au fost d\u0103ruite cu mult\u0103 dragoste de c\u0103tre credincio\u0219ii no\u0219tri \u0219i ambalate sub form\u0103 de cadouri, pe ele fiind scrise detalii referitoare la con\u021binutul lor.<\/em> <!--more-->Acestea au fost trimise direct c\u0103tre parohia Dragodana \u0219i primite de p\u0103rintele paroh Dinu Gheorghe. P\u0103rintele a fost \u0219i cel care, \u00eempreun\u0103 cu credincio\u0219ii apropia\u021bi ai parohiei, a \u00eemp\u0103r\u021bit darurile oamenilor cu nevoi \u0219i copiilor gr\u0103dini\u021bei din localitate. Bucuria prilejuit\u0103 se poate deduce din chipurile luminoase ale celor ce le-au primit.<br \/>\nMul\u021bumim p\u0103rintelui paroh Dinu Gheorghe pentru disponibilitatea de a primi dovada dragostei noastre!<br \/>\nPr. Paroh Ionu\u021b P\u0103un<\/p>\n<div class=\"rl-gallery-container rl-loading\" id=\"rl-gallery-container-1\" data-gallery_id=\"4067\"> <div class=\"rl-gallery rl-basicgrid-gallery \" id=\"rl-gallery-1\" data-gallery_no=\"1\"> <div class=\"rl-gallery-item\"><a href=\"https:\/\/www.bambergorthodox.de\/wp-content\/uploads\/2019\/04\/IMG_2478.jpeg\" title=\"\" data-rl_title=\"\" class=\"rl-gallery-link\" data-rl_caption=\"\" data-rel=\"lightbox-gallery-bGlnaHRib3gtZ2FsbGVyeS0x\" data-rl_title=\"\" data-rl_caption=\"\"><img loading=\"lazy\" decoding=\"async\" src=\"https:\/\/www.bambergorthodox.de\/wp-content\/uploads\/2019\/04\/IMG_2478-150x150.jpeg\" width=\"150\" height=\"150\" alt=\"\" \/><\/a><\/div><div class=\"rl-gallery-item\"><a href=\"https:\/\/www.bambergorthodox.de\/wp-content\/uploads\/2019\/04\/IMG_2482.jpeg\" title=\"\" data-rl_title=\"\" class=\"rl-gallery-link\" data-rl_caption=\"\" data-rel=\"lightbox-gallery-bGlnaHRib3gtZ2FsbGVyeS0x\" data-rl_title=\"\" data-rl_caption=\"\"><img loading=\"lazy\" decoding=\"async\" src=\"https:\/\/www.bambergorthodox.de\/wp-content\/uploads\/2019\/04\/IMG_2482-150x150.jpeg\" width=\"150\" height=\"150\" alt=\"\" \/><\/a><\/div><div class=\"rl-gallery-item\"><a href=\"https:\/\/www.bambergorthodox.de\/wp-content\/uploads\/2019\/04\/IMG_2485.jpeg\" title=\"\" data-rl_title=\"\" class=\"rl-gallery-link\" data-rl_caption=\"\" data-rel=\"lightbox-gallery-bGlnaHRib3gtZ2FsbGVyeS0x\" data-rl_title=\"\" data-rl_caption=\"\"><img loading=\"lazy\" decoding=\"async\" src=\"https:\/\/www.bambergorthodox.de\/wp-content\/uploads\/2019\/04\/IMG_2485-150x150.jpeg\" width=\"150\" height=\"150\" alt=\"\" \/><\/a><\/div><div class=\"rl-gallery-item\"><a href=\"https:\/\/www.bambergorthodox.de\/wp-content\/uploads\/2019\/04\/IMG_2484.jpeg\" title=\"\" data-rl_title=\"\" class=\"rl-gallery-link\" data-rl_caption=\"\" data-rel=\"lightbox-gallery-bGlnaHRib3gtZ2FsbGVyeS0x\" data-rl_title=\"\" data-rl_caption=\"\"><img loading=\"lazy\" decoding=\"async\" src=\"https:\/\/www.bambergorthodox.de\/wp-content\/uploads\/2019\/04\/IMG_2484-150x150.jpeg\" width=\"150\" height=\"150\" alt=\"\" \/><\/a><\/div><div class=\"rl-gallery-item\"><a href=\"https:\/\/www.bambergorthodox.de\/wp-content\/uploads\/2019\/04\/IMG_2480.jpeg\" title=\"\" data-rl_title=\"\" class=\"rl-gallery-link\" data-rl_caption=\"\" data-rel=\"lightbox-gallery-bGlnaHRib3gtZ2FsbGVyeS0x\" data-rl_title=\"\" data-rl_caption=\"\"><img loading=\"lazy\" decoding=\"async\" src=\"https:\/\/www.bambergorthodox.de\/wp-content\/uploads\/2019\/04\/IMG_2480-150x150.jpeg\" width=\"150\" height=\"150\" alt=\"\" \/><\/a><\/div><div class=\"rl-gallery-item\"><a href=\"https:\/\/www.bambergorthodox.de\/wp-content\/uploads\/2019\/04\/PHOTO-2019-04-19-21-22-37-2.jpg\" title=\"\" data-rl_title=\"\" class=\"rl-gallery-link\" data-rl_caption=\"\" data-rel=\"lightbox-gallery-bGlnaHRib3gtZ2FsbGVyeS0x\" data-rl_title=\"\" data-rl_caption=\"\"><img loading=\"lazy\" decoding=\"async\" src=\"https:\/\/www.bambergorthodox.de\/wp-content\/uploads\/2019\/04\/PHOTO-2019-04-19-21-22-37-2-150x150.jpg\" width=\"150\" height=\"150\" alt=\"\" \/><\/a><\/div><div class=\"rl-gallery-item\"><a href=\"https:\/\/www.bambergorthodox.de\/wp-content\/uploads\/2019\/04\/PHOTO-2019-04-19-21-22-37.jpg\" title=\"\" data-rl_title=\"\" class=\"rl-gallery-link\" data-rl_caption=\"\" data-rel=\"lightbox-gallery-bGlnaHRib3gtZ2FsbGVyeS0x\" data-rl_title=\"\" data-rl_caption=\"\"><img loading=\"lazy\" decoding=\"async\" src=\"https:\/\/www.bambergorthodox.de\/wp-content\/uploads\/2019\/04\/PHOTO-2019-04-19-21-22-37-150x150.jpg\" width=\"150\" height=\"150\" alt=\"\" \/><\/a><\/div><div class=\"rl-gallery-item\"><a href=\"https:\/\/www.bambergorthodox.de\/wp-content\/uploads\/2019\/04\/PHOTO-2019-04-19-21-22-36-2.jpg\" title=\"\" data-rl_title=\"\" class=\"rl-gallery-link\" data-rl_caption=\"\" data-rel=\"lightbox-gallery-bGlnaHRib3gtZ2FsbGVyeS0x\" data-rl_title=\"\" data-rl_caption=\"\"><img loading=\"lazy\" decoding=\"async\" src=\"https:\/\/www.bambergorthodox.de\/wp-content\/uploads\/2019\/04\/PHOTO-2019-04-19-21-22-36-2-150x150.jpg\" width=\"150\" height=\"150\" alt=\"\" \/><\/a><\/div><div class=\"rl-gallery-item\"><a href=\"https:\/\/www.bambergorthodox.de\/wp-content\/uploads\/2019\/04\/PHOTO-2019-04-19-21-21-59.jpg\" title=\"\" data-rl_title=\"\" class=\"rl-gallery-link\" data-rl_caption=\"\" data-rel=\"lightbox-gallery-bGlnaHRib3gtZ2FsbGVyeS0x\" data-rl_title=\"\" data-rl_caption=\"\"><img loading=\"lazy\" decoding=\"async\" src=\"https:\/\/www.bambergorthodox.de\/wp-content\/uploads\/2019\/04\/PHOTO-2019-04-19-21-21-59-150x150.jpg\" width=\"150\" height=\"150\" alt=\"\" \/><\/a><\/div><div class=\"rl-gallery-item\"><a href=\"https:\/\/www.bambergorthodox.de\/wp-content\/uploads\/2019\/04\/PHOTO-2019-04-19-21-21-45.jpg\" title=\"\" data-rl_title=\"\" class=\"rl-gallery-link\" data-rl_caption=\"\" data-rel=\"lightbox-gallery-bGlnaHRib3gtZ2FsbGVyeS0x\" data-rl_title=\"\" data-rl_caption=\"\"><img loading=\"lazy\" decoding=\"async\" src=\"https:\/\/www.bambergorthodox.de\/wp-content\/uploads\/2019\/04\/PHOTO-2019-04-19-21-21-45-150x150.jpg\" width=\"150\" height=\"150\" alt=\"\" \/><\/a><\/div><div class=\"rl-gallery-item\"><a href=\"https:\/\/www.bambergorthodox.de\/wp-content\/uploads\/2019\/04\/PHOTO-2019-04-19-21-21-09-2.jpg\" title=\"\" data-rl_title=\"\" class=\"rl-gallery-link\" data-rl_caption=\"\" data-rel=\"lightbox-gallery-bGlnaHRib3gtZ2FsbGVyeS0x\" data-rl_title=\"\" data-rl_caption=\"\"><img loading=\"lazy\" decoding=\"async\" src=\"https:\/\/www.bambergorthodox.de\/wp-content\/uploads\/2019\/04\/PHOTO-2019-04-19-21-21-09-2-150x150.jpg\" width=\"150\" height=\"150\" alt=\"\" \/><\/a><\/div><div class=\"rl-gallery-item\"><a href=\"https:\/\/www.bambergorthodox.de\/wp-content\/uploads\/2019\/04\/PHOTO-2019-04-19-21-21-09.jpg\" title=\"\" data-rl_title=\"\" class=\"rl-gallery-link\" data-rl_caption=\"\" data-rel=\"lightbox-gallery-bGlnaHRib3gtZ2FsbGVyeS0x\" data-rl_title=\"\" data-rl_caption=\"\"><img loading=\"lazy\" decoding=\"async\" src=\"https:\/\/www.bambergorthodox.de\/wp-content\/uploads\/2019\/04\/PHOTO-2019-04-19-21-21-09-150x150.jpg\" width=\"150\" height=\"150\" alt=\"\" \/><\/a><\/div> <\/div> <\/div>\n<p>&nbsp;","protected":false},"excerpt":{"rendered":"<p>\u00cen parohia noastr\u0103 a devenit deja o tradi\u021bie frumoas\u0103 trimiterea de daruri c\u0103tre parohiile din \u021bar\u0103. La fel ca \u0219i la s\u0103rb\u0103toarea Na\u0219terii Domnului de anul trecut, \u00eenainte de sf\u00e2nta s\u0103rb\u0103toare a \u00cenvierii Domnului Iisus Hristos au fost d\u0103ruite credincio\u0219ilor parohiei cu hramul \u201eSf. Ier. Nicolae\u201d din localitatea Dragodana, protoieria G\u0103e\u0219ti, Arhiepiscopia T\u00e2rgovi\u0219tei, 81 de &#8230; <a class=\"read-more\" href=\"https:\/\/www.bambergorthodox.de\/?p=4064\">Read more&#8230;<\/a><\/p>\n","protected":false},"author":1,"featured_media":0,"comment_status":"closed","ping_status":"open","sticky":false,"template":"","format":"standard","meta":{"jetpack_post_was_ever_published":false,"_jetpack_newsletter_access":"","_jetpack_dont_email_post_to_subs":false,"_jetpack_newsletter_tier_id":0,"_jetpack_memberships_contains_paywalled_content":false,"_jetpack_memberships_contains_paid_content":false,"footnotes":"","jetpack_publicize_message":"","jetpack_publicize_feature_enabled":true,"jetpack_social_post_already_shared":true,"jetpack_social_options":{"image_generator_settings":{"template":"highway","default_image_id":0,"font":"","enabled":false},"version":2}},"categories":[5],"tags":[],"class_list":["post-4064","post","type-post","status-publish","format-standard","hentry","category-text_menue"],"jetpack_publicize_connections":[],"jetpack_featured_media_url":"","jetpack_sharing_enabled":true,"jetpack_shortlink":"https:\/\/wp.me\/p93ZOd-13y","_links":{"self":[{"href":"https:\/\/www.bambergorthodox.de\/index.php?rest_route=\/wp\/v2\/posts\/4064","targetHints":{"allow":["GET"]}}],"collection":[{"href":"https:\/\/www.bambergorthodox.de\/index.php?rest_route=\/wp\/v2\/posts"}],"about":[{"href":"https:\/\/www.bambergorthodox.de\/index.php?rest_route=\/wp\/v2\/types\/post"}],"author":[{"embeddable":true,"href":"https:\/\/www.bambergorthodox.de\/index.php?rest_route=\/wp\/v2\/users\/1"}],"replies":[{"embeddable":true,"href":"https:\/\/www.bambergorthodox.de\/index.php?rest_route=%2Fwp%2Fv2%2Fcomments&post=4064"}],"version-history":[{"count":6,"href":"https:\/\/www.bambergorthodox.de\/index.php?rest_route=\/wp\/v2\/posts\/4064\/revisions"}],"predecessor-version":[{"id":4071,"href":"https:\/\/www.bambergorthodox.de\/index.php?rest_route=\/wp\/v2\/posts\/4064\/revisions\/4071"}],"wp:attachment":[{"href":"https:\/\/www.bambergorthodox.de\/index.php?rest_route=%2Fwp%2Fv2%2Fmedia&parent=4064"}],"wp:term":[{"taxonomy":"category","embeddable":true,"href":"https:\/\/www.bambergorthodox.de\/index.php?rest_route=%2Fwp%2Fv2%2Fcategories&post=4064"},{"taxonomy":"post_tag","embeddable":true,"href":"https:\/\/www.bambergorthodox.de\/index.php?rest_route=%2Fwp%2Fv2%2Ftags&post=4064"}],"curies":[{"name":"wp","href":"https:\/\/api.w.org\/{rel}","templated":true}]}}