{"id":3979,"date":"2019-04-03T10:13:01","date_gmt":"2019-04-03T08:13:01","guid":{"rendered":"https:\/\/www.bambergorthodox.de\/?p=3979"},"modified":"2019-04-03T12:59:42","modified_gmt":"2019-04-03T10:59:42","slug":"mitropolitul-serafim-la-bamberg","status":"publish","type":"post","link":"https:\/\/www.bambergorthodox.de\/?p=3979","title":{"rendered":"Mitropolitul Serafim la Bamberg"},"content":{"rendered":"<a  href=\"https:\/\/www.bambergorthodox.de\/wp-content\/uploads\/2019\/04\/DSC04904.jpg\" data-rel=\"lightbox-gallery-1\" data-rl_title=\"\" data-rl_caption=\"\" title=\"\"><img loading=\"lazy\" decoding=\"async\" class=\"alignleft wp-image-3970 size-medium\" src=\"https:\/\/www.bambergorthodox.de\/wp-content\/uploads\/2019\/04\/DSC04904-300x200.jpg\" alt=\"\" width=\"300\" height=\"200\" srcset=\"https:\/\/www.bambergorthodox.de\/wp-content\/uploads\/2019\/04\/DSC04904-300x200.jpg 300w, https:\/\/www.bambergorthodox.de\/wp-content\/uploads\/2019\/04\/DSC04904-768x511.jpg 768w, https:\/\/www.bambergorthodox.de\/wp-content\/uploads\/2019\/04\/DSC04904-1024x682.jpg 1024w\" sizes=\"auto, (max-width: 300px) 100vw, 300px\" \/><\/a><em>Parohia noastr\u0103 a primit vizita P\u0103rintelui Mitropolit Serafim, Arhiepiscopul Germaniei, Austriei \u0219i Luxemburgului, \u00een duminica a treia a Postului Mare, duminica Sfintei Cruci. Ierarhul a slujit Sf\u00e2nta \u0219i dumnezeiasca Liturghie, al\u0103turi de preotul paroh Ionu\u021b P\u0103un \u0219i de p\u0103rintele diacon Dumitru Dura, secretarul Mitropoliei.<\/em><\/p>\n<p><!--more--><\/p>\n<p><em>\u00cen cuv\u00e2ntul de \u00eenv\u0103\u021b\u0103tur\u0103 de la sf\u00e2r\u0219itul slujbei, \u00cenaltpreasfin\u021bitul P\u0103rinte Serafim a \u00eendemnat credincio\u0219ii la purtarea crucii cu smerenie \u0219i r\u0103bdare, tot a\u0219a cum modelul nostru, M\u00e2ntuitorul Hristos, a f\u0103cut-o. Suferin\u021ba unuia dintre m\u0103dularele Trupului lui Hristos este \u00een acela\u0219i timp suferin\u021ba \u00eentregului Trup \u0219i de aceea suntem datori s\u0103 ne rug\u0103m pentru to\u021bi cei care sufer\u0103 sub orice form\u0103.<\/em><br \/>\nAcest \u00eendemn al Mitropolitului a ar\u0103tat c\u0103 participarea parohiei noastre la alinarea suferin\u021bei credincioasei Camelia, a reprezentat cu adev\u0103rat calea cea bun\u0103 de urmat pentru noi to\u021bi. Aceasta se afl\u0103 de mai mult timp internat\u0103 \u00een clinica din Bamberg, iar dou\u0103zeci \u00a0\u0219i cinci de familii s-au rugat cu post (\u00een perioada de dulce) pentru \u00eent\u0103rirea sufleteasc\u0103 \u0219i trupeasc\u0103 a ei. De asemenea, o \u00eemp\u0103rt\u0103\u0219im zilnic, spre ajutor \u0219i n\u0103dejde sf\u00e2nt\u0103.<\/p>\n<p>Mul\u021bumim \u00cenaltpreasfin\u021bitului pentru popasul duhovnicesc pe care l-a f\u0103cut \u00een parohia noastr\u0103, \u00een aceast\u0103 c\u0103l\u0103torie spre \u00cenvierea lui Hristos!<\/p>\n<p>Preot Ionu\u021b P\u0103un<\/p>\n<div class=\"rl-gallery-container rl-loading\" id=\"rl-gallery-container-1\" data-gallery_id=\"3982\"> <div class=\"rl-gallery rl-basicgrid-gallery \" id=\"rl-gallery-1\" data-gallery_no=\"1\"> <div class=\"rl-gallery-item\"><a href=\"https:\/\/www.bambergorthodox.de\/wp-content\/uploads\/2019\/04\/DSC04904.jpg\" title=\"\" data-rl_title=\"\" class=\"rl-gallery-link\" data-rl_caption=\"\" data-rel=\"lightbox-gallery-bGlnaHRib3gtZ2FsbGVyeS0x\" data-rl_title=\"\" data-rl_caption=\"\"><img loading=\"lazy\" decoding=\"async\" src=\"https:\/\/www.bambergorthodox.de\/wp-content\/uploads\/2019\/04\/DSC04904-300x200.jpg\" width=\"300\" height=\"200\" alt=\"\" \/><\/a><\/div><div class=\"rl-gallery-item\"><a href=\"https:\/\/www.bambergorthodox.de\/wp-content\/uploads\/2019\/04\/DSC04889-1.jpg\" title=\"\" data-rl_title=\"\" class=\"rl-gallery-link\" data-rl_caption=\"\" data-rel=\"lightbox-gallery-bGlnaHRib3gtZ2FsbGVyeS0x\" data-rl_title=\"\" data-rl_caption=\"\"><img loading=\"lazy\" decoding=\"async\" src=\"https:\/\/www.bambergorthodox.de\/wp-content\/uploads\/2019\/04\/DSC04889-1-300x200.jpg\" width=\"300\" height=\"200\" alt=\"\" \/><\/a><\/div><div class=\"rl-gallery-item\"><a href=\"https:\/\/www.bambergorthodox.de\/wp-content\/uploads\/2019\/04\/DSC04925.jpg\" title=\"\" data-rl_title=\"\" class=\"rl-gallery-link\" data-rl_caption=\"\" data-rel=\"lightbox-gallery-bGlnaHRib3gtZ2FsbGVyeS0x\" data-rl_title=\"\" data-rl_caption=\"\"><img loading=\"lazy\" decoding=\"async\" src=\"https:\/\/www.bambergorthodox.de\/wp-content\/uploads\/2019\/04\/DSC04925-300x200.jpg\" width=\"300\" height=\"200\" alt=\"\" \/><\/a><\/div><div class=\"rl-gallery-item\"><a href=\"https:\/\/www.bambergorthodox.de\/wp-content\/uploads\/2019\/04\/DSC04923-1.jpg\" title=\"\" data-rl_title=\"\" class=\"rl-gallery-link\" data-rl_caption=\"\" data-rel=\"lightbox-gallery-bGlnaHRib3gtZ2FsbGVyeS0x\" data-rl_title=\"\" data-rl_caption=\"\"><img loading=\"lazy\" decoding=\"async\" src=\"https:\/\/www.bambergorthodox.de\/wp-content\/uploads\/2019\/04\/DSC04923-1-300x200.jpg\" width=\"300\" height=\"200\" alt=\"\" \/><\/a><\/div><div class=\"rl-gallery-item\"><a href=\"https:\/\/www.bambergorthodox.de\/wp-content\/uploads\/2019\/04\/DSC04916-1.jpg\" title=\"\" data-rl_title=\"\" class=\"rl-gallery-link\" data-rl_caption=\"\" data-rel=\"lightbox-gallery-bGlnaHRib3gtZ2FsbGVyeS0x\" data-rl_title=\"\" data-rl_caption=\"\"><img loading=\"lazy\" decoding=\"async\" src=\"https:\/\/www.bambergorthodox.de\/wp-content\/uploads\/2019\/04\/DSC04916-1-300x200.jpg\" width=\"300\" height=\"200\" alt=\"\" \/><\/a><\/div><div class=\"rl-gallery-item\"><a href=\"https:\/\/www.bambergorthodox.de\/wp-content\/uploads\/2019\/04\/DSC04915-1.jpg\" title=\"\" data-rl_title=\"\" class=\"rl-gallery-link\" data-rl_caption=\"\" data-rel=\"lightbox-gallery-bGlnaHRib3gtZ2FsbGVyeS0x\" data-rl_title=\"\" data-rl_caption=\"\"><img loading=\"lazy\" decoding=\"async\" src=\"https:\/\/www.bambergorthodox.de\/wp-content\/uploads\/2019\/04\/DSC04915-1-300x200.jpg\" width=\"300\" height=\"200\" alt=\"\" \/><\/a><\/div><div class=\"rl-gallery-item\"><a href=\"https:\/\/www.bambergorthodox.de\/wp-content\/uploads\/2019\/04\/DSC04914-1.jpg\" title=\"\" data-rl_title=\"\" class=\"rl-gallery-link\" data-rl_caption=\"\" data-rel=\"lightbox-gallery-bGlnaHRib3gtZ2FsbGVyeS0x\" data-rl_title=\"\" data-rl_caption=\"\"><img loading=\"lazy\" decoding=\"async\" src=\"https:\/\/www.bambergorthodox.de\/wp-content\/uploads\/2019\/04\/DSC04914-1-300x200.jpg\" width=\"300\" height=\"200\" alt=\"\" \/><\/a><\/div><div class=\"rl-gallery-item\"><a href=\"https:\/\/www.bambergorthodox.de\/wp-content\/uploads\/2019\/04\/P3312393-1.jpg\" title=\"\" data-rl_title=\"\" class=\"rl-gallery-link\" data-rl_caption=\"\" data-rel=\"lightbox-gallery-bGlnaHRib3gtZ2FsbGVyeS0x\" data-rl_title=\"\" data-rl_caption=\"\"><img loading=\"lazy\" decoding=\"async\" src=\"https:\/\/www.bambergorthodox.de\/wp-content\/uploads\/2019\/04\/P3312393-1-300x225.jpg\" width=\"300\" height=\"225\" alt=\"\" \/><\/a><\/div><div class=\"rl-gallery-item\"><a href=\"https:\/\/www.bambergorthodox.de\/wp-content\/uploads\/2019\/04\/P3312396-1.jpg\" title=\"\" data-rl_title=\"\" class=\"rl-gallery-link\" data-rl_caption=\"\" data-rel=\"lightbox-gallery-bGlnaHRib3gtZ2FsbGVyeS0x\" data-rl_title=\"\" data-rl_caption=\"\"><img loading=\"lazy\" decoding=\"async\" src=\"https:\/\/www.bambergorthodox.de\/wp-content\/uploads\/2019\/04\/P3312396-1-300x225.jpg\" width=\"300\" height=\"225\" alt=\"\" \/><\/a><\/div><div class=\"rl-gallery-item\"><a href=\"https:\/\/www.bambergorthodox.de\/wp-content\/uploads\/2019\/04\/P3312398-1.jpg\" title=\"\" data-rl_title=\"\" class=\"rl-gallery-link\" data-rl_caption=\"\" data-rel=\"lightbox-gallery-bGlnaHRib3gtZ2FsbGVyeS0x\" data-rl_title=\"\" data-rl_caption=\"\"><img loading=\"lazy\" decoding=\"async\" src=\"https:\/\/www.bambergorthodox.de\/wp-content\/uploads\/2019\/04\/P3312398-1-300x225.jpg\" width=\"300\" height=\"225\" alt=\"\" \/><\/a><\/div><div class=\"rl-gallery-item\"><a href=\"https:\/\/www.bambergorthodox.de\/wp-content\/uploads\/2019\/04\/P3312399-1.jpg\" title=\"\" data-rl_title=\"\" class=\"rl-gallery-link\" data-rl_caption=\"\" data-rel=\"lightbox-gallery-bGlnaHRib3gtZ2FsbGVyeS0x\" data-rl_title=\"\" data-rl_caption=\"\"><img loading=\"lazy\" decoding=\"async\" src=\"https:\/\/www.bambergorthodox.de\/wp-content\/uploads\/2019\/04\/P3312399-1-300x225.jpg\" width=\"300\" height=\"225\" alt=\"\" \/><\/a><\/div><div class=\"rl-gallery-item\"><a href=\"https:\/\/www.bambergorthodox.de\/wp-content\/uploads\/2019\/04\/P3312400-1.jpg\" title=\"\" data-rl_title=\"\" class=\"rl-gallery-link\" data-rl_caption=\"\" data-rel=\"lightbox-gallery-bGlnaHRib3gtZ2FsbGVyeS0x\" data-rl_title=\"\" data-rl_caption=\"\"><img loading=\"lazy\" decoding=\"async\" src=\"https:\/\/www.bambergorthodox.de\/wp-content\/uploads\/2019\/04\/P3312400-1-300x225.jpg\" width=\"300\" height=\"225\" alt=\"\" \/><\/a><\/div><div class=\"rl-gallery-item\"><a href=\"https:\/\/www.bambergorthodox.de\/wp-content\/uploads\/2019\/04\/P3312402-1.jpg\" title=\"\" data-rl_title=\"\" class=\"rl-gallery-link\" data-rl_caption=\"\" data-rel=\"lightbox-gallery-bGlnaHRib3gtZ2FsbGVyeS0x\" data-rl_title=\"\" data-rl_caption=\"\"><img loading=\"lazy\" decoding=\"async\" src=\"https:\/\/www.bambergorthodox.de\/wp-content\/uploads\/2019\/04\/P3312402-1-300x225.jpg\" width=\"300\" height=\"225\" alt=\"\" \/><\/a><\/div><div class=\"rl-gallery-item\"><a href=\"https:\/\/www.bambergorthodox.de\/wp-content\/uploads\/2019\/04\/P3312405-1.jpg\" title=\"\" data-rl_title=\"\" class=\"rl-gallery-link\" data-rl_caption=\"\" data-rel=\"lightbox-gallery-bGlnaHRib3gtZ2FsbGVyeS0x\" data-rl_title=\"\" data-rl_caption=\"\"><img loading=\"lazy\" decoding=\"async\" src=\"https:\/\/www.bambergorthodox.de\/wp-content\/uploads\/2019\/04\/P3312405-1-300x225.jpg\" width=\"300\" height=\"225\" alt=\"\" \/><\/a><\/div><div class=\"rl-gallery-item\"><a href=\"https:\/\/www.bambergorthodox.de\/wp-content\/uploads\/2019\/04\/P3312406-1.jpg\" title=\"\" data-rl_title=\"\" class=\"rl-gallery-link\" data-rl_caption=\"\" data-rel=\"lightbox-gallery-bGlnaHRib3gtZ2FsbGVyeS0x\" data-rl_title=\"\" data-rl_caption=\"\"><img loading=\"lazy\" decoding=\"async\" src=\"https:\/\/www.bambergorthodox.de\/wp-content\/uploads\/2019\/04\/P3312406-1-300x225.jpg\" width=\"300\" height=\"225\" alt=\"\" \/><\/a><\/div><div class=\"rl-gallery-item\"><a href=\"https:\/\/www.bambergorthodox.de\/wp-content\/uploads\/2019\/04\/P3312407-1.jpg\" title=\"\" data-rl_title=\"\" class=\"rl-gallery-link\" data-rl_caption=\"\" data-rel=\"lightbox-gallery-bGlnaHRib3gtZ2FsbGVyeS0x\" data-rl_title=\"\" data-rl_caption=\"\"><img loading=\"lazy\" decoding=\"async\" src=\"https:\/\/www.bambergorthodox.de\/wp-content\/uploads\/2019\/04\/P3312407-1-300x225.jpg\" width=\"300\" height=\"225\" alt=\"\" \/><\/a><\/div> <\/div> <\/div>","protected":false},"excerpt":{"rendered":"<p>Parohia noastr\u0103 a primit vizita P\u0103rintelui Mitropolit Serafim, Arhiepiscopul Germaniei, Austriei \u0219i Luxemburgului, \u00een duminica a treia a Postului Mare, duminica Sfintei Cruci. Ierarhul a slujit Sf\u00e2nta \u0219i dumnezeiasca Liturghie, al\u0103turi de preotul paroh Ionu\u021b P\u0103un \u0219i de p\u0103rintele diacon Dumitru Dura, secretarul Mitropoliei.<\/p>\n","protected":false},"author":2,"featured_media":0,"comment_status":"closed","ping_status":"open","sticky":false,"template":"","format":"standard","meta":{"jetpack_post_was_ever_published":false,"_jetpack_newsletter_access":"","_jetpack_dont_email_post_to_subs":false,"_jetpack_newsletter_tier_id":0,"_jetpack_memberships_contains_paywalled_content":false,"_jetpack_memberships_contains_paid_content":false,"footnotes":"","jetpack_publicize_message":"","jetpack_publicize_feature_enabled":true,"jetpack_social_post_already_shared":true,"jetpack_social_options":{"image_generator_settings":{"template":"highway","default_image_id":0,"font":"","enabled":false},"version":2}},"categories":[5],"tags":[],"class_list":["post-3979","post","type-post","status-publish","format-standard","hentry","category-text_menue"],"jetpack_publicize_connections":[],"jetpack_featured_media_url":"","jetpack_sharing_enabled":true,"jetpack_shortlink":"https:\/\/wp.me\/p93ZOd-12b","_links":{"self":[{"href":"https:\/\/www.bambergorthodox.de\/index.php?rest_route=\/wp\/v2\/posts\/3979","targetHints":{"allow":["GET"]}}],"collection":[{"href":"https:\/\/www.bambergorthodox.de\/index.php?rest_route=\/wp\/v2\/posts"}],"about":[{"href":"https:\/\/www.bambergorthodox.de\/index.php?rest_route=\/wp\/v2\/types\/post"}],"author":[{"embeddable":true,"href":"https:\/\/www.bambergorthodox.de\/index.php?rest_route=\/wp\/v2\/users\/2"}],"replies":[{"embeddable":true,"href":"https:\/\/www.bambergorthodox.de\/index.php?rest_route=%2Fwp%2Fv2%2Fcomments&post=3979"}],"version-history":[{"count":8,"href":"https:\/\/www.bambergorthodox.de\/index.php?rest_route=\/wp\/v2\/posts\/3979\/revisions"}],"predecessor-version":[{"id":3989,"href":"https:\/\/www.bambergorthodox.de\/index.php?rest_route=\/wp\/v2\/posts\/3979\/revisions\/3989"}],"wp:attachment":[{"href":"https:\/\/www.bambergorthodox.de\/index.php?rest_route=%2Fwp%2Fv2%2Fmedia&parent=3979"}],"wp:term":[{"taxonomy":"category","embeddable":true,"href":"https:\/\/www.bambergorthodox.de\/index.php?rest_route=%2Fwp%2Fv2%2Fcategories&post=3979"},{"taxonomy":"post_tag","embeddable":true,"href":"https:\/\/www.bambergorthodox.de\/index.php?rest_route=%2Fwp%2Fv2%2Ftags&post=3979"}],"curies":[{"name":"wp","href":"https:\/\/api.w.org\/{rel}","templated":true}]}}