{"id":3945,"date":"2019-03-19T10:22:20","date_gmt":"2019-03-19T09:22:20","guid":{"rendered":"https:\/\/www.bambergorthodox.de\/?p=3945"},"modified":"2019-03-19T10:25:25","modified_gmt":"2019-03-19T09:25:25","slug":"klaus-kenneth-la-bamberg","status":"publish","type":"post","link":"https:\/\/www.bambergorthodox.de\/?p=3945","title":{"rendered":"Klaus Kenneth la Bamberg"},"content":{"rendered":"<p style=\"text-align: left;\"><a  href=\"https:\/\/www.bambergorthodox.de\/wp-content\/uploads\/2019\/03\/maxresdefault.jpg\" data-rel=\"lightbox-gallery-0\" data-rl_title=\"\" data-rl_caption=\"\" title=\"\"><img loading=\"lazy\" decoding=\"async\" class=\"size-medium wp-image-3946 alignleft\" src=\"https:\/\/www.bambergorthodox.de\/wp-content\/uploads\/2019\/03\/maxresdefault-300x169.jpg\" alt=\"\" width=\"300\" height=\"169\" srcset=\"https:\/\/www.bambergorthodox.de\/wp-content\/uploads\/2019\/03\/maxresdefault-300x169.jpg 300w, https:\/\/www.bambergorthodox.de\/wp-content\/uploads\/2019\/03\/maxresdefault-768x432.jpg 768w, https:\/\/www.bambergorthodox.de\/wp-content\/uploads\/2019\/03\/maxresdefault-1024x576.jpg 1024w, https:\/\/www.bambergorthodox.de\/wp-content\/uploads\/2019\/03\/maxresdefault.jpg 1280w\" sizes=\"auto, (max-width: 300px) 100vw, 300px\" \/><\/a>Klaus Kenneth \u00een Conferin\u021b\u0103 la biserica rom\u00e2neasc\u0103 din Bamberg.\u00a0S\u00e2mb\u0103t\u0103, 23 martie, orele 10:30<\/p>\n<p style=\"text-align: left;\">V\u0103 rog distribui\u021bi!\u00a0Pr. Paun<\/p>","protected":false},"excerpt":{"rendered":"<p>Klaus Kenneth \u00een Conferin\u021b\u0103 la biserica rom\u00e2neasc\u0103 din Bamberg.\u00a0S\u00e2mb\u0103t\u0103, 23 martie, orele 10:30 V\u0103 rog distribui\u021bi!\u00a0Pr. Paun<\/p>\n","protected":false},"author":2,"featured_media":0,"comment_status":"closed","ping_status":"open","sticky":false,"template":"","format":"standard","meta":{"jetpack_post_was_ever_published":false,"_jetpack_newsletter_access":"","_jetpack_dont_email_post_to_subs":false,"_jetpack_newsletter_tier_id":0,"_jetpack_memberships_contains_paywalled_content":false,"_jetpack_memberships_contains_paid_content":false,"footnotes":"","jetpack_publicize_message":"","jetpack_publicize_feature_enabled":true,"jetpack_social_post_already_shared":true,"jetpack_social_options":{"image_generator_settings":{"template":"highway","default_image_id":0,"font":"","enabled":false},"version":2}},"categories":[5],"tags":[],"class_list":["post-3945","post","type-post","status-publish","format-standard","hentry","category-text_menue"],"jetpack_publicize_connections":[],"jetpack_featured_media_url":"","jetpack_sharing_enabled":true,"jetpack_shortlink":"https:\/\/wp.me\/p93ZOd-11D","_links":{"self":[{"href":"https:\/\/www.bambergorthodox.de\/index.php?rest_route=\/wp\/v2\/posts\/3945","targetHints":{"allow":["GET"]}}],"collection":[{"href":"https:\/\/www.bambergorthodox.de\/index.php?rest_route=\/wp\/v2\/posts"}],"about":[{"href":"https:\/\/www.bambergorthodox.de\/index.php?rest_route=\/wp\/v2\/types\/post"}],"author":[{"embeddable":true,"href":"https:\/\/www.bambergorthodox.de\/index.php?rest_route=\/wp\/v2\/users\/2"}],"replies":[{"embeddable":true,"href":"https:\/\/www.bambergorthodox.de\/index.php?rest_route=%2Fwp%2Fv2%2Fcomments&post=3945"}],"version-history":[{"count":3,"href":"https:\/\/www.bambergorthodox.de\/index.php?rest_route=\/wp\/v2\/posts\/3945\/revisions"}],"predecessor-version":[{"id":3949,"href":"https:\/\/www.bambergorthodox.de\/index.php?rest_route=\/wp\/v2\/posts\/3945\/revisions\/3949"}],"wp:attachment":[{"href":"https:\/\/www.bambergorthodox.de\/index.php?rest_route=%2Fwp%2Fv2%2Fmedia&parent=3945"}],"wp:term":[{"taxonomy":"category","embeddable":true,"href":"https:\/\/www.bambergorthodox.de\/index.php?rest_route=%2Fwp%2Fv2%2Fcategories&post=3945"},{"taxonomy":"post_tag","embeddable":true,"href":"https:\/\/www.bambergorthodox.de\/index.php?rest_route=%2Fwp%2Fv2%2Ftags&post=3945"}],"curies":[{"name":"wp","href":"https:\/\/api.w.org\/{rel}","templated":true}]}}