{"id":3771,"date":"2018-11-22T21:20:15","date_gmt":"2018-11-22T20:20:15","guid":{"rendered":"https:\/\/www.bambergorthodox.de\/?p=3771"},"modified":"2018-11-22T22:03:32","modified_gmt":"2018-11-22T21:03:32","slug":"centenar-marea-unire-conferinta-si-expozitie-de-fotografie","status":"publish","type":"post","link":"https:\/\/www.bambergorthodox.de\/?p=3771","title":{"rendered":"Centenar Marea Unire | Conferin\u021b\u0103 \u0219i expozi\u021bie de fotografie"},"content":{"rendered":"<a  href=\"https:\/\/www.bambergorthodox.de\/wp-content\/uploads\/2018\/11\/60714-romnaia-hora-100.jpg\" data-rel=\"lightbox-gallery-0\" data-rl_title=\"\" data-rl_caption=\"\" title=\"\"><img loading=\"lazy\" decoding=\"async\" class=\"size-medium wp-image-3772 alignleft\" src=\"https:\/\/www.bambergorthodox.de\/wp-content\/uploads\/2018\/11\/60714-romnaia-hora-100-300x300.jpg\" alt=\"\" width=\"300\" height=\"300\" srcset=\"https:\/\/www.bambergorthodox.de\/wp-content\/uploads\/2018\/11\/60714-romnaia-hora-100-300x300.jpg 300w, https:\/\/www.bambergorthodox.de\/wp-content\/uploads\/2018\/11\/60714-romnaia-hora-100-150x150.jpg 150w, https:\/\/www.bambergorthodox.de\/wp-content\/uploads\/2018\/11\/60714-romnaia-hora-100.jpg 577w\" sizes=\"auto, (max-width: 300px) 100vw, 300px\" \/><\/a>S\u00e2mb\u0103t\u0103, 01 decembrie, orele 18:00, va avea loc la biserica noastra din Bamberg conferin\u021ba cu titlul &#8222;Centenar Marea Unire 1918-2018&#8221; \u0219i vernisajul expozi\u021biei inedite de fotografie despre Marea Unire de la 1918.<\/p>\n<p>Vor conferen\u021bia doi dintre enoria\u0219ii parohiei noastre: profesor de istorie Valeriu Primac \u0219i asist. univ. dr. Alexandru Anca.<\/p>\n<p>\u00cen aceea\u0219i zi, diminea\u021ba, va avea loc \u0219i \u00eent\u00e2lnirea lunar\u0103 a \u0218colii parohiale, \u00een cadrul c\u0103reia copiii vor afla detalii despre Marea Unire \u0219i vor confec\u021biona diferite obiecte pe aceast\u0103 tematic\u0103.<\/p>\n<p>V\u0103 a\u0219tept\u0103m cu drag!<\/p>\n<p>pr. P\u0103un","protected":false},"excerpt":{"rendered":"<p>S\u00e2mb\u0103t\u0103, 01 decembrie, orele 18:00, va avea loc la biserica noastra din Bamberg conferin\u021ba cu titlul &#8222;Centenar Marea Unire 1918-2018&#8221; \u0219i vernisajul expozi\u021biei inedite de fotografie despre Marea Unire de la 1918. Vor conferen\u021bia doi dintre enoria\u0219ii parohiei noastre: profesor de istorie Valeriu Primac \u0219i asist. univ. dr. Alexandru Anca. \u00cen aceea\u0219i zi, diminea\u021ba, va &#8230; <a class=\"read-more\" href=\"https:\/\/www.bambergorthodox.de\/?p=3771\">Read more&#8230;<\/a><\/p>\n","protected":false},"author":2,"featured_media":0,"comment_status":"closed","ping_status":"open","sticky":false,"template":"","format":"standard","meta":{"jetpack_post_was_ever_published":false,"_jetpack_newsletter_access":"","_jetpack_dont_email_post_to_subs":false,"_jetpack_newsletter_tier_id":0,"_jetpack_memberships_contains_paywalled_content":false,"_jetpack_memberships_contains_paid_content":false,"footnotes":"","jetpack_publicize_message":"","jetpack_publicize_feature_enabled":true,"jetpack_social_post_already_shared":true,"jetpack_social_options":{"image_generator_settings":{"template":"highway","default_image_id":0,"font":"","enabled":false},"version":2}},"categories":[5],"tags":[],"class_list":["post-3771","post","type-post","status-publish","format-standard","hentry","category-text_menue"],"jetpack_publicize_connections":[],"jetpack_featured_media_url":"","jetpack_sharing_enabled":true,"jetpack_shortlink":"https:\/\/wp.me\/p93ZOd-YP","_links":{"self":[{"href":"https:\/\/www.bambergorthodox.de\/index.php?rest_route=\/wp\/v2\/posts\/3771","targetHints":{"allow":["GET"]}}],"collection":[{"href":"https:\/\/www.bambergorthodox.de\/index.php?rest_route=\/wp\/v2\/posts"}],"about":[{"href":"https:\/\/www.bambergorthodox.de\/index.php?rest_route=\/wp\/v2\/types\/post"}],"author":[{"embeddable":true,"href":"https:\/\/www.bambergorthodox.de\/index.php?rest_route=\/wp\/v2\/users\/2"}],"replies":[{"embeddable":true,"href":"https:\/\/www.bambergorthodox.de\/index.php?rest_route=%2Fwp%2Fv2%2Fcomments&post=3771"}],"version-history":[{"count":6,"href":"https:\/\/www.bambergorthodox.de\/index.php?rest_route=\/wp\/v2\/posts\/3771\/revisions"}],"predecessor-version":[{"id":3778,"href":"https:\/\/www.bambergorthodox.de\/index.php?rest_route=\/wp\/v2\/posts\/3771\/revisions\/3778"}],"wp:attachment":[{"href":"https:\/\/www.bambergorthodox.de\/index.php?rest_route=%2Fwp%2Fv2%2Fmedia&parent=3771"}],"wp:term":[{"taxonomy":"category","embeddable":true,"href":"https:\/\/www.bambergorthodox.de\/index.php?rest_route=%2Fwp%2Fv2%2Fcategories&post=3771"},{"taxonomy":"post_tag","embeddable":true,"href":"https:\/\/www.bambergorthodox.de\/index.php?rest_route=%2Fwp%2Fv2%2Ftags&post=3771"}],"curies":[{"name":"wp","href":"https:\/\/api.w.org\/{rel}","templated":true}]}}